{"id":399,"date":"2011-02-07T21:15:24","date_gmt":"2011-02-07T20:15:24","guid":{"rendered":"http:\/\/www.rjs.de\/fliegerblog\/?p=399"},"modified":"2011-02-07T21:15:24","modified_gmt":"2011-02-07T20:15:24","slug":"gute-entscheidung","status":"publish","type":"post","link":"https:\/\/fliegerblog.rjs.de\/?p=399","title":{"rendered":"Gute Entscheidung"},"content":{"rendered":"<p><a onblur=\"try {parent.deselectBloggerImageGracefully();} catch(e) {}\" href=\"https:\/\/i0.wp.com\/4.bp.blogspot.com\/_lY4VOIwoBZk\/TVDljhy7SFI\/AAAAAAAAAfs\/Ai274nKjmNo\/s1600\/Foto102.jpg\"><img decoding=\"async\" style=\"float:right; margin:0 0 10px 10px;cursor:pointer; cursor:hand;width: 320px; height: 240px;\" src=\"https:\/\/i0.wp.com\/4.bp.blogspot.com\/_lY4VOIwoBZk\/TVDljhy7SFI\/AAAAAAAAAfs\/Ai274nKjmNo\/s320\/Foto102.jpg?w=840\" border=\"0\" alt=\"\"id=\"BLOGGER_PHOTO_ID_5571205137587456082\" data-recalc-dims=\"1\" \/><\/a><br \/>\n<a onblur=\"try {parent.deselectBloggerImageGracefully();} catch(e) {}\" href=\"https:\/\/i0.wp.com\/3.bp.blogspot.com\/_lY4VOIwoBZk\/TVDlArAmKgI\/AAAAAAAAAfk\/wrNJKgu4XQQ\/s1600\/Foto101.jpg\"><img decoding=\"async\" style=\"float:left; margin:0 10px 10px 0;cursor:pointer; cursor:hand;width: 320px; height: 240px;\" src=\"https:\/\/i0.wp.com\/3.bp.blogspot.com\/_lY4VOIwoBZk\/TVDlArAmKgI\/AAAAAAAAAfk\/wrNJKgu4XQQ\/s320\/Foto101.jpg?w=840\" border=\"0\" alt=\"\"id=\"BLOGGER_PHOTO_ID_5571204538765289986\" data-recalc-dims=\"1\" \/><\/a><br \/>\n<a onblur=\"try {parent.deselectBloggerImageGracefully();} catch(e) {}\" href=\"https:\/\/i0.wp.com\/4.bp.blogspot.com\/_lY4VOIwoBZk\/TVDlATRwFqI\/AAAAAAAAAfc\/LaZrH4nkqWk\/s1600\/Foto100.jpg\"><img decoding=\"async\" style=\"float:left; margin:0 10px 10px 0;cursor:pointer; cursor:hand;width: 320px; height: 240px;\" src=\"https:\/\/i0.wp.com\/4.bp.blogspot.com\/_lY4VOIwoBZk\/TVDlATRwFqI\/AAAAAAAAAfc\/LaZrH4nkqWk\/s320\/Foto100.jpg?w=840\" border=\"0\" alt=\"\"id=\"BLOGGER_PHOTO_ID_5571204532394792610\" data-recalc-dims=\"1\" \/><\/a><br \/>\n<a onblur=\"try {parent.deselectBloggerImageGracefully();} catch(e) {}\" href=\"https:\/\/i0.wp.com\/2.bp.blogspot.com\/_lY4VOIwoBZk\/TVDlAPSjbjI\/AAAAAAAAAfU\/u4Dp3UL33I8\/s1600\/Foto067.jpg\"><img decoding=\"async\" style=\"float:left; margin:0 10px 10px 0;cursor:pointer; cursor:hand;width: 320px; height: 240px;\" src=\"https:\/\/i0.wp.com\/2.bp.blogspot.com\/_lY4VOIwoBZk\/TVDlAPSjbjI\/AAAAAAAAAfU\/u4Dp3UL33I8\/s320\/Foto067.jpg?w=840\" border=\"0\" alt=\"\"id=\"BLOGGER_PHOTO_ID_5571204531324415538\" data-recalc-dims=\"1\" \/><\/a><br \/>\n<a onblur=\"try {parent.deselectBloggerImageGracefully();} catch(e) {}\" href=\"https:\/\/i0.wp.com\/4.bp.blogspot.com\/_lY4VOIwoBZk\/TVDk_k0PA8I\/AAAAAAAAAfM\/Bu3r-q5F5UA\/s1600\/Foto034.jpg\"><img decoding=\"async\" style=\"float:left; margin:0 10px 10px 0;cursor:pointer; cursor:hand;width: 320px; height: 240px;\" src=\"https:\/\/i0.wp.com\/4.bp.blogspot.com\/_lY4VOIwoBZk\/TVDk_k0PA8I\/AAAAAAAAAfM\/Bu3r-q5F5UA\/s320\/Foto034.jpg?w=840\" border=\"0\" alt=\"\"id=\"BLOGGER_PHOTO_ID_5571204519922959298\" data-recalc-dims=\"1\" \/><\/a><br \/>\n<a onblur=\"try {parent.deselectBloggerImageGracefully();} catch(e) {}\" href=\"https:\/\/i0.wp.com\/1.bp.blogspot.com\/_lY4VOIwoBZk\/TVDk_nvAsWI\/AAAAAAAAAfE\/oXPfvsPX6os\/s1600\/Foto032.jpg\"><img decoding=\"async\" style=\"float:left; margin:0 10px 10px 0;cursor:pointer; cursor:hand;width: 320px; height: 240px;\" src=\"https:\/\/i0.wp.com\/1.bp.blogspot.com\/_lY4VOIwoBZk\/TVDk_nvAsWI\/AAAAAAAAAfE\/oXPfvsPX6os\/s320\/Foto032.jpg?w=840\" border=\"0\" alt=\"\"id=\"BLOGGER_PHOTO_ID_5571204520706355554\" data-recalc-dims=\"1\" \/><\/a><br \/>\nWar ne gute Entscheidung heute nochmal an den Hang in Reichenbach zu gehen. War etwas unschl\u00fcssig ob der bockigen Bedingungen gestern. Aber heute hat es sich gelohnt. Wind stand gut auf dem Hang, insgesamt gute St\u00e4rke, B\u00f6en beherrschbar, strahlender Sonnenschein. <\/p>\n<p>War von 12:45 bis 16:00 Uhr da. Ging teilweise (insbesondere am Anfang) richtig, richtig gut. Hab das erste Mal gezielt eine richtige Toplandung an dem Hang gemacht, nachdem ich rechts \u00fcber der Ecke H\u00f6he gemacht hatte (naja fast &#8211; haben vielleicht 5 Meter gefehlt). <\/p>\n<p>Wir haben um 16:00 Uhr aufgeh\u00f6rt, weil ungew\u00f6hnlicher Weise bis dahin die Wetterprognosen exakt eingetroffen sind und ab 16:00 Uhr Wind und B\u00f6en zunehmen sollten. Au\u00dferdem waren wir ob der st\u00e4ndigen Ackerei am Hang fix und fertig. K\u00e4mpfe gerade wieder mit Kr\u00e4mpfen, aber das war es wert.<\/p>\n","protected":false},"excerpt":{"rendered":"<p>War ne gute Entscheidung heute nochmal an den Hang in Reichenbach zu gehen. War etwas unschl\u00fcssig ob der bockigen Bedingungen gestern. Aber heute hat es sich gelohnt. Wind stand gut auf dem Hang, insgesamt gute St\u00e4rke, B\u00f6en beherrschbar, strahlender Sonnenschein. War von 12:45 bis 16:00 Uhr da. Ging teilweise (insbesondere am Anfang) richtig, richtig gut. &hellip; <a href=\"https:\/\/fliegerblog.rjs.de\/?p=399\" class=\"more-link\"><span class=\"screen-reader-text\">\u201eGute Entscheidung\u201c<\/span> weiterlesen<\/a><\/p>\n","protected":false},"author":1,"featured_media":0,"comment_status":"open","ping_status":"open","sticky":false,"template":"","format":"standard","meta":{"jetpack_post_was_ever_published":false,"footnotes":"","jetpack_publicize_message":"","jetpack_is_tweetstorm":false,"jetpack_publicize_feature_enabled":true,"jetpack_social_options":[]},"categories":[2],"tags":[],"class_list":["post-399","post","type-post","status-publish","format-standard","hentry","category-allgemein"],"jetpack_publicize_connections":[],"jetpack_featured_media_url":"","jetpack_shortlink":"https:\/\/wp.me\/p788kK-6r","jetpack-related-posts":[{"id":758,"url":"https:\/\/fliegerblog.rjs.de\/?p=758","url_meta":{"origin":399,"position":0},"title":"Winde oder Hang?","date":"April 25, 2014","format":false,"excerpt":"Das war heute die Frage. Bei den Gleitschirmfreunden Taunusstein war in Laufenselden Schleppen angesetzt. Aber die Prognosen sahen nach Ost bis teils SO aus. Zudem sollte der Wind in B\u00f6en recht kr\u00e4ftig werden. Die Bahn ist nach NO ausgerichtet und von daher war ich nicht ganz \u00fcberzeugt, dass das eine\u2026","rel":"","context":"In &quot;Allgemein&quot;","img":{"alt_text":"","src":"","width":0,"height":0},"classes":[]},{"id":959,"url":"https:\/\/fliegerblog.rjs.de\/?p=959","url_meta":{"origin":399,"position":1},"title":"Suboptimales Flugwochenende","date":"Juli 11, 2015","format":false,"excerpt":"Nein, das Flugwochenende ist f\u00fcr mich nicht gut gelaufen. Gestern wollte ich in Laufenselden zum Schleppen und es waren wohl auch richtig gute Bedingungen. Supersch\u00f6ne Sonne und klare Luft. Aber ein privates Malheur hat mich den ganzen Tag gefesselt und als das gegen 16:00 Uhr bereinigt war, war es zu\u2026","rel":"","context":"In &quot;Allgemein&quot;","img":{"alt_text":"","src":"","width":0,"height":0},"classes":[]},{"id":1708,"url":"https:\/\/fliegerblog.rjs.de\/?p=1708","url_meta":{"origin":399,"position":2},"title":"Kurzsession","date":"Mai 20, 2020","format":false,"excerpt":"Nachdem ich gestern gekniffen habe, bin ich heute an dem MFK. Gestern hatte der gro\u00dfe Kopf B\u00f6en mit 37 Km\/h gemeldet und auch am Hang sollte es bis 20:00 Uhr immer wieder B\u00f6en in der St\u00e4rke geben. Das war mir zu viel, wenngleich ich sp\u00e4ter gesehen habe, dass ein paar\u2026","rel":"","context":"\u00c4hnlicher Beitrag","img":{"alt_text":"","src":"https:\/\/i0.wp.com\/1.bp.blogspot.com\/-PDKPwvFHTSA\/XsVl9HM7BUI\/AAAAAAAAFaM\/vP8YMMZl4AAj9iBJN8uBYdRpaAvPOqLSQCLcBGAsYHQ\/s320\/GOPR4136.JPG?resize=350%2C200&ssl=1","width":350,"height":200},"classes":[]},{"id":830,"url":"https:\/\/fliegerblog.rjs.de\/?p=830","url_meta":{"origin":399,"position":3},"title":"Winde statt K\u00fcste und Alpen","date":"September 25, 2014","format":false,"excerpt":"Diese Woche wollte ich eigentlich zum Soaren nach Holland an die K\u00fcste. Aber da ist mir ein Auftrag in die Quere gekommen, dessen Bestechungsgeld auf dem Level war, dass ich als vern\u00fcnftiger Freiberufler einfach nicht ablehnen konnte. Selbst wenn die \u00dcberschneidung aus letzter Woche nur den Montag beinhaltet hatte, war\u2026","rel":"","context":"In &quot;Allgemein&quot;","img":{"alt_text":"","src":"https:\/\/i0.wp.com\/4.bp.blogspot.com\/-r4Te6B60YIk\/VCRiv49th9I\/AAAAAAAAB6I\/evYucpZbpRM\/s1600\/GOPR5768.JPG?resize=350%2C200","width":350,"height":200},"classes":[]},{"id":952,"url":"https:\/\/fliegerblog.rjs.de\/?p=952","url_meta":{"origin":399,"position":4},"title":"Sauber","date":"M\u00e4rz 3, 2009","format":false,"excerpt":"Guter SW, Sonne und 6 Schirme am Hang in Reichenbach. Das hat sich heute \u00fcber Mittag gelohnt. F\u00fcr den Hang richtig gute Bedingungen. Ging sogar richtiges Soaren. Weit besser als das sonst leider oft \u00fcbliche Abgleitniveau.","rel":"","context":"In &quot;Allgemein&quot;","img":{"alt_text":"","src":"","width":0,"height":0},"classes":[]},{"id":127,"url":"https:\/\/fliegerblog.rjs.de\/?p=127","url_meta":{"origin":399,"position":5},"title":"Sontagsfliegen in RB","date":"Januar 7, 2007","format":false,"excerpt":"War schon wieder in Reichenbach. Der Wind kommt einfach nur aus SW. Ich glaube es nicht.Der Hang hat zwar nur ca. 70 H\u00f6henmeter (wenn \u00fcberhaupt) und man fliegt etwa 1 - 3 Minuten (dann muss es aber schon gut gehen), aber hier geht halt immer was zwischen s und w.Und\u2026","rel":"","context":"In &quot;Allgemein&quot;","img":{"alt_text":"","src":"","width":0,"height":0},"classes":[]}],"_links":{"self":[{"href":"https:\/\/fliegerblog.rjs.de\/index.php?rest_route=\/wp\/v2\/posts\/399","targetHints":{"allow":["GET"]}}],"collection":[{"href":"https:\/\/fliegerblog.rjs.de\/index.php?rest_route=\/wp\/v2\/posts"}],"about":[{"href":"https:\/\/fliegerblog.rjs.de\/index.php?rest_route=\/wp\/v2\/types\/post"}],"author":[{"embeddable":true,"href":"https:\/\/fliegerblog.rjs.de\/index.php?rest_route=\/wp\/v2\/users\/1"}],"replies":[{"embeddable":true,"href":"https:\/\/fliegerblog.rjs.de\/index.php?rest_route=%2Fwp%2Fv2%2Fcomments&post=399"}],"version-history":[{"count":0,"href":"https:\/\/fliegerblog.rjs.de\/index.php?rest_route=\/wp\/v2\/posts\/399\/revisions"}],"wp:attachment":[{"href":"https:\/\/fliegerblog.rjs.de\/index.php?rest_route=%2Fwp%2Fv2%2Fmedia&parent=399"}],"wp:term":[{"taxonomy":"category","embeddable":true,"href":"https:\/\/fliegerblog.rjs.de\/index.php?rest_route=%2Fwp%2Fv2%2Fcategories&post=399"},{"taxonomy":"post_tag","embeddable":true,"href":"https:\/\/fliegerblog.rjs.de\/index.php?rest_route=%2Fwp%2Fv2%2Ftags&post=399"}],"curies":[{"name":"wp","href":"https:\/\/api.w.org\/{rel}","templated":true}]}}