{"id":398,"date":"2011-02-06T20:33:47","date_gmt":"2011-02-06T19:33:47","guid":{"rendered":"http:\/\/www.rjs.de\/fliegerblog\/?p=398"},"modified":"2011-02-06T20:33:47","modified_gmt":"2011-02-06T19:33:47","slug":"erst-lange-diskutiert-das-lange-gewartet-und-dann-doch-geflogen","status":"publish","type":"post","link":"https:\/\/fliegerblog.rjs.de\/?p=398","title":{"rendered":"Erst lange diskutiert, das lange gewartet und dann doch geflogen"},"content":{"rendered":"<p><a onblur=\"try {parent.deselectBloggerImageGracefully();} catch(e) {}\" href=\"https:\/\/i0.wp.com\/1.bp.blogspot.com\/-V_gZ7CE6GwU\/TVRFIq98iRI\/AAAAAAAAAf8\/35kiqUjtJB8\/s1600\/34.jpg\"><img decoding=\"async\" style=\"float:left; margin:0 10px 10px 0;cursor:pointer; cursor:hand;width: 320px; height: 180px;\" src=\"https:\/\/i0.wp.com\/1.bp.blogspot.com\/-V_gZ7CE6GwU\/TVRFIq98iRI\/AAAAAAAAAf8\/35kiqUjtJB8\/s320\/34.jpg?w=840\" border=\"0\" alt=\"\"id=\"BLOGGER_PHOTO_ID_5572154654239525138\" data-recalc-dims=\"1\" \/><\/a><br \/>\nDie ganze Woche stand das Wochenende als Option f\u00fcr Fliegen in Reichenbach im Raum. Letztendlich waren die Bedingungen aber bis heute nicht geeignet. Und auch heute war lange offen, ob es sich lohnt. Am Vormittag waren mir die Bedingungen zu heftig und nach R\u00fcckmeldungen von ein paar wenigen, die am Hang waren, war es auch nicht fliegbar. Im Forum haben wir endlich diskutiert und als es eigentlich klar war, dass wir es heute lassen, ging es Hals-\u00fcber-Kopf doch an den Hang. Ich war dann so gegen 14:45 Uhr da. Und ich habe selten so viele Flieger da gesehen. Waren deutlich \u00fcber 15 Flieger am Hang &#8211; ich hatte vieleich 3 &#8211; 4 erwartet.<\/p>\n<p>Die Bedingungen waren jedoch nicht berauschend. Am Anfang war der Wind zu stark und \u00fcber die ganze Zeit zu westlich. Aber so ab 16:00 Uhr konnte man einigerma\u00dfen Fliegen. Ging nur teils ganz sch\u00f6n nach oben und dann leider wieder ziemlich schnell nach unten. Nicht unbedingt angenehm. Ich bin auch einmal bei Start 5 Meter noch oben gezogen worden, muss dort einen Frontklapper bekommen haben und direkt durchgesackt. Kurz vor dem Boden hat der Schirm wohl wieder getragen und ich habe den Aufprall zudem gut abgefangen. Aber auch andere sind ziemlich auf und ab gewirbelt worden.<\/p>\n<p>Trotzdem &#8211; bei Sonne und f\u00fcr die Jahreszeit ziemlich warmen Temperaturen in der Luft gewesen ist ok.<\/p>\n","protected":false},"excerpt":{"rendered":"<p>Die ganze Woche stand das Wochenende als Option f\u00fcr Fliegen in Reichenbach im Raum. Letztendlich waren die Bedingungen aber bis heute nicht geeignet. Und auch heute war lange offen, ob es sich lohnt. Am Vormittag waren mir die Bedingungen zu heftig und nach R\u00fcckmeldungen von ein paar wenigen, die am Hang waren, war es auch &hellip; <a href=\"https:\/\/fliegerblog.rjs.de\/?p=398\" class=\"more-link\"><span class=\"screen-reader-text\">\u201eErst lange diskutiert, das lange gewartet und dann doch geflogen\u201c<\/span> weiterlesen<\/a><\/p>\n","protected":false},"author":1,"featured_media":0,"comment_status":"open","ping_status":"open","sticky":false,"template":"","format":"standard","meta":{"jetpack_post_was_ever_published":false,"footnotes":"","jetpack_publicize_message":"","jetpack_is_tweetstorm":false,"jetpack_publicize_feature_enabled":true,"jetpack_social_options":[]},"categories":[2],"tags":[],"class_list":["post-398","post","type-post","status-publish","format-standard","hentry","category-allgemein"],"jetpack_publicize_connections":[],"jetpack_featured_media_url":"","jetpack_shortlink":"https:\/\/wp.me\/p788kK-6q","jetpack-related-posts":[{"id":311,"url":"https:\/\/fliegerblog.rjs.de\/?p=311","url_meta":{"origin":398,"position":0},"title":"Best Day ever in MF?","date":"April 16, 2010","format":false,"excerpt":"War heute ab etwa 13:30 Uhr am MFK. Da war gerade ein Flieger schon da, den ich aber nicht gekannt habe. Bis zum Abend kamen jedoch gut 20 Flieger an den Hang, denn bei den RMLern wurde der heutige Tag im Vorfeld ziemlich beworben. Und das wohl nicht zu unrecht,\u2026","rel":"","context":"In &quot;Allgemein&quot;","img":{"alt_text":"","src":"","width":0,"height":0},"classes":[]},{"id":1553,"url":"https:\/\/fliegerblog.rjs.de\/?p=1553","url_meta":{"origin":398,"position":1},"title":"Mit dem Mopped zur Gel\u00e4ndeerprobung","date":"Februar 17, 2019","format":false,"excerpt":"Nachdem ich schon die letzten zwei Tage mit dem Schirm unterwegs war, wollte ich heute eigentlich nicht zum Fliegen raus. Mir stand der Sinn mehr nach Moppedfahren. Denn einmal musste die Batterie der W800 mal wieder geladen werden - das lange Stehen im Winter zollt Tribut. Und zudem bin ich\u2026","rel":"","context":"\u00c4hnlicher Beitrag","img":{"alt_text":"","src":"https:\/\/i0.wp.com\/2.bp.blogspot.com\/-An_D1bflYTM\/XGmD9sHcoFI\/AAAAAAAAEd0\/OaMIvhHhZ1UjOrj8e2Q_rqElq3pKks3ZQCLcBGAs\/s320\/GOPR6060.JPG?resize=350%2C200&ssl=1","width":350,"height":200},"classes":[]},{"id":965,"url":"https:\/\/fliegerblog.rjs.de\/?p=965","url_meta":{"origin":398,"position":2},"title":"Super Ausbeute","date":"Juli 26, 2015","format":false,"excerpt":"Leider ist unser S\u00fcdwesthang in Reichenbach immer noch nicht gem\u00e4ht und damit derzeit nur sehr eingeschr\u00e4nkt zu nutzen. Es gilt daher die Vorgabe, dass wir nur von den Wegen starten und nur auf den Wegen oder der unteren Landewiese landen d\u00fcrfen. Das verhindert leider ein Groundhandling und Spielen, was ich\u2026","rel":"","context":"In &quot;Allgemein&quot;","img":{"alt_text":"","src":"","width":0,"height":0},"classes":[]},{"id":1762,"url":"https:\/\/fliegerblog.rjs.de\/?p=1762","url_meta":{"origin":398,"position":3},"title":"DWWAHG!","date":"November 21, 2020","format":false,"excerpt":"Freitag hatte ich bereits in unsere WhatsApp-Gruppe gepostet, dass ich den Samstag wegen Reichenbach im Auge behalten w\u00fcrde. Die Prognosen sahen nicht schlecht aus. Aber im Laufe des Tages wurden die vorhergesagten B\u00f6en immer kr\u00e4ftiger. Bis Samstagmorgen wurden - je nach Wettermodell - B\u00f6en \u00fcber 45 km\/h prognostiziert. Und nachdem\u2026","rel":"","context":"\u00c4hnlicher Beitrag","img":{"alt_text":"","src":"https:\/\/i0.wp.com\/1.bp.blogspot.com\/-9OMcslohAgA\/X7oPD25uzYI\/AAAAAAAAFv8\/6g_ADbK4GPQzHtFx_FibeT-5dWqv6JYOACLcBGAsYHQ\/w690-h388\/WhatsApp%2BImage%2B2020-11-21%2Bat%2B17.06.43%2B%25284%2529.jpeg?resize=350%2C200&ssl=1","width":350,"height":200},"classes":[]},{"id":749,"url":"https:\/\/fliegerblog.rjs.de\/?p=749","url_meta":{"origin":398,"position":4},"title":"Anstrengend","date":"M\u00e4rz 29, 2014","format":false,"excerpt":"Ich war heute von etwa 10:45 Uhr bis 17:00 Uhr in Eschbach und hab \u00fcber den Tag auch einige Airtime gesammelt. Dennoch war der Tag heute nicht so entspannend wie sonst. Die Fliegerei fand ich ziemlich anstrengend, weil die Bedingungen alles andere als laminar waren. Zum Einen kam der Wind\u2026","rel":"","context":"In &quot;Allgemein&quot;","img":{"alt_text":"","src":"","width":0,"height":0},"classes":[]},{"id":225,"url":"https:\/\/fliegerblog.rjs.de\/?p=225","url_meta":{"origin":398,"position":5},"title":"Doppelsession in Reichenbach","date":"September 2, 2009","format":false,"excerpt":"War heute zwischen 10:45 - 12:45 Uhr in Reichenbach am Hang. Hatte 4 - 5 perfekte Fl\u00fcge und der Rest war noch besser ;-). Oder anders - da sind bei mir meist die gelben Alarmlampen an gewesen. War dann doch sehr anspruchsvoll. Am anfang war kaum Wind und dennoch bin\u2026","rel":"","context":"In &quot;Allgemein&quot;","img":{"alt_text":"","src":"","width":0,"height":0},"classes":[]}],"_links":{"self":[{"href":"https:\/\/fliegerblog.rjs.de\/index.php?rest_route=\/wp\/v2\/posts\/398","targetHints":{"allow":["GET"]}}],"collection":[{"href":"https:\/\/fliegerblog.rjs.de\/index.php?rest_route=\/wp\/v2\/posts"}],"about":[{"href":"https:\/\/fliegerblog.rjs.de\/index.php?rest_route=\/wp\/v2\/types\/post"}],"author":[{"embeddable":true,"href":"https:\/\/fliegerblog.rjs.de\/index.php?rest_route=\/wp\/v2\/users\/1"}],"replies":[{"embeddable":true,"href":"https:\/\/fliegerblog.rjs.de\/index.php?rest_route=%2Fwp%2Fv2%2Fcomments&post=398"}],"version-history":[{"count":0,"href":"https:\/\/fliegerblog.rjs.de\/index.php?rest_route=\/wp\/v2\/posts\/398\/revisions"}],"wp:attachment":[{"href":"https:\/\/fliegerblog.rjs.de\/index.php?rest_route=%2Fwp%2Fv2%2Fmedia&parent=398"}],"wp:term":[{"taxonomy":"category","embeddable":true,"href":"https:\/\/fliegerblog.rjs.de\/index.php?rest_route=%2Fwp%2Fv2%2Fcategories&post=398"},{"taxonomy":"post_tag","embeddable":true,"href":"https:\/\/fliegerblog.rjs.de\/index.php?rest_route=%2Fwp%2Fv2%2Ftags&post=398"}],"curies":[{"name":"wp","href":"https:\/\/api.w.org\/{rel}","templated":true}]}}