{"id":397,"date":"2011-02-02T16:53:27","date_gmt":"2011-02-02T15:53:27","guid":{"rendered":"http:\/\/www.rjs.de\/fliegerblog\/?p=397"},"modified":"2011-02-02T16:53:27","modified_gmt":"2011-02-02T15:53:27","slug":"schirm-ist-wieder-da","status":"publish","type":"post","link":"https:\/\/fliegerblog.rjs.de\/?p=397","title":{"rendered":"Schirm ist wieder da"},"content":{"rendered":"<p>Endlich! Mein Schirm ist vom Check zur\u00fcck. Ein Schei\u00dfgef\u00fchl ohne Fl\u00fcgel dazustehen. Jetzt muss nur noch das Wetter wieder besser werden.<\/p>\n","protected":false},"excerpt":{"rendered":"<p>Endlich! Mein Schirm ist vom Check zur\u00fcck. Ein Schei\u00dfgef\u00fchl ohne Fl\u00fcgel dazustehen. Jetzt muss nur noch das Wetter wieder besser werden.<\/p>\n","protected":false},"author":1,"featured_media":0,"comment_status":"open","ping_status":"open","sticky":false,"template":"","format":"standard","meta":{"jetpack_post_was_ever_published":false,"footnotes":"","jetpack_publicize_message":"","jetpack_is_tweetstorm":false,"jetpack_publicize_feature_enabled":true,"jetpack_social_options":[]},"categories":[2],"tags":[],"class_list":["post-397","post","type-post","status-publish","format-standard","hentry","category-allgemein"],"jetpack_publicize_connections":[],"jetpack_featured_media_url":"","jetpack_shortlink":"https:\/\/wp.me\/p788kK-6p","jetpack-related-posts":[{"id":907,"url":"https:\/\/fliegerblog.rjs.de\/?p=907","url_meta":{"origin":397,"position":0},"title":"Gegrounded und cheated","date":"April 5, 2015","format":false,"excerpt":"Letzte Woche war ich mit der Familie in Norderney zum Urlaub. Das habe ich zum Anlass genommen, um den dringend notwendigen Check meiner Wildcat machen zu lassen. Die vergangene Woche h\u00e4tte ich den Schirm sowieso nicht nutzen k\u00f6nnen. Der Nachteil ist aber, dass ich das gesamte Osterwochenende ohne Schirm bin,\u2026","rel":"","context":"In &quot;Allgemein&quot;","img":{"alt_text":"","src":"","width":0,"height":0},"classes":[]},{"id":1405,"url":"https:\/\/fliegerblog.rjs.de\/?p=1405","url_meta":{"origin":397,"position":1},"title":"Ich bin der Neue","date":"M\u00e4rz 30, 2018","format":false,"excerpt":"Meine Wildcat hat es leider nicht \u00fcber den Check geschafft. Die Luftdurchl\u00e4ssigkeit vom Untersegel (!) war zu schlecht, wobei zum Groundhandlen und f\u00fcr das Fliegen am Strand\/der D\u00fcne (falls es endlich mal wieder klappen sollte) sollte die Wildkatze sich noch eignen. Aber das Aus kommt nicht wirklich \u00fcberraschend und ich\u2026","rel":"","context":"\u00c4hnlicher Beitrag","img":{"alt_text":"","src":"https:\/\/i0.wp.com\/3.bp.blogspot.com\/-Lm-jatyAp-Q\/Wr4mvc_tWDI\/AAAAAAAADyY\/Jaa4Nfny5MITlf6-ZDzIKW9taCZWr5t6QCLcBGAs\/s640\/GOPR9052.JPG?resize=350%2C200&ssl=1","width":350,"height":200},"classes":[]},{"id":631,"url":"https:\/\/fliegerblog.rjs.de\/?p=631","url_meta":{"origin":397,"position":2},"title":"Weitere Erfahrungen mit der Wildkatze","date":"M\u00e4rz 30, 2013","format":false,"excerpt":"Heute gab es seit langem wieder Nordwind. Um 12:00 Uhr waren wir am MFK. Nach Monaten endlich mal wieder. Allerdings kam der Wind mehr aus Nordost als es f\u00fcr den Hang taugt. Wir sind deshalb an den 50 Meter weiter gelegenen Hang gegangen, den wir im Winter - wenn keine\u2026","rel":"","context":"In &quot;Allgemein&quot;","img":{"alt_text":"","src":"https:\/\/i0.wp.com\/3.bp.blogspot.com\/-SqR7npnah38\/UVdDkFsMFYI\/AAAAAAAABTQ\/jAqn3EumFs0\/s320\/GOPR2426.JPG?resize=350%2C200","width":350,"height":200},"classes":[]},{"id":10,"url":"https:\/\/fliegerblog.rjs.de\/?p=10","url_meta":{"origin":397,"position":3},"title":"Mein neuer Schirm ist da","date":"Januar 10, 2009","format":false,"excerpt":"Ich habe gestern abend meinen neuen Schirm abgeholt. Ging jetzt doch alles ganz schnell, aber ohne Check will ich mit meinem alten Schirm (der mittlerweile auch wieder da ist) nat\u00fcrlich nichts mehr machen. Und eine \u00dcberarbeitung lohnt sich f\u00fcr mich nicht, da ich dieses Jahr sowieso auf einen dynamischeren Schirm\u2026","rel":"","context":"In &quot;Allgemein&quot;","img":{"alt_text":"","src":"","width":0,"height":0},"classes":[]},{"id":616,"url":"https:\/\/fliegerblog.rjs.de\/?p=616","url_meta":{"origin":397,"position":4},"title":"Nur noch f\u00f6rderndes Mitglied","date":"Februar 9, 2013","format":false,"excerpt":"So komme ich mir bald vor. Nix ist es im Moment mit Fliegen. Gibt zwar ein paar Aktivit\u00e4ten rund um das luftige Hobby (wollen eine Windmessstation in Reichenbach einrichten und meine Rettung ist wieder zur\u00fcck und wieder eingebaut), aber in die Luft geht es einfach nicht. W\u00e4re auch schwer, denn\u2026","rel":"","context":"In &quot;Allgemein&quot;","img":{"alt_text":"","src":"","width":0,"height":0},"classes":[]},{"id":1786,"url":"https:\/\/fliegerblog.rjs.de\/?p=1786","url_meta":{"origin":397,"position":5},"title":"Flugunf\u00e4hig","date":"M\u00e4rz 6, 2021","format":false,"excerpt":"Mein Schirm und meine Rettung sind mal wieder ohne mich auf Tour. Der Schirm muss zur Nachpr\u00fcfung und f\u00fcr die Rettung ist mal wieder Packen angesagt. Ich habe mir die Wetterprognosen die n\u00e4chsten Tage angesehen und da ich zudem beruflich viel um die Ohren habe, nutze ich die Zeit. Wenn\u2026","rel":"","context":"\u00c4hnlicher Beitrag","img":{"alt_text":"","src":"","width":0,"height":0},"classes":[]}],"_links":{"self":[{"href":"https:\/\/fliegerblog.rjs.de\/index.php?rest_route=\/wp\/v2\/posts\/397","targetHints":{"allow":["GET"]}}],"collection":[{"href":"https:\/\/fliegerblog.rjs.de\/index.php?rest_route=\/wp\/v2\/posts"}],"about":[{"href":"https:\/\/fliegerblog.rjs.de\/index.php?rest_route=\/wp\/v2\/types\/post"}],"author":[{"embeddable":true,"href":"https:\/\/fliegerblog.rjs.de\/index.php?rest_route=\/wp\/v2\/users\/1"}],"replies":[{"embeddable":true,"href":"https:\/\/fliegerblog.rjs.de\/index.php?rest_route=%2Fwp%2Fv2%2Fcomments&post=397"}],"version-history":[{"count":0,"href":"https:\/\/fliegerblog.rjs.de\/index.php?rest_route=\/wp\/v2\/posts\/397\/revisions"}],"wp:attachment":[{"href":"https:\/\/fliegerblog.rjs.de\/index.php?rest_route=%2Fwp%2Fv2%2Fmedia&parent=397"}],"wp:term":[{"taxonomy":"category","embeddable":true,"href":"https:\/\/fliegerblog.rjs.de\/index.php?rest_route=%2Fwp%2Fv2%2Fcategories&post=397"},{"taxonomy":"post_tag","embeddable":true,"href":"https:\/\/fliegerblog.rjs.de\/index.php?rest_route=%2Fwp%2Fv2%2Ftags&post=397"}],"curies":[{"name":"wp","href":"https:\/\/api.w.org\/{rel}","templated":true}]}}