{"id":395,"date":"2011-01-29T20:04:04","date_gmt":"2011-01-29T19:04:04","guid":{"rendered":"http:\/\/www.rjs.de\/fliegerblog\/?p=395"},"modified":"2011-01-29T20:04:04","modified_gmt":"2011-01-29T19:04:04","slug":"packseminar","status":"publish","type":"post","link":"https:\/\/fliegerblog.rjs.de\/?p=395","title":{"rendered":"Packseminar"},"content":{"rendered":"<p><a href=\"https:\/\/i0.wp.com\/4.bp.blogspot.com\/_lY4VOIwoBZk\/TURiyU04NSI\/AAAAAAAAAe4\/KCzYicHpuss\/s1600\/Foto068.jpg\" onblur=\"try {parent.deselectBloggerImageGracefully();} catch(e) {}\"><img decoding=\"async\" id=\"BLOGGER_PHOTO_ID_5567683656060253474\" style=\"float: right; margin: 0pt 0pt 10px 10px; cursor: pointer; width: 320px; height: 240px;\" src=\"https:\/\/i0.wp.com\/4.bp.blogspot.com\/_lY4VOIwoBZk\/TURiyU04NSI\/AAAAAAAAAe4\/KCzYicHpuss\/s320\/Foto068.jpg?w=840\" border=\"0\" alt=\"\" data-recalc-dims=\"1\" \/><\/a><br \/>\n<a href=\"https:\/\/i0.wp.com\/2.bp.blogspot.com\/_lY4VOIwoBZk\/TURiyOS_vkI\/AAAAAAAAAew\/Ih8Flq2mNg0\/s1600\/Foto067.jpg\" onblur=\"try {parent.deselectBloggerImageGracefully();} catch(e) {}\"><img decoding=\"async\" id=\"BLOGGER_PHOTO_ID_5567683654307528258\" style=\"float: right; margin: 0pt 0pt 10px 10px; cursor: pointer; width: 320px; height: 240px;\" src=\"https:\/\/i0.wp.com\/2.bp.blogspot.com\/_lY4VOIwoBZk\/TURiyOS_vkI\/AAAAAAAAAew\/Ih8Flq2mNg0\/s320\/Foto067.jpg?w=840\" border=\"0\" alt=\"\" data-recalc-dims=\"1\" \/><\/a><object width=\"425\" height=\"344\" data=\"http:\/\/www.youtube.com\/v\/o8-tV-6hfXs?hl=de&amp;fs=1\" type=\"application\/x-shockwave-flash\"><param name=\"allowFullScreen\" value=\"true\" \/><param name=\"allowscriptaccess\" value=\"always\" \/><param name=\"src\" value=\"http:\/\/www.youtube.com\/v\/o8-tV-6hfXs?hl=de&amp;fs=1\" \/><param name=\"allowfullscreen\" value=\"true\" \/><\/object><br \/>\n<a href=\"https:\/\/i0.wp.com\/1.bp.blogspot.com\/_lY4VOIwoBZk\/TURix1a7h2I\/AAAAAAAAAeo\/BR89pic06vY\/s1600\/Foto034.jpg\" onblur=\"try {parent.deselectBloggerImageGracefully();} catch(e) {}\"><img decoding=\"async\" id=\"BLOGGER_PHOTO_ID_5567683647629920098\" style=\"float: right; margin: 0pt 0pt 10px 10px; cursor: pointer; width: 320px; height: 240px;\" src=\"https:\/\/i0.wp.com\/1.bp.blogspot.com\/_lY4VOIwoBZk\/TURix1a7h2I\/AAAAAAAAAeo\/BR89pic06vY\/s320\/Foto034.jpg?w=840\" border=\"0\" alt=\"\" data-recalc-dims=\"1\" \/><\/a><br \/>\n<a href=\"https:\/\/i0.wp.com\/3.bp.blogspot.com\/_lY4VOIwoBZk\/TURixMbMRNI\/AAAAAAAAAeg\/8GJeOhmMEnU\/s1600\/Foto033.jpg\" onblur=\"try {parent.deselectBloggerImageGracefully();} catch(e) {}\"><img decoding=\"async\" id=\"BLOGGER_PHOTO_ID_5567683636625163474\" style=\"float: right; margin: 0pt 0pt 10px 10px; cursor: pointer; width: 320px; height: 240px;\" src=\"https:\/\/i0.wp.com\/3.bp.blogspot.com\/_lY4VOIwoBZk\/TURixMbMRNI\/AAAAAAAAAeg\/8GJeOhmMEnU\/s320\/Foto033.jpg?w=840\" border=\"0\" alt=\"\" data-recalc-dims=\"1\" \/><\/a><br \/>\n<a href=\"https:\/\/i0.wp.com\/3.bp.blogspot.com\/_lY4VOIwoBZk\/TURiw1ShreI\/AAAAAAAAAeY\/opNDMKlxNGQ\/s1600\/Foto032.jpg\" onblur=\"try {parent.deselectBloggerImageGracefully();} catch(e) {}\"><img decoding=\"async\" id=\"BLOGGER_PHOTO_ID_5567683630414802402\" style=\"float: right; margin: 0pt 0pt 10px 10px; cursor: pointer; width: 320px; height: 240px;\" src=\"https:\/\/i0.wp.com\/3.bp.blogspot.com\/_lY4VOIwoBZk\/TURiw1ShreI\/AAAAAAAAAeY\/opNDMKlxNGQ\/s320\/Foto032.jpg?w=840\" border=\"0\" alt=\"\" data-recalc-dims=\"1\" \/><\/a><br \/>\nMein Schirm ist immer noch nicht vom Check zur\u00fcck :-(. Werd noch ganz kirre, wenn ich nicht bald das Teil wieder habe.<\/p>\n<p>Heute hab ich aber meine Rettung neu gepackt. Oder genauer &#8211; ich habe an einem Packseminar in Schlossborn teilgenommen. Ist mehr oder weniger \u00fcber meinen Verein (bzw. einem Mitglied) organisiert worden.<\/p>\n","protected":false},"excerpt":{"rendered":"<p>Mein Schirm ist immer noch nicht vom Check zur\u00fcck :-(. Werd noch ganz kirre, wenn ich nicht bald das Teil wieder habe. Heute hab ich aber meine Rettung neu gepackt. Oder genauer &#8211; ich habe an einem Packseminar in Schlossborn teilgenommen. Ist mehr oder weniger \u00fcber meinen Verein (bzw. einem Mitglied) organisiert worden.<\/p>\n","protected":false},"author":1,"featured_media":0,"comment_status":"open","ping_status":"open","sticky":false,"template":"","format":"standard","meta":{"jetpack_post_was_ever_published":false,"footnotes":"","jetpack_publicize_message":"","jetpack_is_tweetstorm":false,"jetpack_publicize_feature_enabled":true,"jetpack_social_options":[]},"categories":[2],"tags":[],"class_list":["post-395","post","type-post","status-publish","format-standard","hentry","category-allgemein"],"jetpack_publicize_connections":[],"jetpack_featured_media_url":"","jetpack_shortlink":"https:\/\/wp.me\/p788kK-6n","jetpack-related-posts":[{"id":2055,"url":"https:\/\/fliegerblog.rjs.de\/?p=2055","url_meta":{"origin":395,"position":0},"title":"Rettungwerfen DGLC","date":"Februar 25, 2024","format":false,"excerpt":"Es ist z.Z. einfach ein Graus. Ich will keine Ausreden suchen, aber bin nat\u00fcrlich angefressen, dass ich es ewig nicht mehr in die Luft geschafft habe. Das muss sich \u00e4ndern. Aber heute war mal wieder das Werfen der Rettung im Verein angesetzt. Wie \u00fcblich in einer Schulturnhallte in Frankfurt. Da\u2026","rel":"","context":"\u00c4hnlicher Beitrag","img":{"alt_text":"","src":"https:\/\/i0.wp.com\/blogger.googleusercontent.com\/img\/b\/R29vZ2xl\/AVvXsEjpVJhOoU-9yOceZYy2giO9ojG9NBtSbgVyssdshtdKgb8MJwva4GaucqeeI-opYj4JQHLsBQMVBPUtIw65fxJrfNrrgef13GjgcY_3okSWefwigafNAbEkY1XOjWFrpUPWJpAzb6Q3yhZ-zrFS7oqXTtS8fxWPDR0sn3OHINP4RxV6C6H2abqRohWWR94b\/w400-h300\/b1.jpeg?resize=350%2C200&ssl=1","width":350,"height":200},"classes":[]},{"id":247,"url":"https:\/\/fliegerblog.rjs.de\/?p=247","url_meta":{"origin":395,"position":1},"title":"Sonnig und moderat","date":"Oktober 18, 2009","format":false,"excerpt":"Heute ging die Nordwindphase zu Ende. Die Prognosen f\u00fcr heute haben zwischen schwachem und recht guten Nordwind geschwankt. Aber allgemein sollte es eher fr\u00fch denn sp\u00e4t passen. Und so waren wir schon ab etwa 10:30 Uhr am Hang in MF. \u00dcber den Tag waren etwa 12 Flieger da. Und die\u2026","rel":"","context":"In &quot;Allgemein&quot;","img":{"alt_text":"","src":"","width":0,"height":0},"classes":[]},{"id":762,"url":"https:\/\/fliegerblog.rjs.de\/?p=762","url_meta":{"origin":395,"position":2},"title":"Mein Luftbus von Graz zur\u00fcck nach FFM","date":"Mai 7, 2014","format":false,"excerpt":"","rel":"","context":"In &quot;Allgemein&quot;","img":{"alt_text":"","src":"","width":0,"height":0},"classes":[]},{"id":32,"url":"https:\/\/fliegerblog.rjs.de\/?p=32","url_meta":{"origin":395,"position":3},"title":"Noch ein Versuch","date":"September 10, 2008","format":false,"excerpt":"Heute nochmal 1,5 Stunden in RB probiert. Ein paar Minifl\u00fcge. That's all.","rel":"","context":"In &quot;Allgemein&quot;","img":{"alt_text":"","src":"","width":0,"height":0},"classes":[]},{"id":548,"url":"https:\/\/fliegerblog.rjs.de\/?p=548","url_meta":{"origin":395,"position":4},"title":"Sch\u00f6ner R\u00fcckflug","date":"April 29, 2012","format":false,"excerpt":"Das war ein sch\u00f6ner R\u00fcckflug von Graz. Mal wieder einen Fensterplatz, sch\u00f6nes Wetter und super Aussichten.","rel":"","context":"In &quot;Allgemein&quot;","img":{"alt_text":"","src":"","width":0,"height":0},"classes":[]},{"id":63,"url":"https:\/\/fliegerblog.rjs.de\/?p=63","url_meta":{"origin":395,"position":5},"title":"Geht doch","date":"Dezember 12, 2007","format":false,"excerpt":"Heute war kein Fliegerhighlight, aber es gingen zumindest diverse nette Abgleiter bei N in MF. F\u00fcr die Jahreszeit wirklich ganz ok.","rel":"","context":"In &quot;Allgemein&quot;","img":{"alt_text":"","src":"https:\/\/i0.wp.com\/img.youtube.com\/vi\/wYnL3OZStdA\/0.jpg?resize=350%2C200","width":350,"height":200},"classes":[]}],"_links":{"self":[{"href":"https:\/\/fliegerblog.rjs.de\/index.php?rest_route=\/wp\/v2\/posts\/395","targetHints":{"allow":["GET"]}}],"collection":[{"href":"https:\/\/fliegerblog.rjs.de\/index.php?rest_route=\/wp\/v2\/posts"}],"about":[{"href":"https:\/\/fliegerblog.rjs.de\/index.php?rest_route=\/wp\/v2\/types\/post"}],"author":[{"embeddable":true,"href":"https:\/\/fliegerblog.rjs.de\/index.php?rest_route=\/wp\/v2\/users\/1"}],"replies":[{"embeddable":true,"href":"https:\/\/fliegerblog.rjs.de\/index.php?rest_route=%2Fwp%2Fv2%2Fcomments&post=395"}],"version-history":[{"count":0,"href":"https:\/\/fliegerblog.rjs.de\/index.php?rest_route=\/wp\/v2\/posts\/395\/revisions"}],"wp:attachment":[{"href":"https:\/\/fliegerblog.rjs.de\/index.php?rest_route=%2Fwp%2Fv2%2Fmedia&parent=395"}],"wp:term":[{"taxonomy":"category","embeddable":true,"href":"https:\/\/fliegerblog.rjs.de\/index.php?rest_route=%2Fwp%2Fv2%2Fcategories&post=395"},{"taxonomy":"post_tag","embeddable":true,"href":"https:\/\/fliegerblog.rjs.de\/index.php?rest_route=%2Fwp%2Fv2%2Ftags&post=395"}],"curies":[{"name":"wp","href":"https:\/\/api.w.org\/{rel}","templated":true}]}}