{"id":394,"date":"2011-01-20T12:21:45","date_gmt":"2011-01-20T11:21:45","guid":{"rendered":"http:\/\/www.rjs.de\/fliegerblog\/?p=394"},"modified":"2011-01-20T12:21:45","modified_gmt":"2011-01-20T11:21:45","slug":"start-adac-hubschrauber-direkt-aus-altem-ortskern","status":"publish","type":"post","link":"https:\/\/fliegerblog.rjs.de\/?p=394","title":{"rendered":"Start ADAC-Hubschrauber direkt aus altem Ortskern"},"content":{"rendered":"<p>Mal wieder ein kleiner Blog, der nicht mit meinen Gleitschirmaktionen, aber dennoch mit Fliegen zu tun hat:<\/p>\n<p>Dachte eben, was denn das f\u00fcr ein Krach \u00fcber meinem Dach ist? Hatte das Gef\u00fchl, da knallt war in meine H\u00fctte. Als der Krach n\u00e4herkam war er als Hubschrauber zu identifizieren. Hab aus meinem B\u00fcro geschaut und da war das Teil vielleicht 15 Meter \u00fcber mir. Und kam dann 30 Meter weiter auf einer kleinen Wiese runter. Direkt im alten Ortskern von Bodenheim. War sicher gar nicht so einfach f\u00fcr den Piloten. Leider habe ich die Kamera bei der Landung zu sp\u00e4t zur Hand gehabt, aber den Start konnte ich filmen.<br \/>\n<object width=\"425\" height=\"344\"><param name=\"movie\" value=\"http:\/\/www.youtube.com\/v\/n9KfP-O9Mjg?hl=de&#038;fs=1\"><\/param><param name=\"allowFullScreen\" value=\"true\"><\/param><param name=\"allowscriptaccess\" value=\"always\"><\/param><\/object><br \/>\nPS: Vor einiger Zeit hatte ich ein \u00e4hnliches Erlebnis &#8211; da kam in meinem alten Wohnort Eppstein-Vockenhausen auf einer kleinen Wiese direkt im Ortskern ein Hei\u00dfluftballon runter, der es aus dem Talkessel nicht mehr geschafft hatte.<\/p>\n","protected":false},"excerpt":{"rendered":"<p>Mal wieder ein kleiner Blog, der nicht mit meinen Gleitschirmaktionen, aber dennoch mit Fliegen zu tun hat: Dachte eben, was denn das f\u00fcr ein Krach \u00fcber meinem Dach ist? Hatte das Gef\u00fchl, da knallt war in meine H\u00fctte. Als der Krach n\u00e4herkam war er als Hubschrauber zu identifizieren. Hab aus meinem B\u00fcro geschaut und da &hellip; <a href=\"https:\/\/fliegerblog.rjs.de\/?p=394\" class=\"more-link\"><span class=\"screen-reader-text\">\u201eStart ADAC-Hubschrauber direkt aus altem Ortskern\u201c<\/span> weiterlesen<\/a><\/p>\n","protected":false},"author":1,"featured_media":0,"comment_status":"open","ping_status":"open","sticky":false,"template":"","format":"standard","meta":{"jetpack_post_was_ever_published":false,"footnotes":"","jetpack_publicize_message":"","jetpack_is_tweetstorm":false,"jetpack_publicize_feature_enabled":true,"jetpack_social_options":[]},"categories":[2],"tags":[],"class_list":["post-394","post","type-post","status-publish","format-standard","hentry","category-allgemein"],"jetpack_publicize_connections":[],"jetpack_featured_media_url":"","jetpack_shortlink":"https:\/\/wp.me\/p788kK-6m","jetpack-related-posts":[{"id":216,"url":"https:\/\/fliegerblog.rjs.de\/?p=216","url_meta":{"origin":394,"position":0},"title":"Anderes Gurtzeug getestet","date":"August 22, 2009","format":false,"excerpt":"Heute war leichter NW angesagt und wir haben uns gegen 14:00 Uhr in Treisberg getroffen. Waren auch \u00fcber den Nachmittag ziemlich viele Flieger da - mehr als 10 allemal. Und viele neue Flieger oder solche, die ich noch nicht kannte. Nachdem ich aber kein Auto zur Verf\u00fcgung hatte, musste ich\u2026","rel":"","context":"In &quot;Allgemein&quot;","img":{"alt_text":"","src":"","width":0,"height":0},"classes":[]},{"id":1271,"url":"https:\/\/fliegerblog.rjs.de\/?p=1271","url_meta":{"origin":394,"position":1},"title":"Ereignisreicher Flugtag","date":"Juni 11, 2017","format":false,"excerpt":"Mit \u00fcber 30 Grad und schwachem S\u00fcdost, der \u00fcber den Mittag auf S\u00fcd drehen sollte, waren die Prognosen f\u00fcr Eschbach heute eigentlich nicht so gut. Au\u00dferdem meide ich den Hang an Wochenenden meist, weil sehr oft zu voll. Ich hatte mich deshalb zum Schleppen in Wallertheim angemeldet, aber das ist\u2026","rel":"","context":"\u00c4hnlicher Beitrag","img":{"alt_text":"","src":"https:\/\/i0.wp.com\/4.bp.blogspot.com\/-air7_j1VKjk\/WT194lP_jrI\/AAAAAAAADcc\/6LvySIgsTrw-WDnh2NN6kd0zblZKI0a-QCLcB\/s400\/GOPR3642.JPG?resize=350%2C200&ssl=1","width":350,"height":200},"classes":[]},{"id":1779,"url":"https:\/\/fliegerblog.rjs.de\/?p=1779","url_meta":{"origin":394,"position":2},"title":"Sp\u00e4ter, bockiger Jahresbeginn &#8211; aber immerhin ein Beginn","date":"Februar 21, 2021","format":false,"excerpt":"Nicht nur wegen Corona, sondern auch dem doch recht unpassenden Wetter die letzte Zeit und diversen beruflichen Verhinderungen bin ich f\u00fcr den ersten Flugtag des Jahr dieses Jahr un\u00fcblich sp\u00e4t dran. Wobei ich auf meine Kappe nehme, dass ich mehrere m\u00f6gliche Flugtage hab verstreichen lassen. Die letzten beiden Tage ging\u2026","rel":"","context":"\u00c4hnlicher Beitrag","img":{"alt_text":"","src":"https:\/\/i0.wp.com\/1.bp.blogspot.com\/-Tpx5YQzGuFY\/YDKvVylMQGI\/AAAAAAAAF7k\/OrIde0U1R8waYv7AH91WxlS7UD0ytdX_ACLcBGAsYHQ\/w640-h252\/Zwischenablage02.png?resize=350%2C200&ssl=1","width":350,"height":200},"classes":[]},{"id":2004,"url":"https:\/\/fliegerblog.rjs.de\/?p=2004","url_meta":{"origin":394,"position":3},"title":"Schleppend","date":"Mai 18, 2023","format":false,"excerpt":"Es ist fast ein Jahr her, dass ich an der Winde geflogen bin, wenn ich mich halbwegs richtig entsinne. Aber heute hat bei meinem Verein (GFT) die Schleppsaison (endlich) begonnen. Obwohl ich gesundheitlich etwas angeschlagen war, wollte ich da den Beginn der Schleppsaison aus mehreren Gr\u00fcnden nicht verpassen. Und traditionsgem\u00e4\u00df\u2026","rel":"","context":"\u00c4hnlicher Beitrag","img":{"alt_text":"","src":"https:\/\/i0.wp.com\/blogger.googleusercontent.com\/img\/b\/R29vZ2xl\/AVvXsEiX9y1EkITwTIDk3sbzdSk7A0PTLIYn-ezl2k_7LbUwxHDUTMySsC6kBLjSajPPGzgVo6j-NEWuClObLt0cP5wv3wSagar4CaFo7yh-V4rM0G7ZE71iCiHZX1YwrGNFWkeT0kwJwQ8ZK5WE4y6urysOPHAR1AVeXccBCVyk_EncSSxkekFnhAY6wLzufQ\/s320\/20230518_115927.jpg?resize=350%2C200&ssl=1","width":350,"height":200},"classes":[]},{"id":859,"url":"https:\/\/fliegerblog.rjs.de\/?p=859","url_meta":{"origin":394,"position":4},"title":"So sollte der November bleiben","date":"November 1, 2014","format":false,"excerpt":"1. November 2014, tr\u00fcber Nebel in den T\u00e4lern, irgendwelche durchgeknallten Verkaufsleiter haben im Drogenrausch in einigen Gesch\u00e4ften - teils seit mehreren Tagen - bereits Weihnachtsdeko drapiert (ein trauriges Schicksal - solchen Leuten kann man auch mit kaltem Entzug sicher nicht mehr helfen) und n\u00e4chste Woche soll im Nachbardorf die Eisbahn\u2026","rel":"","context":"In &quot;Allgemein&quot;","img":{"alt_text":"","src":"","width":0,"height":0},"classes":[]},{"id":1676,"url":"https:\/\/fliegerblog.rjs.de\/?p=1676","url_meta":{"origin":394,"position":5},"title":"Was eine Nebelsuppe","date":"November 10, 2019","format":false,"excerpt":"F\u00fcr heute war bei meinem Verein GFT Schleppen in Singhofen angesetzt. Zusammen mit einem Windenkurs. An so Tagen kommt man dann zwar kaum in die Luft und muss froh sein, wenn man 2 bis 3 Fl\u00fcge hinbekommt. Aber zum Ende der Saison muss man nehmen was man kriegt. Ich hatte\u2026","rel":"","context":"\u00c4hnlicher Beitrag","img":{"alt_text":"","src":"https:\/\/i0.wp.com\/1.bp.blogspot.com\/-CXs5YvHsgkM\/Xcgnw2mH4sI\/AAAAAAAAFIc\/WZWOA9cKUtcg1eszPB3MZn9CSV4vFP8kgCLcBGAsYHQ\/s320\/IMG_20191110_101159_5.jpg?resize=350%2C200&ssl=1","width":350,"height":200},"classes":[]}],"_links":{"self":[{"href":"https:\/\/fliegerblog.rjs.de\/index.php?rest_route=\/wp\/v2\/posts\/394","targetHints":{"allow":["GET"]}}],"collection":[{"href":"https:\/\/fliegerblog.rjs.de\/index.php?rest_route=\/wp\/v2\/posts"}],"about":[{"href":"https:\/\/fliegerblog.rjs.de\/index.php?rest_route=\/wp\/v2\/types\/post"}],"author":[{"embeddable":true,"href":"https:\/\/fliegerblog.rjs.de\/index.php?rest_route=\/wp\/v2\/users\/1"}],"replies":[{"embeddable":true,"href":"https:\/\/fliegerblog.rjs.de\/index.php?rest_route=%2Fwp%2Fv2%2Fcomments&post=394"}],"version-history":[{"count":0,"href":"https:\/\/fliegerblog.rjs.de\/index.php?rest_route=\/wp\/v2\/posts\/394\/revisions"}],"wp:attachment":[{"href":"https:\/\/fliegerblog.rjs.de\/index.php?rest_route=%2Fwp%2Fv2%2Fmedia&parent=394"}],"wp:term":[{"taxonomy":"category","embeddable":true,"href":"https:\/\/fliegerblog.rjs.de\/index.php?rest_route=%2Fwp%2Fv2%2Fcategories&post=394"},{"taxonomy":"post_tag","embeddable":true,"href":"https:\/\/fliegerblog.rjs.de\/index.php?rest_route=%2Fwp%2Fv2%2Ftags&post=394"}],"curies":[{"name":"wp","href":"https:\/\/api.w.org\/{rel}","templated":true}]}}