{"id":382,"date":"2010-12-15T19:03:01","date_gmt":"2010-12-15T18:03:01","guid":{"rendered":"http:\/\/www.rjs.de\/fliegerblog\/?p=382"},"modified":"2010-12-15T19:03:01","modified_gmt":"2010-12-15T18:03:01","slug":"erst-flop-und-dann-top","status":"publish","type":"post","link":"https:\/\/fliegerblog.rjs.de\/?p=382","title":{"rendered":"Erst Flop und dann Top"},"content":{"rendered":"<p><object width=\"425\" height=\"344\"><param name=\"movie\" value=\"http:\/\/www.youtube.com\/v\/aFTuPp_D3oM?hl=de&#038;fs=1\"><\/param><param name=\"allowFullScreen\" value=\"true\"><\/param><param name=\"allowscriptaccess\" value=\"always\"><\/param><\/object><br \/>\nEndlich hat es mal wieder geklappt. Nachdem 6 lange Wochen rein gar nix mit Fliegen ging, sind wir heute zu 2. gegen 12:00 Uhr am MFK gewesen. Die Messwerte zeigten zwar B\u00f6en \u00fcber 40 Km\/h, aber wie immer am Hang schauen. Und was war? Windstille. Ziemlich frustrierend. M\u00fchsam konnte man den Schirm liften und mit M\u00fche \u00fcber die Hecken kurz abgleiten. Und dann das Hochstapfen durch den Schnee. Dazu auch noch Schneetreiben. Kein Highlight.<br \/>\n<a onblur=\"try {parent.deselectBloggerImageGracefully();} catch(e) {}\" href=\"https:\/\/i0.wp.com\/2.bp.blogspot.com\/_lY4VOIwoBZk\/TQnHNiBskCI\/AAAAAAAAAeM\/3KGDzX1JUNE\/s1600\/Foto118.jpg\"><img decoding=\"async\" style=\"float:right; margin:0 0 10px 10px;cursor:pointer; cursor:hand;width: 320px; height: 240px;\" src=\"https:\/\/i0.wp.com\/2.bp.blogspot.com\/_lY4VOIwoBZk\/TQnHNiBskCI\/AAAAAAAAAeM\/3KGDzX1JUNE\/s320\/Foto118.jpg?w=840\" border=\"0\" alt=\"\"id=\"BLOGGER_PHOTO_ID_5551187050996994082\" data-recalc-dims=\"1\" \/><\/a><br \/>\n<a onblur=\"try {parent.deselectBloggerImageGracefully();} catch(e) {}\" href=\"https:\/\/i0.wp.com\/3.bp.blogspot.com\/_lY4VOIwoBZk\/TQnHNoC9heI\/AAAAAAAAAeE\/iNmbDRTFfaI\/s1600\/Foto117.jpg\"><img decoding=\"async\" style=\"float:right; margin:0 0 10px 10px;cursor:pointer; cursor:hand;width: 320px; height: 240px;\" src=\"https:\/\/i0.wp.com\/3.bp.blogspot.com\/_lY4VOIwoBZk\/TQnHNoC9heI\/AAAAAAAAAeE\/iNmbDRTFfaI\/s320\/Foto117.jpg?w=840\" border=\"0\" alt=\"\"id=\"BLOGGER_PHOTO_ID_5551187052612912610\" data-recalc-dims=\"1\" \/><\/a><br \/>\n<a onblur=\"try {parent.deselectBloggerImageGracefully();} catch(e) {}\" href=\"https:\/\/i0.wp.com\/2.bp.blogspot.com\/_lY4VOIwoBZk\/TQnHNRxdWfI\/AAAAAAAAAd8\/nBtwibilfwE\/s1600\/Foto116.jpg\"><img decoding=\"async\" style=\"float:right; margin:0 0 10px 10px;cursor:pointer; cursor:hand;width: 320px; height: 240px;\" src=\"https:\/\/i0.wp.com\/2.bp.blogspot.com\/_lY4VOIwoBZk\/TQnHNRxdWfI\/AAAAAAAAAd8\/nBtwibilfwE\/s320\/Foto116.jpg?w=840\" border=\"0\" alt=\"\"id=\"BLOGGER_PHOTO_ID_5551187046633921010\" data-recalc-dims=\"1\" \/><\/a><br \/>\n<a onblur=\"try {parent.deselectBloggerImageGracefully();} catch(e) {}\" href=\"https:\/\/i0.wp.com\/4.bp.blogspot.com\/_lY4VOIwoBZk\/TQnHNFqUDhI\/AAAAAAAAAd0\/4cP1uUS7QQs\/s1600\/Foto115.jpg\"><img decoding=\"async\" style=\"float:right; margin:0 0 10px 10px;cursor:pointer; cursor:hand;width: 320px; height: 240px;\" src=\"https:\/\/i0.wp.com\/4.bp.blogspot.com\/_lY4VOIwoBZk\/TQnHNFqUDhI\/AAAAAAAAAd0\/4cP1uUS7QQs\/s320\/Foto115.jpg?w=840\" border=\"0\" alt=\"\"id=\"BLOGGER_PHOTO_ID_5551187043382726162\" data-recalc-dims=\"1\" \/><\/a><br \/>\nSo gegen 13:30 Uhr wurde es besser. Und die Abgleiter l\u00e4nger.<\/p>\n<p>Und eine halbe Stunde sp\u00e4ter stand der Wind voll auf dem Hang. Der Flug von Thomas dauerte 30 Minuten. Und auch bei mir ging es ziemlich gut, wobei mir das Windrad igendwann sogar zu schnell drehte und ich dann auf dem Boden geblieben bin. Das war aber wirklich gegen alle Vorhersagen und am Ende einfach Top. Um 15:15 Uhr haben wir eingepackt, da es saukalt war und der Wind heftig. Als wir zum Auto sind, waren die Bedingung eigentlich perfekt, aber wie gesagt &#8211; ich war ziemlich durchgefroren und voll zufrieden. Was will man mehr?<\/p>\n<p>EDIT: Hab gerade meinen Schirm zum Trocknen ausgepackt &#8211; da war ja mindestens ein Kilo Schnee drin ;-(<\/p>\n","protected":false},"excerpt":{"rendered":"<p>Endlich hat es mal wieder geklappt. Nachdem 6 lange Wochen rein gar nix mit Fliegen ging, sind wir heute zu 2. gegen 12:00 Uhr am MFK gewesen. Die Messwerte zeigten zwar B\u00f6en \u00fcber 40 Km\/h, aber wie immer am Hang schauen. Und was war? Windstille. Ziemlich frustrierend. M\u00fchsam konnte man den Schirm liften und mit &hellip; <a href=\"https:\/\/fliegerblog.rjs.de\/?p=382\" class=\"more-link\"><span class=\"screen-reader-text\">\u201eErst Flop und dann Top\u201c<\/span> weiterlesen<\/a><\/p>\n","protected":false},"author":1,"featured_media":0,"comment_status":"open","ping_status":"open","sticky":false,"template":"","format":"standard","meta":{"jetpack_post_was_ever_published":false,"footnotes":"","jetpack_publicize_message":"","jetpack_is_tweetstorm":false,"jetpack_publicize_feature_enabled":true,"jetpack_social_options":[]},"categories":[2],"tags":[],"class_list":["post-382","post","type-post","status-publish","format-standard","hentry","category-allgemein"],"jetpack_publicize_connections":[],"jetpack_featured_media_url":"","jetpack_shortlink":"https:\/\/wp.me\/p788kK-6a","jetpack-related-posts":[{"id":680,"url":"https:\/\/fliegerblog.rjs.de\/?p=680","url_meta":{"origin":382,"position":0},"title":"Auf Strecke &#8211; mit Motorhilfe","date":"Juli 14, 2013","format":false,"excerpt":"Wenn ich schon nicht mit dem Gleitschirm auf Strecke gehe, dann doch immer wieder aus beruflichen Gr\u00fcnden mit Linienflugzeugen. Wobei ich die letzten 15 - 20 Male wohl immer nur ein Ziel hatte - Graz. Und immer von Frankfurt aus. Einmal gab es beim R\u00fcckflug einen kleinen Umweg \u00fcber Wien\u2026","rel":"","context":"In &quot;Allgemein&quot;","img":{"alt_text":"","src":"","width":0,"height":0},"classes":[]},{"id":453,"url":"https:\/\/fliegerblog.rjs.de\/?p=453","url_meta":{"origin":382,"position":1},"title":"Endlich einmal wieder &#8211; Schleppen in Neu Anspach","date":"August 4, 2011","format":false,"excerpt":"Die letzten Jahre war ich ziemlich oft zum Schleppen in Neu Anspach auf dem Flugplatz. Aber dieses Jahr war bisher der Wurm drin. Erst 1x ging es \u00fcberhaupt da mit Schleppen (erst Winde kaputt und dann Mistwetter an den geplanten Schleptagen) und da konnte ich nicht :-(. Aber heute sah\u2026","rel":"","context":"In &quot;Allgemein&quot;","img":{"alt_text":"","src":"","width":0,"height":0},"classes":[]},{"id":1662,"url":"https:\/\/fliegerblog.rjs.de\/?p=1662","url_meta":{"origin":382,"position":2},"title":"Nicht Passeiertal, nicht Achensee, &#8230;","date":"August 31, 2019","format":false,"excerpt":"... sondern Rheinhessen. Klingt vielleicht komisch, aber ich war gerade \u00fcber 12 Tage auf Familienurlaub erst in S\u00fcd-Tirol und dann noch am Achensee. Also 2 Hotspots zum Gleitschirmfliegen. Aber ich hatte bewusst den Schirm nicht mitgenommen. Es passt f\u00fcr mich nicht zum Familienurlaub, wenn man permanent versucht die Aktivit\u00e4ten mit\u2026","rel":"","context":"\u00c4hnlicher Beitrag","img":{"alt_text":"","src":"https:\/\/i0.wp.com\/1.bp.blogspot.com\/-big42DdBoDM\/XWqvCCNEJ3I\/AAAAAAAAE-4\/m-gtNAm0aWAt0SQjtMIVMyKJm-MDpB2CACLcBGAs\/s320\/GOPR0955.JPG?resize=350%2C200&ssl=1","width":350,"height":200},"classes":[]},{"id":1669,"url":"https:\/\/fliegerblog.rjs.de\/?p=1669","url_meta":{"origin":382,"position":3},"title":"Immer wieder krass, was ein Hang mit 15 Meter H\u00f6henunterschied ergibt","date":"September 21, 2019","format":false,"excerpt":"\u00a0 Die letzten Wochen und Monate bin ich viel weniger zum Fliegen gekommen als \u00fcblich und eigentlich auch geplant f\u00fcr die Sommerzeit. Aber es hat irgendwie oft einfach nicht gepasst. Wobei es jammern auf hohem Niveau ist, denn es waren schon regelm\u00e4\u00dfige Sessions dabei. Aber fast nur an der Winde.\u2026","rel":"","context":"\u00c4hnlicher Beitrag","img":{"alt_text":"","src":"https:\/\/i0.wp.com\/1.bp.blogspot.com\/-ogKVLXSAU3E\/XYZvptPRNXI\/AAAAAAAAFBo\/0TDIesqm8Lg93A6ucmizIhf02ThT3FyZgCLcBGAsYHQ\/s320\/GOPR1676.JPG?resize=350%2C200&ssl=1","width":350,"height":200},"classes":[]},{"id":1271,"url":"https:\/\/fliegerblog.rjs.de\/?p=1271","url_meta":{"origin":382,"position":4},"title":"Ereignisreicher Flugtag","date":"Juni 11, 2017","format":false,"excerpt":"Mit \u00fcber 30 Grad und schwachem S\u00fcdost, der \u00fcber den Mittag auf S\u00fcd drehen sollte, waren die Prognosen f\u00fcr Eschbach heute eigentlich nicht so gut. Au\u00dferdem meide ich den Hang an Wochenenden meist, weil sehr oft zu voll. Ich hatte mich deshalb zum Schleppen in Wallertheim angemeldet, aber das ist\u2026","rel":"","context":"\u00c4hnlicher Beitrag","img":{"alt_text":"","src":"https:\/\/i0.wp.com\/4.bp.blogspot.com\/-air7_j1VKjk\/WT194lP_jrI\/AAAAAAAADcc\/6LvySIgsTrw-WDnh2NN6kd0zblZKI0a-QCLcB\/s400\/GOPR3642.JPG?resize=350%2C200&ssl=1","width":350,"height":200},"classes":[]},{"id":1547,"url":"https:\/\/fliegerblog.rjs.de\/?p=1547","url_meta":{"origin":382,"position":5},"title":"S\u00fcdhang Wasserkuppe","date":"Februar 15, 2019","format":false,"excerpt":"Dass ich auf die Wasserkuppe m\u00f6chte und es dann doch nicht mache, ist fast zu einem \"Running-Gag\" in meiner Fliegerkarriere geworden. Eigentlich kommt immer was dazwischen, wenn ich so einen Plan aufsetze oder ich gehe dann doch an einen anderen Hang. Obwohl ich auf der Wasserkuppe meine Ausbildung gemacht hatte,\u2026","rel":"","context":"\u00c4hnlicher Beitrag","img":{"alt_text":"","src":"https:\/\/i0.wp.com\/4.bp.blogspot.com\/-FjXKaPyIl4Q\/XGcKMTZLVtI\/AAAAAAAAEa0\/FNdjpWfYrSosc_MJ-nFZpsKjicPGKpQSQCLcBGAs\/s320\/WhatsApp%2BImage%2B2019-02-15%2Bat%2B14.08.22.jpeg?resize=350%2C200&ssl=1","width":350,"height":200},"classes":[]}],"_links":{"self":[{"href":"https:\/\/fliegerblog.rjs.de\/index.php?rest_route=\/wp\/v2\/posts\/382","targetHints":{"allow":["GET"]}}],"collection":[{"href":"https:\/\/fliegerblog.rjs.de\/index.php?rest_route=\/wp\/v2\/posts"}],"about":[{"href":"https:\/\/fliegerblog.rjs.de\/index.php?rest_route=\/wp\/v2\/types\/post"}],"author":[{"embeddable":true,"href":"https:\/\/fliegerblog.rjs.de\/index.php?rest_route=\/wp\/v2\/users\/1"}],"replies":[{"embeddable":true,"href":"https:\/\/fliegerblog.rjs.de\/index.php?rest_route=%2Fwp%2Fv2%2Fcomments&post=382"}],"version-history":[{"count":0,"href":"https:\/\/fliegerblog.rjs.de\/index.php?rest_route=\/wp\/v2\/posts\/382\/revisions"}],"wp:attachment":[{"href":"https:\/\/fliegerblog.rjs.de\/index.php?rest_route=%2Fwp%2Fv2%2Fmedia&parent=382"}],"wp:term":[{"taxonomy":"category","embeddable":true,"href":"https:\/\/fliegerblog.rjs.de\/index.php?rest_route=%2Fwp%2Fv2%2Fcategories&post=382"},{"taxonomy":"post_tag","embeddable":true,"href":"https:\/\/fliegerblog.rjs.de\/index.php?rest_route=%2Fwp%2Fv2%2Ftags&post=382"}],"curies":[{"name":"wp","href":"https:\/\/api.w.org\/{rel}","templated":true}]}}