{"id":381,"date":"2010-12-03T22:26:08","date_gmt":"2010-12-03T21:26:08","guid":{"rendered":"http:\/\/www.rjs.de\/fliegerblog\/?p=381"},"modified":"2010-12-03T22:26:08","modified_gmt":"2010-12-03T21:26:08","slug":"winterfrust","status":"publish","type":"post","link":"https:\/\/fliegerblog.rjs.de\/?p=381","title":{"rendered":"Winterfrust"},"content":{"rendered":"<p>Da ist der gesamte November ohne einen Tag am Schirm durchgegangen und jetzt schl\u00e4gt der Winter mit vollem Schnee zu. Das ist richtig frustrierend. Am besten schicke ich meinen Schirm die Tage zum Check. Der ist sowieso f\u00e4llig und im Moment geht wohl nix :-(.<\/p>\n","protected":false},"excerpt":{"rendered":"<p>Da ist der gesamte November ohne einen Tag am Schirm durchgegangen und jetzt schl\u00e4gt der Winter mit vollem Schnee zu. Das ist richtig frustrierend. Am besten schicke ich meinen Schirm die Tage zum Check. Der ist sowieso f\u00e4llig und im Moment geht wohl nix :-(.<\/p>\n","protected":false},"author":1,"featured_media":0,"comment_status":"open","ping_status":"open","sticky":false,"template":"","format":"standard","meta":{"jetpack_post_was_ever_published":false,"footnotes":"","jetpack_publicize_message":"","jetpack_is_tweetstorm":false,"jetpack_publicize_feature_enabled":true,"jetpack_social_options":[]},"categories":[2],"tags":[],"class_list":["post-381","post","type-post","status-publish","format-standard","hentry","category-allgemein"],"jetpack_publicize_connections":[],"jetpack_featured_media_url":"","jetpack_shortlink":"https:\/\/wp.me\/p788kK-69","jetpack-related-posts":[{"id":1405,"url":"https:\/\/fliegerblog.rjs.de\/?p=1405","url_meta":{"origin":381,"position":0},"title":"Ich bin der Neue","date":"M\u00e4rz 30, 2018","format":false,"excerpt":"Meine Wildcat hat es leider nicht \u00fcber den Check geschafft. Die Luftdurchl\u00e4ssigkeit vom Untersegel (!) war zu schlecht, wobei zum Groundhandlen und f\u00fcr das Fliegen am Strand\/der D\u00fcne (falls es endlich mal wieder klappen sollte) sollte die Wildkatze sich noch eignen. Aber das Aus kommt nicht wirklich \u00fcberraschend und ich\u2026","rel":"","context":"\u00c4hnlicher Beitrag","img":{"alt_text":"","src":"https:\/\/i0.wp.com\/3.bp.blogspot.com\/-Lm-jatyAp-Q\/Wr4mvc_tWDI\/AAAAAAAADyY\/Jaa4Nfny5MITlf6-ZDzIKW9taCZWr5t6QCLcBGAs\/s640\/GOPR9052.JPG?resize=350%2C200&ssl=1","width":350,"height":200},"classes":[]},{"id":907,"url":"https:\/\/fliegerblog.rjs.de\/?p=907","url_meta":{"origin":381,"position":1},"title":"Gegrounded und cheated","date":"April 5, 2015","format":false,"excerpt":"Letzte Woche war ich mit der Familie in Norderney zum Urlaub. Das habe ich zum Anlass genommen, um den dringend notwendigen Check meiner Wildcat machen zu lassen. Die vergangene Woche h\u00e4tte ich den Schirm sowieso nicht nutzen k\u00f6nnen. Der Nachteil ist aber, dass ich das gesamte Osterwochenende ohne Schirm bin,\u2026","rel":"","context":"In &quot;Allgemein&quot;","img":{"alt_text":"","src":"","width":0,"height":0},"classes":[]},{"id":631,"url":"https:\/\/fliegerblog.rjs.de\/?p=631","url_meta":{"origin":381,"position":2},"title":"Weitere Erfahrungen mit der Wildkatze","date":"M\u00e4rz 30, 2013","format":false,"excerpt":"Heute gab es seit langem wieder Nordwind. Um 12:00 Uhr waren wir am MFK. Nach Monaten endlich mal wieder. Allerdings kam der Wind mehr aus Nordost als es f\u00fcr den Hang taugt. Wir sind deshalb an den 50 Meter weiter gelegenen Hang gegangen, den wir im Winter - wenn keine\u2026","rel":"","context":"In &quot;Allgemein&quot;","img":{"alt_text":"","src":"https:\/\/i0.wp.com\/3.bp.blogspot.com\/-SqR7npnah38\/UVdDkFsMFYI\/AAAAAAAABTQ\/jAqn3EumFs0\/s320\/GOPR2426.JPG?resize=350%2C200","width":350,"height":200},"classes":[]},{"id":12,"url":"https:\/\/fliegerblog.rjs.de\/?p=12","url_meta":{"origin":381,"position":3},"title":"So ein Sch.. &#8211; mein Schirm bekommt keinen Check","date":"Dezember 27, 2008","format":false,"excerpt":"Ich glaube es nicht - mein gerade mal 2 Jahre alter Bodyguard bekommt keinen Check mehr :-(. Hab heute einen Anruf bekommen, dass das Teil nix mehr taugt. Oder ich soviel Geld reinstecken m\u00fcsste, dass sich die Sache nicht mehr lohnt.Die Leinen sind zu lang und fertig und halten angeblich\u2026","rel":"","context":"In &quot;Allgemein&quot;","img":{"alt_text":"","src":"","width":0,"height":0},"classes":[]},{"id":10,"url":"https:\/\/fliegerblog.rjs.de\/?p=10","url_meta":{"origin":381,"position":4},"title":"Mein neuer Schirm ist da","date":"Januar 10, 2009","format":false,"excerpt":"Ich habe gestern abend meinen neuen Schirm abgeholt. Ging jetzt doch alles ganz schnell, aber ohne Check will ich mit meinem alten Schirm (der mittlerweile auch wieder da ist) nat\u00fcrlich nichts mehr machen. Und eine \u00dcberarbeitung lohnt sich f\u00fcr mich nicht, da ich dieses Jahr sowieso auf einen dynamischeren Schirm\u2026","rel":"","context":"In &quot;Allgemein&quot;","img":{"alt_text":"","src":"","width":0,"height":0},"classes":[]},{"id":26,"url":"https:\/\/fliegerblog.rjs.de\/?p=26","url_meta":{"origin":381,"position":5},"title":"Winde oder Hang, das war heut die Frage?","date":"Oktober 9, 2008","format":false,"excerpt":"Heute w\u00e4re es sowohl am Hang als auch mit der Winde gegangen. Musste mich entscheiden. Hab die Winde in Neu Anspach genommen. War wohl keine schlechte Wahl. Kamen 4 sch\u00f6ne Fl\u00fcge raus. Meinen dritten Flug hab ich bei 1107 Fu\u00df ausgeklinkt. Da kann man genial die Skyline von Frankfurt sehen.\u2026","rel":"","context":"In &quot;Allgemein&quot;","img":{"alt_text":"","src":"https:\/\/i0.wp.com\/img.youtube.com\/vi\/y1tzVJlHclU\/0.jpg?resize=350%2C200","width":350,"height":200},"classes":[]}],"_links":{"self":[{"href":"https:\/\/fliegerblog.rjs.de\/index.php?rest_route=\/wp\/v2\/posts\/381","targetHints":{"allow":["GET"]}}],"collection":[{"href":"https:\/\/fliegerblog.rjs.de\/index.php?rest_route=\/wp\/v2\/posts"}],"about":[{"href":"https:\/\/fliegerblog.rjs.de\/index.php?rest_route=\/wp\/v2\/types\/post"}],"author":[{"embeddable":true,"href":"https:\/\/fliegerblog.rjs.de\/index.php?rest_route=\/wp\/v2\/users\/1"}],"replies":[{"embeddable":true,"href":"https:\/\/fliegerblog.rjs.de\/index.php?rest_route=%2Fwp%2Fv2%2Fcomments&post=381"}],"version-history":[{"count":0,"href":"https:\/\/fliegerblog.rjs.de\/index.php?rest_route=\/wp\/v2\/posts\/381\/revisions"}],"wp:attachment":[{"href":"https:\/\/fliegerblog.rjs.de\/index.php?rest_route=%2Fwp%2Fv2%2Fmedia&parent=381"}],"wp:term":[{"taxonomy":"category","embeddable":true,"href":"https:\/\/fliegerblog.rjs.de\/index.php?rest_route=%2Fwp%2Fv2%2Fcategories&post=381"},{"taxonomy":"post_tag","embeddable":true,"href":"https:\/\/fliegerblog.rjs.de\/index.php?rest_route=%2Fwp%2Fv2%2Ftags&post=381"}],"curies":[{"name":"wp","href":"https:\/\/api.w.org\/{rel}","templated":true}]}}