{"id":380,"date":"2010-10-29T17:11:35","date_gmt":"2010-10-29T16:11:35","guid":{"rendered":"http:\/\/www.rjs.de\/fliegerblog\/?p=380"},"modified":"2010-10-29T17:11:35","modified_gmt":"2010-10-29T16:11:35","slug":"nice-2-have","status":"publish","type":"post","link":"https:\/\/fliegerblog.rjs.de\/?p=380","title":{"rendered":"Nice-2-have"},"content":{"rendered":"<p>Ich habe zwar wohl die besten 2 Tage in den letzten Wochen verpasst (Montag in MF, da ich arbeiten musste &#8211; da muss es perfekt gegangen sein &#8211; und Donnerstag Schleppen in Neu-Anspach &#8211; 450 Meter Ausklinkh\u00f6he, da ich auch mal bei der Familie sein wollte), aber ich bin in der letzten Zeit dennoch recht viel zum Fliegen gekommen.<\/p>\n<p>Heute waren wir von 11:15 Uhr bis 14:00 Uhr wieder in Reichenbach. Es war heute wohl kein &#8222;must&#8220;, aber nice to have. Von 11:15 Uhr bis 12:15 Uhr ging es f\u00fcr den Hang richtig gut. Trotz etwas zu viel Osteinschlag. Dann kamen mit noch mehr Osteinschlag ziemliche B\u00f6en rein und wir haben eine halbe Stunde pausiert. Aber danach konnten wir noch ein paar sch\u00f6ne Fl\u00fcge machen. <\/p>\n","protected":false},"excerpt":{"rendered":"<p>Ich habe zwar wohl die besten 2 Tage in den letzten Wochen verpasst (Montag in MF, da ich arbeiten musste &#8211; da muss es perfekt gegangen sein &#8211; und Donnerstag Schleppen in Neu-Anspach &#8211; 450 Meter Ausklinkh\u00f6he, da ich auch mal bei der Familie sein wollte), aber ich bin in der letzten Zeit dennoch recht &hellip; <a href=\"https:\/\/fliegerblog.rjs.de\/?p=380\" class=\"more-link\"><span class=\"screen-reader-text\">\u201eNice-2-have\u201c<\/span> weiterlesen<\/a><\/p>\n","protected":false},"author":1,"featured_media":0,"comment_status":"open","ping_status":"open","sticky":false,"template":"","format":"standard","meta":{"jetpack_post_was_ever_published":false,"footnotes":"","jetpack_publicize_message":"","jetpack_is_tweetstorm":false,"jetpack_publicize_feature_enabled":true,"jetpack_social_options":[]},"categories":[2],"tags":[],"class_list":["post-380","post","type-post","status-publish","format-standard","hentry","category-allgemein"],"jetpack_publicize_connections":[],"jetpack_featured_media_url":"","jetpack_shortlink":"https:\/\/wp.me\/p788kK-68","jetpack-related-posts":[{"id":706,"url":"https:\/\/fliegerblog.rjs.de\/?p=706","url_meta":{"origin":380,"position":0},"title":"Endlich mal wieder in Reichenbach gewesen","date":"Oktober 13, 2013","format":false,"excerpt":"Ist schon komisch, aber ich war verdammt lange nicht mehr in Reichenbach am Hang. Sonst die Jahre war ich immer extrem oft an dem Hang gewesen, aber 2013 \u00fcberhaupt recht selten. Und das obwohl ich eigentlich die letzten Wochen ziemlich oft in die Luft gekommen bin. Nur halt an anderen\u2026","rel":"","context":"In &quot;Allgemein&quot;","img":{"alt_text":"","src":"","width":0,"height":0},"classes":[]},{"id":633,"url":"https:\/\/fliegerblog.rjs.de\/?p=633","url_meta":{"origin":380,"position":1},"title":"Maue Bedingungen","date":"April 6, 2013","format":false,"excerpt":"Wie letzten Samstag sollte heute Nordwind mit leichtem Osteinschlag herrschen. Ich musste sowieso nach Niedernhausen und bin von da an den MFK dann weiter. Gegen 12:45 Uhr war ich da. Auf der Fahrt zum Kopf hatte es geregnet (samt Schneegraupel), aber als ich ankam, lie\u00df der Regen nach um gegen\u2026","rel":"","context":"In &quot;Allgemein&quot;","img":{"alt_text":"","src":"","width":0,"height":0},"classes":[]},{"id":1502,"url":"https:\/\/fliegerblog.rjs.de\/?p=1502","url_meta":{"origin":380,"position":2},"title":"Der Abschluss hat es gerettet","date":"September 28, 2018","format":false,"excerpt":"\u00a0 War ja klar - ich habe endlich mal einige Tage Zeit zum Fliegen und dann passen die Umst\u00e4nde nicht ;-(. Morgen wird das Schleppen mangels Interesse abgesagt und die n\u00e4chsten Tage sind wohl nicht wirklich berauschend hinsichtlich der Flugbedingungen. Aus dem Grund bin ich heute an den MFK, obwohl\u2026","rel":"","context":"\u00c4hnlicher Beitrag","img":{"alt_text":"","src":"https:\/\/i0.wp.com\/2.bp.blogspot.com\/-rdQPPNsTm6E\/W65QlVhICpI\/AAAAAAAAEIE\/TgTr_Mrh_JMu-BoajuQ--uxb0W7u3vUpgCLcBGAs\/s320\/GOPR3932.JPG?resize=350%2C200&ssl=1","width":350,"height":200},"classes":[]},{"id":167,"url":"https:\/\/fliegerblog.rjs.de\/?p=167","url_meta":{"origin":380,"position":3},"title":"Arnoldshain","date":"April 5, 2009","format":false,"excerpt":"Und noch ein 3. Mal das Wochenende. Erst haben wir im Forum endlos diskutiert wo es heute denn hin gehen sollte. Die Prognose guter Nordwind hat sich nicht best\u00e4tigt. Und da es sowohl schwacher Wind als auch in der Richtung nicht ganz eindeutig war, gab es ziemlich viele Meinungen, was\u2026","rel":"","context":"In &quot;Allgemein&quot;","img":{"alt_text":"","src":"","width":0,"height":0},"classes":[]},{"id":42,"url":"https:\/\/fliegerblog.rjs.de\/?p=42","url_meta":{"origin":380,"position":4},"title":"Reisebericht Husby, D\u00e4nemark","date":"Juni 29, 2008","format":false,"excerpt":"Flugtagebuch K\u00fcstensoaren in Husby - D\u00e4nemark im Juni 200821. JuniIch bin wieder zum K\u00fcstenfliegen in D\u00e4nemark. In Husby, etwa 150 Kilometer s\u00fcdlich von Loekken, wo ich letztes Jahr war. Nachdem der Trip letztes Jahr eigentlich ein Reinfall war und ich in einer Woche nur einen Tag zum Fliegen kam, wollte\u2026","rel":"","context":"In &quot;Allgemein&quot;","img":{"alt_text":"","src":"https:\/\/i0.wp.com\/img.youtube.com\/vi\/1PDZNyzILZw\/0.jpg?resize=350%2C200","width":350,"height":200},"classes":[]},{"id":376,"url":"https:\/\/fliegerblog.rjs.de\/?p=376","url_meta":{"origin":380,"position":5},"title":"Vor der Front","date":"Oktober 23, 2010","format":false,"excerpt":"Heute Abend soll eine Schlechtwetterfront kommen. Und entsprechend der Wind \u00fcber den Tag zunehmen. Wir haben es deshalb heute ganz fr\u00fch in Reichenbach versucht, denn da sollte der Wind noch gut passen. Zwar war bei mir zuhause so was von Nebel, aber da die Webcam auf dem Feldberg strahlenden Sonnenschein\u2026","rel":"","context":"In &quot;Allgemein&quot;","img":{"alt_text":"","src":"","width":0,"height":0},"classes":[]}],"_links":{"self":[{"href":"https:\/\/fliegerblog.rjs.de\/index.php?rest_route=\/wp\/v2\/posts\/380","targetHints":{"allow":["GET"]}}],"collection":[{"href":"https:\/\/fliegerblog.rjs.de\/index.php?rest_route=\/wp\/v2\/posts"}],"about":[{"href":"https:\/\/fliegerblog.rjs.de\/index.php?rest_route=\/wp\/v2\/types\/post"}],"author":[{"embeddable":true,"href":"https:\/\/fliegerblog.rjs.de\/index.php?rest_route=\/wp\/v2\/users\/1"}],"replies":[{"embeddable":true,"href":"https:\/\/fliegerblog.rjs.de\/index.php?rest_route=%2Fwp%2Fv2%2Fcomments&post=380"}],"version-history":[{"count":0,"href":"https:\/\/fliegerblog.rjs.de\/index.php?rest_route=\/wp\/v2\/posts\/380\/revisions"}],"wp:attachment":[{"href":"https:\/\/fliegerblog.rjs.de\/index.php?rest_route=%2Fwp%2Fv2%2Fmedia&parent=380"}],"wp:term":[{"taxonomy":"category","embeddable":true,"href":"https:\/\/fliegerblog.rjs.de\/index.php?rest_route=%2Fwp%2Fv2%2Fcategories&post=380"},{"taxonomy":"post_tag","embeddable":true,"href":"https:\/\/fliegerblog.rjs.de\/index.php?rest_route=%2Fwp%2Fv2%2Ftags&post=380"}],"curies":[{"name":"wp","href":"https:\/\/api.w.org\/{rel}","templated":true}]}}