{"id":378,"date":"2010-10-27T17:23:06","date_gmt":"2010-10-27T16:23:06","guid":{"rendered":"http:\/\/www.rjs.de\/fliegerblog\/?p=378"},"modified":"2010-10-27T17:23:06","modified_gmt":"2010-10-27T16:23:06","slug":"2-stunden-reichenbach","status":"publish","type":"post","link":"https:\/\/fliegerblog.rjs.de\/?p=378","title":{"rendered":"2 Stunden Reichenbach"},"content":{"rendered":"<p>Heute zog am Morgen eine kleine Regenfront durch und das waren keine guten Vorzeichen f\u00fcr Gleitschirmfliegen. Aber nachdem die durch war, wurde das Wetter ok und der S\u00fcdwind schien f\u00fcr Reichenbach zu passen. Ich musste am Nachmittag sowieso in die Gegend und von daher war ich gegen 13:45 Uhr am Hang. Es hat in der Tat gepasst und teilweise gut getragen. 16:00 Uhr haben wir eingepackt.<br \/>\n<object width=\"425\" height=\"344\"><param name=\"movie\" value=\"http:\/\/www.youtube.com\/v\/bcfxv_qNST8?hl=de&#038;fs=1\"><\/param><param name=\"allowFullScreen\" value=\"true\"><\/param><param name=\"allowscriptaccess\" value=\"always\"><\/param><\/object><\/p>\n","protected":false},"excerpt":{"rendered":"<p>Heute zog am Morgen eine kleine Regenfront durch und das waren keine guten Vorzeichen f\u00fcr Gleitschirmfliegen. Aber nachdem die durch war, wurde das Wetter ok und der S\u00fcdwind schien f\u00fcr Reichenbach zu passen. Ich musste am Nachmittag sowieso in die Gegend und von daher war ich gegen 13:45 Uhr am Hang. Es hat in der &hellip; <a href=\"https:\/\/fliegerblog.rjs.de\/?p=378\" class=\"more-link\"><span class=\"screen-reader-text\">\u201e2 Stunden Reichenbach\u201c<\/span> weiterlesen<\/a><\/p>\n","protected":false},"author":1,"featured_media":0,"comment_status":"open","ping_status":"open","sticky":false,"template":"","format":"standard","meta":{"jetpack_post_was_ever_published":false,"footnotes":"","jetpack_publicize_message":"","jetpack_is_tweetstorm":false,"jetpack_publicize_feature_enabled":true,"jetpack_social_options":[]},"categories":[2],"tags":[],"class_list":["post-378","post","type-post","status-publish","format-standard","hentry","category-allgemein"],"jetpack_publicize_connections":[],"jetpack_featured_media_url":"","jetpack_shortlink":"https:\/\/wp.me\/p788kK-66","jetpack-related-posts":[{"id":859,"url":"https:\/\/fliegerblog.rjs.de\/?p=859","url_meta":{"origin":378,"position":0},"title":"So sollte der November bleiben","date":"November 1, 2014","format":false,"excerpt":"1. November 2014, tr\u00fcber Nebel in den T\u00e4lern, irgendwelche durchgeknallten Verkaufsleiter haben im Drogenrausch in einigen Gesch\u00e4ften - teils seit mehreren Tagen - bereits Weihnachtsdeko drapiert (ein trauriges Schicksal - solchen Leuten kann man auch mit kaltem Entzug sicher nicht mehr helfen) und n\u00e4chste Woche soll im Nachbardorf die Eisbahn\u2026","rel":"","context":"In &quot;Allgemein&quot;","img":{"alt_text":"","src":"","width":0,"height":0},"classes":[]},{"id":609,"url":"https:\/\/fliegerblog.rjs.de\/?p=609","url_meta":{"origin":378,"position":1},"title":"Das m\u00fcsste der Jahresabschluss gewesen sein &#8211; und der war gar nicht so schlecht","date":"Dezember 29, 2012","format":false,"excerpt":"Oh man, ich war ja ewig nicht mehr richtig mit dem Schirm in der Luft. Am 1. Dezember habe ich kurz am Hang gespielt und Mitte Oktober gab es einen mittelschwachen Flugtag in Reichenbach. Anfang Oktober war somit der letzte richtige Flugtag f\u00fcr mich gewesen. Klar - die Sp\u00e4therbst- und\u2026","rel":"","context":"In &quot;Allgemein&quot;","img":{"alt_text":"","src":"https:\/\/i0.wp.com\/3.bp.blogspot.com\/-S4EYK47t1Ak\/UN8gmXksVCI\/AAAAAAAABPY\/WTG5msR9GaY\/s320\/20121229_121349.jpg?resize=350%2C200","width":350,"height":200},"classes":[]},{"id":1193,"url":"https:\/\/fliegerblog.rjs.de\/?p=1193","url_meta":{"origin":378,"position":2},"title":"(Zu) sp\u00e4t entschieden","date":"September 24, 2016","format":false,"excerpt":"Ich war seit letzten Sonntagabend beruflich in K\u00f6ln und erst gestern abend wieder heimgekommen. Daher wollte ich heute nur auf kleiner Flamme was machen. Schleppen um die Ecke in Wallertheim w\u00e4re super gewesen (zumal der Wind schlapp angek\u00fcndigt war), aber leider ist da keine Schleppmannschaft zustande gekommen. Aschaffenburg und Asslar\u2026","rel":"","context":"\u00c4hnlicher Beitrag","img":{"alt_text":"","src":"","width":0,"height":0},"classes":[]},{"id":2057,"url":"https:\/\/fliegerblog.rjs.de\/?p=2057","url_meta":{"origin":378,"position":3},"title":"Zumindest wieder einmal Groundhandling","date":"Februar 29, 2024","format":false,"excerpt":"Es sah \u00fcber die Woche f\u00fcr den heutigen Tag von den Prognosen gut f\u00fcr Reichenbach aus und ich hatte Zeit. Nur habe ich \u00fcber den Vormittag eine Weile die Messwerte von Reichenbach und die tagesaktuellen Prognosen beobachtet. Es gab recht best\u00e4ndig niedrige 2-stellige Km\/h an der Messstation in Reichenbach, aber\u2026","rel":"","context":"\u00c4hnlicher Beitrag","img":{"alt_text":"","src":"https:\/\/i0.wp.com\/blogger.googleusercontent.com\/img\/b\/R29vZ2xl\/AVvXsEgamWe1vqMIIIKAGaX8NLT9tNnl7hj41eOFRxbhohjGl49dDyrMY9zszGwETRxcztCYsNdH3fOgzugaEaf_V0xBBZNqGg2Q24ORvBVs9zqBvkD-4Q5uBCTWiZFCf_3XiTBvGwO5vXhhP-P4xru_EPxg6vEiSOCYQC5Viqb1yyouQh54bxA9tBCBhLPb2elK\/w400-h300\/halberg.jpeg?resize=350%2C200&ssl=1","width":350,"height":200},"classes":[]},{"id":545,"url":"https:\/\/fliegerblog.rjs.de\/?p=545","url_meta":{"origin":378,"position":4},"title":"Aktives Fliegen","date":"April 3, 2012","format":false,"excerpt":"Wenn ich nicht sowieso im Taunus zu tun gehabt h\u00e4tte, h\u00e4tten mich die angek\u00fcndigten 4 - 5 Knoten S\u00fcdwind nicht an den Hang gelockt. Viel zu schwach. Aber als wir um 15:00 Uhr in Reichenbach ankamen, zeigten sich die Bedingungen wieder einmal ganz anders als angek\u00fcndigt. Der Wind war zwar\u2026","rel":"","context":"In &quot;Allgemein&quot;","img":{"alt_text":"","src":"","width":0,"height":0},"classes":[]},{"id":852,"url":"https:\/\/fliegerblog.rjs.de\/?p=852","url_meta":{"origin":378,"position":5},"title":"Wow","date":"Oktober 19, 2014","format":false,"excerpt":"Es sah heute nach einem supersonnigen Sonntag aus und da wollte ich unbedingt nochmal in die Luft. Die Prognosen haben S\u00fcdwind angesagt. So ganz schl\u00fcssig waren die Vorhersagen aber nicht, welche Unterrichtung es geben sollte. Ein Teil hat SW, ein Teil aber auch SO vorhergesagt. Ziemlich eindeutig aber allerdings, dass\u2026","rel":"","context":"In &quot;Allgemein&quot;","img":{"alt_text":"","src":"","width":0,"height":0},"classes":[]}],"_links":{"self":[{"href":"https:\/\/fliegerblog.rjs.de\/index.php?rest_route=\/wp\/v2\/posts\/378","targetHints":{"allow":["GET"]}}],"collection":[{"href":"https:\/\/fliegerblog.rjs.de\/index.php?rest_route=\/wp\/v2\/posts"}],"about":[{"href":"https:\/\/fliegerblog.rjs.de\/index.php?rest_route=\/wp\/v2\/types\/post"}],"author":[{"embeddable":true,"href":"https:\/\/fliegerblog.rjs.de\/index.php?rest_route=\/wp\/v2\/users\/1"}],"replies":[{"embeddable":true,"href":"https:\/\/fliegerblog.rjs.de\/index.php?rest_route=%2Fwp%2Fv2%2Fcomments&post=378"}],"version-history":[{"count":0,"href":"https:\/\/fliegerblog.rjs.de\/index.php?rest_route=\/wp\/v2\/posts\/378\/revisions"}],"wp:attachment":[{"href":"https:\/\/fliegerblog.rjs.de\/index.php?rest_route=%2Fwp%2Fv2%2Fmedia&parent=378"}],"wp:term":[{"taxonomy":"category","embeddable":true,"href":"https:\/\/fliegerblog.rjs.de\/index.php?rest_route=%2Fwp%2Fv2%2Fcategories&post=378"},{"taxonomy":"post_tag","embeddable":true,"href":"https:\/\/fliegerblog.rjs.de\/index.php?rest_route=%2Fwp%2Fv2%2Ftags&post=378"}],"curies":[{"name":"wp","href":"https:\/\/api.w.org\/{rel}","templated":true}]}}