{"id":374,"date":"2010-10-22T19:52:31","date_gmt":"2010-10-22T18:52:31","guid":{"rendered":"http:\/\/www.rjs.de\/fliegerblog\/?p=374"},"modified":"2010-10-22T19:52:31","modified_gmt":"2010-10-22T18:52:31","slug":"doch-nochmal-schleppen","status":"publish","type":"post","link":"https:\/\/fliegerblog.rjs.de\/?p=374","title":{"rendered":"Doch nochmal Schleppen"},"content":{"rendered":"<p>Es hat doch noch einmal in diesem Jahr mit Schleppen geklappt. Sogar bei meinem Verein. Obwohl es wegen zu weniger Anmeldungen auf der Kippe stand. Nur 4 Flieger hatten sich gemeldet (das versteh einer &#8211; letzte Woche in Neu-Anspach waren es 18 Flieger und einige sind zudem heimgegangen, weil es zu voll war).<br \/>\nLetztendlich waren wir aber 6 Flieger  auf dem Flugplatz in Laufenselden und das ist eigentlich eine gute Anzahl, um einen optimalen Turn-around zwischen Fliegen, Startleiter machen und Quadfahren zum Seilholen zu erreichen.<\/p>\n<p><object width=\"425\" height=\"344\"><param name=\"movie\" value=\"http:\/\/www.youtube.com\/v\/2YSAcYVo92k?hl=de&#038;fs=1\"><\/param><param name=\"allowFullScreen\" value=\"true\"><\/param><param name=\"allowscriptaccess\" value=\"always\"><\/param><\/object><\/p>\n<p>Und es ist heute richtig gut gelaufen. Der Wind war schwach, aber f\u00fcr einen guten Start ausreichend. Und er hat ideal auf der Bahn gestanden. Dummer Weise war es jedoch bew\u00f6lkt. Wir hatten mit mehr Sonne gerechnet. Dementsprechend war keine Thermik vorhanden (und es war mit etwa 5 &#8211; 6 Grad auch ziemlich frisch). Die ersten Fl\u00fcge waren reine Abgleiter, aber so gegen 17:00 Uhr hat der H\u00f6henwind durchgedr\u00fcckt. Der muss sowieso recht stark gewesen sein, denn einige nohe Wolken waren richtig zu Linsen geformt. <\/p>\n<p>Als dann noch die Sonne endlich passend zum Sunset rauskam, gab es zum Abschluss noch ein paar richtig sch\u00f6ne Fl\u00fcge in der Abendsonne. Und durch den Wind konnte man \u00fcber der Baumreihe am Start sogar einigerma\u00dfen Soaren. Es war zwar ein Kampf um Sekunden, aber meine Fl\u00fcge wurden von Mal zu Mal eine halbe Minute l\u00e4nger. Und da ich 6 Fl\u00fcge machen konnte, kam auch insgesamt deutlich mehr wie 20 Minuten Airtime raus.<\/p>\n<p>Hat sich alles in Allem heute nochmal gelohnt. Und vielleicht geht das Jahr ja doch noch mehr.<br \/>\n<object width=\"425\" height=\"344\"><param name=\"movie\" value=\"http:\/\/www.youtube.com\/v\/CH6AhRaYTV4?hl=de&#038;fs=1\"><\/param><param name=\"allowFullScreen\" value=\"true\"><\/param><param name=\"allowscriptaccess\" value=\"always\"><\/param><\/object><\/p>\n","protected":false},"excerpt":{"rendered":"<p>Es hat doch noch einmal in diesem Jahr mit Schleppen geklappt. Sogar bei meinem Verein. Obwohl es wegen zu weniger Anmeldungen auf der Kippe stand. Nur 4 Flieger hatten sich gemeldet (das versteh einer &#8211; letzte Woche in Neu-Anspach waren es 18 Flieger und einige sind zudem heimgegangen, weil es zu voll war). Letztendlich waren &hellip; <a href=\"https:\/\/fliegerblog.rjs.de\/?p=374\" class=\"more-link\"><span class=\"screen-reader-text\">\u201eDoch nochmal Schleppen\u201c<\/span> weiterlesen<\/a><\/p>\n","protected":false},"author":1,"featured_media":0,"comment_status":"open","ping_status":"open","sticky":false,"template":"","format":"standard","meta":{"jetpack_post_was_ever_published":false,"footnotes":"","jetpack_publicize_message":"","jetpack_is_tweetstorm":false,"jetpack_publicize_feature_enabled":true,"jetpack_social_options":[]},"categories":[2],"tags":[],"class_list":["post-374","post","type-post","status-publish","format-standard","hentry","category-allgemein"],"jetpack_publicize_connections":[],"jetpack_featured_media_url":"","jetpack_shortlink":"https:\/\/wp.me\/p788kK-62","jetpack-related-posts":[{"id":915,"url":"https:\/\/fliegerblog.rjs.de\/?p=915","url_meta":{"origin":374,"position":0},"title":"Spielen in Arnoldshain","date":"April 18, 2015","format":false,"excerpt":"Die Wetterlage ist seit gestern auf recht knackigen NO-Wind eingefahren. Gestern war Schleppen in Laufenselden angesetzt, aber mir waren die Bedingungen zu heftig. Nachdem ich schon am Donnerstag das Schleppen in Neu-Anspach nicht mitgemacht habe, wollte ich heute zumindest den Schirm rausholen. Das Wetter war einfach zu gut, um nichts\u2026","rel":"","context":"In &quot;Allgemein&quot;","img":{"alt_text":"","src":"","width":0,"height":0},"classes":[]},{"id":921,"url":"https:\/\/fliegerblog.rjs.de\/?p=921","url_meta":{"origin":374,"position":1},"title":"Mein erster 2015-Schlepp in Laufenselden","date":"April 24, 2015","format":false,"excerpt":"Letzten Freitag haben die Gleitschirmfreunde Taunusstein die Schlepp-Saison 2015 in Laufenselden er\u00f6ffnet. Mir waren f\u00fcr den Tag die Prognosen und dann am Vormittag auch die Messwerte zu heftig und ich bin deshalb nicht hin. War wohl auch berechtigt, denn da kamen den ganzen Nachmittag nur 2 Schlepps unter wohl recht\u2026","rel":"","context":"In &quot;Allgemein&quot;","img":{"alt_text":"","src":"","width":0,"height":0},"classes":[]},{"id":1165,"url":"https:\/\/fliegerblog.rjs.de\/?p=1165","url_meta":{"origin":374,"position":2},"title":"Recht ergiebiger Schlepp-Samstag","date":"Juli 16, 2016","format":false,"excerpt":"Ich hatte mich schon fr\u00fch in der Woche zum Schleppen in Wallertheim angemeldet. Nur ist der Schlepptermin heute leider nicht zustande gekommen. Vollkommen \u00fcberraschend hat aber mein Gleitschirmverein f\u00fcr heute ebenfalls einen Schlepptermin angesetzt. Ganz kurzfristig. Normalerweise k\u00f6nnen wir am Wochenende nicht auf dem Flugplatz in Laufenselden schleppen, weil da\u2026","rel":"","context":"\u00c4hnlicher Beitrag","img":{"alt_text":"","src":"","width":0,"height":0},"classes":[]},{"id":758,"url":"https:\/\/fliegerblog.rjs.de\/?p=758","url_meta":{"origin":374,"position":3},"title":"Winde oder Hang?","date":"April 25, 2014","format":false,"excerpt":"Das war heute die Frage. Bei den Gleitschirmfreunden Taunusstein war in Laufenselden Schleppen angesetzt. Aber die Prognosen sahen nach Ost bis teils SO aus. Zudem sollte der Wind in B\u00f6en recht kr\u00e4ftig werden. Die Bahn ist nach NO ausgerichtet und von daher war ich nicht ganz \u00fcberzeugt, dass das eine\u2026","rel":"","context":"In &quot;Allgemein&quot;","img":{"alt_text":"","src":"","width":0,"height":0},"classes":[]},{"id":1510,"url":"https:\/\/fliegerblog.rjs.de\/?p=1510","url_meta":{"origin":374,"position":4},"title":"Seemann gr\u00fc\u00df mir die Flieger","date":"Oktober 13, 2018","format":false,"excerpt":"Das war heute verdammt schwer eine Entscheidung zu treffen, was man denn am besten macht. So richtig, richtig warm, geniale Sonne und Zeit. Dazu war Schleppen in Singhofen angesetzt und um 11 Uhr war da Treffen. Aber der Wind sollte aus SO kommen. Das ist genau quer zur Schleppstrecke. Und\u2026","rel":"","context":"\u00c4hnlicher Beitrag","img":{"alt_text":"","src":"https:\/\/i0.wp.com\/1.bp.blogspot.com\/-npGnvChQsW0\/W8IZiNZgfLI\/AAAAAAAAEK4\/Y1TcP-Vg4rwFl1ukfmTaYdVQ2-XeNqpvQCLcBGAs\/s320\/IMG_20181013_112207.jpg?resize=350%2C200&ssl=1","width":350,"height":200},"classes":[]},{"id":1271,"url":"https:\/\/fliegerblog.rjs.de\/?p=1271","url_meta":{"origin":374,"position":5},"title":"Ereignisreicher Flugtag","date":"Juni 11, 2017","format":false,"excerpt":"Mit \u00fcber 30 Grad und schwachem S\u00fcdost, der \u00fcber den Mittag auf S\u00fcd drehen sollte, waren die Prognosen f\u00fcr Eschbach heute eigentlich nicht so gut. Au\u00dferdem meide ich den Hang an Wochenenden meist, weil sehr oft zu voll. Ich hatte mich deshalb zum Schleppen in Wallertheim angemeldet, aber das ist\u2026","rel":"","context":"\u00c4hnlicher Beitrag","img":{"alt_text":"","src":"https:\/\/i0.wp.com\/4.bp.blogspot.com\/-air7_j1VKjk\/WT194lP_jrI\/AAAAAAAADcc\/6LvySIgsTrw-WDnh2NN6kd0zblZKI0a-QCLcB\/s400\/GOPR3642.JPG?resize=350%2C200&ssl=1","width":350,"height":200},"classes":[]}],"_links":{"self":[{"href":"https:\/\/fliegerblog.rjs.de\/index.php?rest_route=\/wp\/v2\/posts\/374","targetHints":{"allow":["GET"]}}],"collection":[{"href":"https:\/\/fliegerblog.rjs.de\/index.php?rest_route=\/wp\/v2\/posts"}],"about":[{"href":"https:\/\/fliegerblog.rjs.de\/index.php?rest_route=\/wp\/v2\/types\/post"}],"author":[{"embeddable":true,"href":"https:\/\/fliegerblog.rjs.de\/index.php?rest_route=\/wp\/v2\/users\/1"}],"replies":[{"embeddable":true,"href":"https:\/\/fliegerblog.rjs.de\/index.php?rest_route=%2Fwp%2Fv2%2Fcomments&post=374"}],"version-history":[{"count":0,"href":"https:\/\/fliegerblog.rjs.de\/index.php?rest_route=\/wp\/v2\/posts\/374\/revisions"}],"wp:attachment":[{"href":"https:\/\/fliegerblog.rjs.de\/index.php?rest_route=%2Fwp%2Fv2%2Fmedia&parent=374"}],"wp:term":[{"taxonomy":"category","embeddable":true,"href":"https:\/\/fliegerblog.rjs.de\/index.php?rest_route=%2Fwp%2Fv2%2Fcategories&post=374"},{"taxonomy":"post_tag","embeddable":true,"href":"https:\/\/fliegerblog.rjs.de\/index.php?rest_route=%2Fwp%2Fv2%2Ftags&post=374"}],"curies":[{"name":"wp","href":"https:\/\/api.w.org\/{rel}","templated":true}]}}