{"id":371,"date":"2010-09-23T20:34:05","date_gmt":"2010-09-23T19:34:05","guid":{"rendered":"http:\/\/www.rjs.de\/fliegerblog\/?p=371"},"modified":"2010-09-23T20:34:05","modified_gmt":"2010-09-23T19:34:05","slug":"kein-guter-flugtag","status":"publish","type":"post","link":"https:\/\/fliegerblog.rjs.de\/?p=371","title":{"rendered":"Kein guter Flugtag"},"content":{"rendered":"<p>Ab heute ist Herbst und ab morgen soll eine Schlechtwetterfront kommen. Aber heute waren nochmal Sonne und bis 26 Grad angesagt. Von daher bin ich schon ziemlich fr\u00fch (so gegen 13:30 Uhr) zum Schleppen nach Neu-Anspach. Obwohl die Gefahr bestand, dass der Wind quer zur Startbahn kommt. In der Praxis passen aber Prognosen ja meist nicht und so war ich guter Hoffnung, dass das dennoch ein guter Flugtag wird.<\/p>\n<p>Aber nix war&#8217;s. Der Wind war ziemlich kr\u00e4ftig und stand in der Tat genau quer zur Startbahn. Nach dem ersten Flieger haben wir deshalb die Winde umgestellt und wollten gegen den Wind einen Feldweg runter schleppen. Das konnten wir direkt dank eines freundlichen Bauern, der sofort die Polizei holen wollte, wieder einstellen \ud83d\ude41 &#8211; danke nochmal an den A&#8230;, denn das h\u00e4tte von da heute perfekt gepasst (wobei der A&#8230; das wohl nie liest, da sicher mit Internet \u00fcberfordert).<\/p>\n<p>Zur\u00fcck auf der Startbahn habe ich einen Start probiert, aber den Schirm irgendwie nicht richtig in den Wind gestellt. Der Windenfahrer hat die Sache nach einigen Metern abgebrochen. Aber besser so als dass was passiert w\u00e4re. Und ich habe dabei was gelernt, denn mit soviel Querwind habe ich noch nie geschleppt.<\/p>\n<p>Dann hat es aber weiter immer wieder ewig gedauert, bis Flieger in die Luft kamen. Oft musste lange gewartet werden, bis der Wind halbwegs gepasst hatte. Dann ist mehrfach das Seil gerissen und zuletzt ist gegen 18:00 Uhr noch die Winde selbst hin\u00fcber gegangen (Z\u00fcndspule). <\/p>\n<p>Ich hatte bis dahin nur einen echten Flug. Der war zwar ganz nett, da ich nach dem Ausklinken kaum gesunken bin. Aber das kam durch den starken Wind (Sch\u00e4tzungen waren bei 30 Km\/h) und der halt quer zur Startbahn (dementsprechend nicht einfach beim Start).<\/p>\n<p>Insgesamt wirklich kein perfekter Flugtag heute.<\/p>\n","protected":false},"excerpt":{"rendered":"<p>Ab heute ist Herbst und ab morgen soll eine Schlechtwetterfront kommen. Aber heute waren nochmal Sonne und bis 26 Grad angesagt. Von daher bin ich schon ziemlich fr\u00fch (so gegen 13:30 Uhr) zum Schleppen nach Neu-Anspach. Obwohl die Gefahr bestand, dass der Wind quer zur Startbahn kommt. In der Praxis passen aber Prognosen ja meist &hellip; <a href=\"https:\/\/fliegerblog.rjs.de\/?p=371\" class=\"more-link\"><span class=\"screen-reader-text\">\u201eKein guter Flugtag\u201c<\/span> weiterlesen<\/a><\/p>\n","protected":false},"author":1,"featured_media":0,"comment_status":"open","ping_status":"open","sticky":false,"template":"","format":"standard","meta":{"jetpack_post_was_ever_published":false,"footnotes":"","jetpack_publicize_message":"","jetpack_is_tweetstorm":false,"jetpack_publicize_feature_enabled":true,"jetpack_social_options":[]},"categories":[2],"tags":[],"class_list":["post-371","post","type-post","status-publish","format-standard","hentry","category-allgemein"],"jetpack_publicize_connections":[],"jetpack_featured_media_url":"","jetpack_shortlink":"https:\/\/wp.me\/p788kK-5Z","jetpack-related-posts":[{"id":686,"url":"https:\/\/fliegerblog.rjs.de\/?p=686","url_meta":{"origin":371,"position":0},"title":"Testival in A\u00dflar","date":"August 24, 2013","format":false,"excerpt":"Ich war heute in A\u00dflar beim Fliegerfest bzw. Testival. Die Veranstaltung hat bereits gestern begonnen und geht bis Sonntag. Urspr\u00fcnglich wollte ich heute Abend sogar da \u00fcbernachten und 2 Tage fliegen. Aber zum einen kommt mir eine andere Feier heute Abend in die Quere und zum anderen soll es morgen\u2026","rel":"","context":"In &quot;Allgemein&quot;","img":{"alt_text":"","src":"","width":0,"height":0},"classes":[]},{"id":330,"url":"https:\/\/fliegerblog.rjs.de\/?p=330","url_meta":{"origin":371,"position":1},"title":"Rekordanzahl an Schlepps","date":"Juni 10, 2010","format":false,"excerpt":"Nachdem wir letzten Freitag endlich in meinem Gleitschirmverein die Schleppsaison er\u00f6ffnen konnten, ist auch heute das Donnerstags-Schleppen auf dem Flugplatz Neu-Anspach\/Obernhain angelaufen. Auch hier ging bisher nichts. Die letzten zwei Jahre war ich \u00fcber die Saison h\u00e4ufiger da am Schleppen als bei unseren Vereinsschlepps. Von daher wollte ich auch heute\u2026","rel":"","context":"In &quot;Allgemein&quot;","img":{"alt_text":"","src":"","width":0,"height":0},"classes":[]},{"id":1448,"url":"https:\/\/fliegerblog.rjs.de\/?p=1448","url_meta":{"origin":371,"position":2},"title":"Singhofen x 6","date":"Mai 26, 2018","format":false,"excerpt":"Das war heute verdammt hei\u00df auf der Piste. Fast 30 Grad im Schatten, aber es gab keinen solchen. Aber es war auch cool, denn mit 6 Fl\u00fcgen habe ich mein bisher ziemlich mageres Schleppkonto 2018 doch etwas gef\u00fcllt. Dabei war es eine verdammt schwere Entscheidung, wo ich heute hin gehen\u2026","rel":"","context":"\u00c4hnlicher Beitrag","img":{"alt_text":"","src":"https:\/\/i0.wp.com\/1.bp.blogspot.com\/-EDYGHWSzmLI\/Wwme0IKxMII\/AAAAAAAAD8c\/mu8Eo9IurNc2q-y9HFBKWTzY2ucdze6uQCLcBGAs\/s320\/GOPR1881.JPG?resize=350%2C200&ssl=1","width":350,"height":200},"classes":[]},{"id":1502,"url":"https:\/\/fliegerblog.rjs.de\/?p=1502","url_meta":{"origin":371,"position":3},"title":"Der Abschluss hat es gerettet","date":"September 28, 2018","format":false,"excerpt":"\u00a0 War ja klar - ich habe endlich mal einige Tage Zeit zum Fliegen und dann passen die Umst\u00e4nde nicht ;-(. Morgen wird das Schleppen mangels Interesse abgesagt und die n\u00e4chsten Tage sind wohl nicht wirklich berauschend hinsichtlich der Flugbedingungen. Aus dem Grund bin ich heute an den MFK, obwohl\u2026","rel":"","context":"\u00c4hnlicher Beitrag","img":{"alt_text":"","src":"https:\/\/i0.wp.com\/2.bp.blogspot.com\/-rdQPPNsTm6E\/W65QlVhICpI\/AAAAAAAAEIE\/TgTr_Mrh_JMu-BoajuQ--uxb0W7u3vUpgCLcBGAs\/s320\/GOPR3932.JPG?resize=350%2C200&ssl=1","width":350,"height":200},"classes":[]},{"id":1165,"url":"https:\/\/fliegerblog.rjs.de\/?p=1165","url_meta":{"origin":371,"position":4},"title":"Recht ergiebiger Schlepp-Samstag","date":"Juli 16, 2016","format":false,"excerpt":"Ich hatte mich schon fr\u00fch in der Woche zum Schleppen in Wallertheim angemeldet. Nur ist der Schlepptermin heute leider nicht zustande gekommen. Vollkommen \u00fcberraschend hat aber mein Gleitschirmverein f\u00fcr heute ebenfalls einen Schlepptermin angesetzt. Ganz kurzfristig. Normalerweise k\u00f6nnen wir am Wochenende nicht auf dem Flugplatz in Laufenselden schleppen, weil da\u2026","rel":"","context":"\u00c4hnlicher Beitrag","img":{"alt_text":"","src":"","width":0,"height":0},"classes":[]},{"id":1450,"url":"https:\/\/fliegerblog.rjs.de\/?p=1450","url_meta":{"origin":371,"position":5},"title":"Gleich nochmal Singhofen","date":"Mai 27, 2018","format":false,"excerpt":"An dem Wochenende war von meinem Verein f\u00fcr beide Tage Schleppen angesetzt und deshalb bin ich auch heute gleich nochmal nach Singhofen gefahren. 10:00 Uhr war ich wieder auf dem Flugplatz und wie gestern gleich wieder beim ersten Pilotenpaar dabei, dass gestartet ist. Die Bedingungen waren \u00e4hnlich wie gestern, nur\u2026","rel":"","context":"\u00c4hnlicher Beitrag","img":{"alt_text":"","src":"https:\/\/i0.wp.com\/2.bp.blogspot.com\/-z0eOJkb_hNI\/WwrUjPIGpbI\/AAAAAAAAD9Y\/0zvYDmMCZ30h0dzXNkNFdjvlpdYQEJ3ewCLcBGAs\/s320\/GOPR2324.JPG?resize=350%2C200&ssl=1","width":350,"height":200},"classes":[]}],"_links":{"self":[{"href":"https:\/\/fliegerblog.rjs.de\/index.php?rest_route=\/wp\/v2\/posts\/371","targetHints":{"allow":["GET"]}}],"collection":[{"href":"https:\/\/fliegerblog.rjs.de\/index.php?rest_route=\/wp\/v2\/posts"}],"about":[{"href":"https:\/\/fliegerblog.rjs.de\/index.php?rest_route=\/wp\/v2\/types\/post"}],"author":[{"embeddable":true,"href":"https:\/\/fliegerblog.rjs.de\/index.php?rest_route=\/wp\/v2\/users\/1"}],"replies":[{"embeddable":true,"href":"https:\/\/fliegerblog.rjs.de\/index.php?rest_route=%2Fwp%2Fv2%2Fcomments&post=371"}],"version-history":[{"count":0,"href":"https:\/\/fliegerblog.rjs.de\/index.php?rest_route=\/wp\/v2\/posts\/371\/revisions"}],"wp:attachment":[{"href":"https:\/\/fliegerblog.rjs.de\/index.php?rest_route=%2Fwp%2Fv2%2Fmedia&parent=371"}],"wp:term":[{"taxonomy":"category","embeddable":true,"href":"https:\/\/fliegerblog.rjs.de\/index.php?rest_route=%2Fwp%2Fv2%2Fcategories&post=371"},{"taxonomy":"post_tag","embeddable":true,"href":"https:\/\/fliegerblog.rjs.de\/index.php?rest_route=%2Fwp%2Fv2%2Ftags&post=371"}],"curies":[{"name":"wp","href":"https:\/\/api.w.org\/{rel}","templated":true}]}}