{"id":370,"date":"2010-09-19T20:07:17","date_gmt":"2010-09-19T19:07:17","guid":{"rendered":"http:\/\/www.rjs.de\/fliegerblog\/?p=370"},"modified":"2010-09-19T20:07:17","modified_gmt":"2010-09-19T19:07:17","slug":"25-stunden-dazwischen-geschoben","status":"publish","type":"post","link":"https:\/\/fliegerblog.rjs.de\/?p=370","title":{"rendered":"2,5 Stunden dazwischen geschoben"},"content":{"rendered":"<p>Im Moment habe ich ziemlich viel um die Ohren und eigentlich null Zeit. Aber die Prognosen f\u00fcr heute waren so verlockend, dass ich von ca. 12:45 Uhr &#8211; 15:15 Uhr doch in Reichenbach am Hang war. War sowieso in der Ecke unterwegs und die Zeit lie\u00df sich &#8211; mit M\u00fche &#8211; abzwacken. Zumal wir wieder Sp\u00e4\u00dfchen mit dem Handseil machen wollten (ich habe schon die \u00fcbern\u00e4chste Woche in K\u00f6ssen aus zeitlichen Problemen gestrichen und da will ich zumindest hier gelegentlich den Schirm in die Luft bekommen). <\/p>\n<p>Kam aber nicht dazu (kein Handschlepp &#8211; zumindest bis ich gegangen bin). Nur &#8222;normale&#8220; Fl\u00fcge.<\/p>\n<p>Insgesamt waren die Bedingungen nicht so gut wie erhofft und schon gar nicht wie letztes Wochenende. Der Wind war schwach und die Thermik kaum vorhanden, da mehr Wolken wie erwartet. Dann noch eine etwas zu starke Westtendenz. <\/p>\n<p>Aber ein paar nette kleine Fl\u00fcge kamen doch raus, wenn man eine der sparsamen Abl\u00f6sung erwischt hat. Ich hatte doch einige Male das Gl\u00fcck und von daher war der Tag kein Highlight, aber definitiv auch kein Reinfall. <\/p>\n<p>Und voll war es heute am Hang. Unglaublich.<\/p>\n","protected":false},"excerpt":{"rendered":"<p>Im Moment habe ich ziemlich viel um die Ohren und eigentlich null Zeit. Aber die Prognosen f\u00fcr heute waren so verlockend, dass ich von ca. 12:45 Uhr &#8211; 15:15 Uhr doch in Reichenbach am Hang war. War sowieso in der Ecke unterwegs und die Zeit lie\u00df sich &#8211; mit M\u00fche &#8211; abzwacken. Zumal wir wieder &hellip; <a href=\"https:\/\/fliegerblog.rjs.de\/?p=370\" class=\"more-link\"><span class=\"screen-reader-text\">\u201e2,5 Stunden dazwischen geschoben\u201c<\/span> weiterlesen<\/a><\/p>\n","protected":false},"author":1,"featured_media":0,"comment_status":"open","ping_status":"open","sticky":false,"template":"","format":"standard","meta":{"jetpack_post_was_ever_published":false,"footnotes":"","jetpack_publicize_message":"","jetpack_is_tweetstorm":false,"jetpack_publicize_feature_enabled":true,"jetpack_social_options":[]},"categories":[2],"tags":[],"class_list":["post-370","post","type-post","status-publish","format-standard","hentry","category-allgemein"],"jetpack_publicize_connections":[],"jetpack_featured_media_url":"","jetpack_shortlink":"https:\/\/wp.me\/p788kK-5Y","jetpack-related-posts":[{"id":1855,"url":"https:\/\/fliegerblog.rjs.de\/?p=1855","url_meta":{"origin":370,"position":0},"title":"Erst ist der Hammer geflogen, dann ich","date":"September 25, 2021","format":false,"excerpt":"Heute musste ich mich wieder zwischen Wallertheim und Singhofen entscheiden. An beiden Locations wurde geschleppt. Aber die Entscheidung war recht einfach, denn ich hatte mich f\u00fcr 10:00 Uhr in Niederselters zum Hammerwerfen gemeldet und wenn man schon in die Richtung unterwegs ist, macht es Sinn, dann nach Singhofen zu gehen.\u2026","rel":"","context":"\u00c4hnlicher Beitrag","img":{"alt_text":"","src":"https:\/\/i0.wp.com\/1.bp.blogspot.com\/-KcmP8jGODLE\/YU9IGr4R5HI\/AAAAAAAAGVQ\/vDaOkJaPtIg_qtx9T9oat7la6qyNYef-QCLcBGAsYHQ\/w400-h300\/GOPR0089.JPG?resize=350%2C200&ssl=1","width":350,"height":200},"classes":[]},{"id":1676,"url":"https:\/\/fliegerblog.rjs.de\/?p=1676","url_meta":{"origin":370,"position":1},"title":"Was eine Nebelsuppe","date":"November 10, 2019","format":false,"excerpt":"F\u00fcr heute war bei meinem Verein GFT Schleppen in Singhofen angesetzt. Zusammen mit einem Windenkurs. An so Tagen kommt man dann zwar kaum in die Luft und muss froh sein, wenn man 2 bis 3 Fl\u00fcge hinbekommt. Aber zum Ende der Saison muss man nehmen was man kriegt. Ich hatte\u2026","rel":"","context":"\u00c4hnlicher Beitrag","img":{"alt_text":"","src":"https:\/\/i0.wp.com\/1.bp.blogspot.com\/-CXs5YvHsgkM\/Xcgnw2mH4sI\/AAAAAAAAFIc\/WZWOA9cKUtcg1eszPB3MZn9CSV4vFP8kgCLcBGAsYHQ\/s320\/IMG_20191110_101159_5.jpg?resize=350%2C200&ssl=1","width":350,"height":200},"classes":[]},{"id":2032,"url":"https:\/\/fliegerblog.rjs.de\/?p=2032","url_meta":{"origin":370,"position":2},"title":"Schleppender Neustart","date":"August 27, 2023","format":false,"excerpt":"Gestern Abend bin ich von meinem Urlaub aus S\u00fcd-Tirol zur\u00fcckgekommen. Dort habe ich die ganzen Schirme vom Hirzer, Dorf Tirol und Meran 2000 starten sehen (viele davon vom Hotel bzw. dem Pool aus), aber da es ein Familienurlaub war, hatte ich bewusst keinen Gleitschirm mitgenommen. F\u00e4llt schon schwer, ist aber\u2026","rel":"","context":"\u00c4hnlicher Beitrag","img":{"alt_text":"","src":"https:\/\/i0.wp.com\/blogger.googleusercontent.com\/img\/b\/R29vZ2xl\/AVvXsEjwePvmFX232rljxIq-37-wZdsJSFlvZeIsCAHPYzIrrUoqmJu-lgFKbnoTVLw4duklsDZrgRvuyrsUDS716456vVW8nojzHB-bBcKUVriiUn29qDpm_p7-YuM7ncnLv6Dhp3mrWc--XYIj6eYma3eJD5tCUjWspFda0adGCqEME2YXFIbuqn5MH38lqLwS\/s320\/20230827_120150.jpg?resize=350%2C200&ssl=1","width":350,"height":200},"classes":[]},{"id":1678,"url":"https:\/\/fliegerblog.rjs.de\/?p=1678","url_meta":{"origin":370,"position":3},"title":"Phasenverschoben","date":"November 14, 2019","format":false,"excerpt":"Irgendwie waren der Flugtag und ich heute \"phasenverschoben\". Obwohl die meisten anderen Piloten heute von einem Superflugtag gesprochen haben, bin ich nicht richtig \"reingekommen\". Ich war schon kurz nach 9:00 Uhr am Hang in Eschbach angekommen und hab gleich meine ersten Versuche gemacht. Aber schon noch kurzer Zeit ist der\u2026","rel":"","context":"\u00c4hnlicher Beitrag","img":{"alt_text":"","src":"https:\/\/i0.wp.com\/1.bp.blogspot.com\/-wJo0bOIaDIo\/Xc1zW1ArWBI\/AAAAAAAAFJw\/8gSiBb8khWEI_OGMTwN8lKZbDZezyPLdACLcBGAsYHQ\/s400\/IMG_20191114_102043.jpg?resize=350%2C200&ssl=1","width":350,"height":200},"classes":[]},{"id":2021,"url":"https:\/\/fliegerblog.rjs.de\/?p=2021","url_meta":{"origin":370,"position":4},"title":"Im morgendlichen Sonnenaufgang mit M\u00f6ven fliegen","date":"Juli 27, 2023","format":false,"excerpt":"Gestern war der erste fliegerische Totalausfall der Flugreise nach D\u00e4nemark, aber heute morgen daf\u00fcr der Tag der Tage f\u00fcr mich. Um 5 Uhr aufgestanden und um 6 Uhr in der Luft gewesen. Bis 8:15 Uhr nur zweimal kurz den Boden ber\u00fchrt und mit den M\u00f6ven die D\u00fcnen entlang gesoart. Das\u2026","rel":"","context":"\u00c4hnlicher Beitrag","img":{"alt_text":"","src":"https:\/\/i0.wp.com\/blogger.googleusercontent.com\/img\/b\/R29vZ2xl\/AVvXsEjdBn-c8iMfkX7jEie6gUs8T5mFRTWbBReZ0tKwEpCw2x9sIDpbF9AleKTDXuEDwutYJm6tF6kCgc9kJEdBe8PXL1_kA6b6rptRa6qxWD5fobJ_7XuXK4OSs54uQUTNZ07V4bN86gFzVWeoISpnMoBoML7FdjW9LQAqU1E2j-Y6qFOZ0y9m1cjw7fDGIpQW\/w400-h300\/20230727_055300.jpg?resize=350%2C200&ssl=1","width":350,"height":200},"classes":[]},{"id":1515,"url":"https:\/\/fliegerblog.rjs.de\/?p=1515","url_meta":{"origin":370,"position":5},"title":"Fast schon kitschig sch\u00f6ne Licht- und Wetterverh\u00e4ltnisse","date":"Oktober 21, 2018","format":false,"excerpt":"\ufeff Ich war gestern noch unsicher, ob ich heute nochmal nach Singhofen fahren sollte. Denn heute war gemeinsames Schleppen von Freifliegern und einem Windenkurs angesetzt. Und da zieht sich die Sache immer ziemlich zwischen den Fl\u00fcgen und man kommt nur auf wenige Fl\u00fcge \u00fcber den Tag. Zumal ich gestern ja\u2026","rel":"","context":"\u00c4hnlicher Beitrag","img":{"alt_text":"","src":"https:\/\/i0.wp.com\/3.bp.blogspot.com\/-u0rNTSaClLA\/W8zH4xD-McI\/AAAAAAAAEOs\/Z6MVtQ1hy-ce9_u0FGZu1vPhYyHemRneACLcBGAs\/s320\/GOPR4573.JPG?resize=350%2C200&ssl=1","width":350,"height":200},"classes":[]}],"_links":{"self":[{"href":"https:\/\/fliegerblog.rjs.de\/index.php?rest_route=\/wp\/v2\/posts\/370","targetHints":{"allow":["GET"]}}],"collection":[{"href":"https:\/\/fliegerblog.rjs.de\/index.php?rest_route=\/wp\/v2\/posts"}],"about":[{"href":"https:\/\/fliegerblog.rjs.de\/index.php?rest_route=\/wp\/v2\/types\/post"}],"author":[{"embeddable":true,"href":"https:\/\/fliegerblog.rjs.de\/index.php?rest_route=\/wp\/v2\/users\/1"}],"replies":[{"embeddable":true,"href":"https:\/\/fliegerblog.rjs.de\/index.php?rest_route=%2Fwp%2Fv2%2Fcomments&post=370"}],"version-history":[{"count":0,"href":"https:\/\/fliegerblog.rjs.de\/index.php?rest_route=\/wp\/v2\/posts\/370\/revisions"}],"wp:attachment":[{"href":"https:\/\/fliegerblog.rjs.de\/index.php?rest_route=%2Fwp%2Fv2%2Fmedia&parent=370"}],"wp:term":[{"taxonomy":"category","embeddable":true,"href":"https:\/\/fliegerblog.rjs.de\/index.php?rest_route=%2Fwp%2Fv2%2Fcategories&post=370"},{"taxonomy":"post_tag","embeddable":true,"href":"https:\/\/fliegerblog.rjs.de\/index.php?rest_route=%2Fwp%2Fv2%2Ftags&post=370"}],"curies":[{"name":"wp","href":"https:\/\/api.w.org\/{rel}","templated":true}]}}