{"id":37,"date":"2008-08-28T19:30:00","date_gmt":"2008-08-28T19:30:00","guid":{"rendered":"http:\/\/www.rjs.de\/fliegerblog\/?p=37"},"modified":"2008-08-28T19:30:00","modified_gmt":"2008-08-28T19:30:00","slug":"schlepp-in-neu-anspach","status":"publish","type":"post","link":"https:\/\/fliegerblog.rjs.de\/?p=37","title":{"rendered":"Schlepp in Neu-Anspach"},"content":{"rendered":"<p>Der regelm\u00e4\u00dfige Donnerstagsschlepp beim Nachbarverein in Neu-Anspach steht mittlerweile mangels Beteiligung auf der Kippe. Aber ich war auch irgendwie aus dem Mailverteiler f\u00fcr die Ank\u00fcndigung verschwunden.<br \/>Heute hab ich es mal wieder mitbekommen, hatte halbwegs Zeit und bin hin (z.Z. muss man echt nehmen was man an Fl\u00fcgen kriegt &#8211; sonst kommt man gar nicht in die Luft). Waren zuerst nur 2 Flieger + Windenfahrer da, aber so halbwegs geht das (etwas sp\u00e4ter kam gerad nochmal 1 Flieger dazu). <br \/>Es waren keine besonders guten Bedingungen (Wind zwischen 45 &#8211; 90 Grad zur Schleppstrecke), das Seil war zuerst total verdreht, die Winde wollte erst nicht ansprigen, aber 2x konnte ich letztendlich doch starten. <br \/>Insbesondere der 1. Flug war gar nicht schlecht und auch beim 2. Flug kam ich nach miesem Start immer noch etwa bei 230 Meter raus und konnte einen verl\u00e4ngerten Abflug rausholen. Bei den miesen Bedingungen in dem Jahr bin ich wegen der 2 Fl\u00fcge schon froh. Kamen ja dieses Jahr insgesamt bisher nur 6 Windenstarts f\u00fcr mich raus. Das hab ich im letzen Jahr manchmal an einem Tag gemacht.<\/p>\n<div class=\"blogger-post-footer\"><script type=\"text\/javascript\"><!--\ngoogle_ad_client = \"pub-4702984279656494\";\ngoogle_ad_width = 468;\ngoogle_ad_height = 60;\ngoogle_ad_format = \"468x60_as_rimg\";\ngoogle_cpa_choice = \"CAAQlNHphwIaCFxy_-mnISvEKNDv6n4\";\ngoogle_ad_channel = \"0174140724\";\n\/\/--><\/script><br \/>\n<script type=\"text\/javascript\" src=\"http:\/\/pagead2.googlesyndication.com\/pagead\/show_ads.js\">\n<\/script><\/div>\n","protected":false},"excerpt":{"rendered":"<p>Der regelm\u00e4\u00dfige Donnerstagsschlepp beim Nachbarverein in Neu-Anspach steht mittlerweile mangels Beteiligung auf der Kippe. Aber ich war auch irgendwie aus dem Mailverteiler f\u00fcr die Ank\u00fcndigung verschwunden.Heute hab ich es mal wieder mitbekommen, hatte halbwegs Zeit und bin hin (z.Z. muss man echt nehmen was man an Fl\u00fcgen kriegt &#8211; sonst kommt man gar nicht in &hellip; <a href=\"https:\/\/fliegerblog.rjs.de\/?p=37\" class=\"more-link\"><span class=\"screen-reader-text\">\u201eSchlepp in Neu-Anspach\u201c<\/span> weiterlesen<\/a><\/p>\n","protected":false},"author":1,"featured_media":0,"comment_status":"open","ping_status":"open","sticky":false,"template":"","format":"standard","meta":{"jetpack_post_was_ever_published":false,"footnotes":"","jetpack_publicize_message":"","jetpack_is_tweetstorm":false,"jetpack_publicize_feature_enabled":true,"jetpack_social_options":[]},"categories":[2],"tags":[],"class_list":["post-37","post","type-post","status-publish","format-standard","hentry","category-allgemein"],"jetpack_publicize_connections":[],"jetpack_featured_media_url":"","jetpack_shortlink":"https:\/\/wp.me\/p788kK-B","jetpack-related-posts":[{"id":175,"url":"https:\/\/fliegerblog.rjs.de\/?p=175","url_meta":{"origin":37,"position":0},"title":"Saisoner\u00f6ffnung Windenschlepp","date":"April 16, 2009","format":false,"excerpt":"Auf dem Flugplatz in Neu-Anspach war heute Saisoner\u00f6ffnung an der Winde. Waren \u00fcber den Tag sogar fast 10 Flieger da. Die Bedingungen waren gar nicht \u00fcbel. Leicht thermisch, aber nicht zu bockig. Konnte mich bei meinem 2. Flug fast 10 Minuten in der Luft halten und auch die anderen 2\u2026","rel":"","context":"In &quot;Allgemein&quot;","img":{"alt_text":"","src":"","width":0,"height":0},"classes":[]},{"id":566,"url":"https:\/\/fliegerblog.rjs.de\/?p=566","url_meta":{"origin":37,"position":1},"title":"Erster Schlepp 2012 in Laufenselden","date":"August 17, 2012","format":false,"excerpt":"Nachdem es gestern so sch\u00f6n mit den ersten Schlepps f\u00fcr dieses Jahr in Neu-Anspach geklappt hat, bin ich heute gegen 15:00 Uhr zum eigenen Verein auf den Flugplatz in Laufenselden. Es kam diese Jahr noch nicht oft vor, dass \u00fcberhaupt Schleppen dort angesetzt war und geflogen wurde letztendlich noch gar\u2026","rel":"","context":"In &quot;Allgemein&quot;","img":{"alt_text":"","src":"","width":0,"height":0},"classes":[]},{"id":371,"url":"https:\/\/fliegerblog.rjs.de\/?p=371","url_meta":{"origin":37,"position":2},"title":"Kein guter Flugtag","date":"September 23, 2010","format":false,"excerpt":"Ab heute ist Herbst und ab morgen soll eine Schlechtwetterfront kommen. Aber heute waren nochmal Sonne und bis 26 Grad angesagt. Von daher bin ich schon ziemlich fr\u00fch (so gegen 13:30 Uhr) zum Schleppen nach Neu-Anspach. Obwohl die Gefahr bestand, dass der Wind quer zur Startbahn kommt. In der Praxis\u2026","rel":"","context":"In &quot;Allgemein&quot;","img":{"alt_text":"","src":"","width":0,"height":0},"classes":[]},{"id":1672,"url":"https:\/\/fliegerblog.rjs.de\/?p=1672","url_meta":{"origin":37,"position":3},"title":"Das Ende der Schleppsaison ist wieder nahe &#8230;","date":"Oktober 24, 2019","format":false,"excerpt":"... aber heute konnte ich nochmal das sch\u00f6ne Wetter ausnutzen und zu dem kurzfristig angesetzten Schleppen nach Neu-Anspach fahren.\u00a0 Da hatte ich dieses Jahr die Schleppsaison begonnen und - wenn es nicht noch ein paar Termine in Singhofen, Wallertheim oder sonst gibt - da habe damit heute also das Ende\u2026","rel":"","context":"\u00c4hnlicher Beitrag","img":{"alt_text":"","src":"https:\/\/i0.wp.com\/1.bp.blogspot.com\/-sOVeFfKq0rI\/XbHfRLJy4qI\/AAAAAAAAFGg\/MwIv9yihO7MuOBfMwe6kk-UmCxUj9likQCLcBGAsYHQ\/s320\/GOPR2392.JPG?resize=350%2C200&ssl=1","width":350,"height":200},"classes":[]},{"id":31,"url":"https:\/\/fliegerblog.rjs.de\/?p=31","url_meta":{"origin":37,"position":4},"title":"Schee wars &#8211; und abendteuerlich","date":"September 11, 2008","format":false,"excerpt":"Heute war wohl der letzte Hochsommertag. Viel Sonne und Temperaturen nahe an 30 Grad. In Neu-Anspach wurde bereits ab 12:00 Uhr geschleppt und ob der schlechten Prognosen f\u00fcr die n\u00e4chsten Tage habe ich mir den Nachmittag frei genommen und war kurz vor 14:00 Uhr da. Da war der erste Flieger\u2026","rel":"","context":"In &quot;Allgemein&quot;","img":{"alt_text":"","src":"","width":0,"height":0},"classes":[]},{"id":692,"url":"https:\/\/fliegerblog.rjs.de\/?p=692","url_meta":{"origin":37,"position":5},"title":"Volle H\u00fctte in Neu-Anspach beim Schleppen","date":"August 29, 2013","format":false,"excerpt":"Die guten Aussichten mit 7 Sonnen, wenig Wind und hohen Sp\u00e4tsommertemperaturen hatten heute eine echt gro\u00dfe Anzahl an Fliegern nach Neu-Anspach gelockt. So voll hatte ich es da noch nie gesehen. Ich kann es schwer sch\u00e4tzen, aber \u00fcber den Nachmittag k\u00f6nnten es 20 - 25 Flieger gewesen sein. Es ging\u2026","rel":"","context":"In &quot;Allgemein&quot;","img":{"alt_text":"","src":"","width":0,"height":0},"classes":[]}],"_links":{"self":[{"href":"https:\/\/fliegerblog.rjs.de\/index.php?rest_route=\/wp\/v2\/posts\/37","targetHints":{"allow":["GET"]}}],"collection":[{"href":"https:\/\/fliegerblog.rjs.de\/index.php?rest_route=\/wp\/v2\/posts"}],"about":[{"href":"https:\/\/fliegerblog.rjs.de\/index.php?rest_route=\/wp\/v2\/types\/post"}],"author":[{"embeddable":true,"href":"https:\/\/fliegerblog.rjs.de\/index.php?rest_route=\/wp\/v2\/users\/1"}],"replies":[{"embeddable":true,"href":"https:\/\/fliegerblog.rjs.de\/index.php?rest_route=%2Fwp%2Fv2%2Fcomments&post=37"}],"version-history":[{"count":0,"href":"https:\/\/fliegerblog.rjs.de\/index.php?rest_route=\/wp\/v2\/posts\/37\/revisions"}],"wp:attachment":[{"href":"https:\/\/fliegerblog.rjs.de\/index.php?rest_route=%2Fwp%2Fv2%2Fmedia&parent=37"}],"wp:term":[{"taxonomy":"category","embeddable":true,"href":"https:\/\/fliegerblog.rjs.de\/index.php?rest_route=%2Fwp%2Fv2%2Fcategories&post=37"},{"taxonomy":"post_tag","embeddable":true,"href":"https:\/\/fliegerblog.rjs.de\/index.php?rest_route=%2Fwp%2Fv2%2Ftags&post=37"}],"curies":[{"name":"wp","href":"https:\/\/api.w.org\/{rel}","templated":true}]}}