{"id":368,"date":"2010-09-11T23:00:42","date_gmt":"2010-09-11T22:00:42","guid":{"rendered":"http:\/\/www.rjs.de\/fliegerblog\/?p=368"},"modified":"2010-09-11T23:00:42","modified_gmt":"2010-09-11T22:00:42","slug":"fliegen-statt-kugelstosen","status":"publish","type":"post","link":"https:\/\/fliegerblog.rjs.de\/?p=368","title":{"rendered":"Fliegen statt Kugelsto\u00dfen"},"content":{"rendered":"<p><a onblur=\"try {parent.deselectBloggerImageGracefully();} catch(e) {}\" href=\"https:\/\/i0.wp.com\/1.bp.blogspot.com\/_lY4VOIwoBZk\/TIzc0uyIo-I\/AAAAAAAAAdM\/WrH3EzRNZng\/s1600\/Foto074.jpg\"><img decoding=\"async\" style=\"float:left; margin:0 10px 10px 0;cursor:pointer; cursor:hand;width: 320px; height: 240px;\" src=\"https:\/\/i0.wp.com\/1.bp.blogspot.com\/_lY4VOIwoBZk\/TIzc0uyIo-I\/AAAAAAAAAdM\/WrH3EzRNZng\/s320\/Foto074.jpg?w=840\" border=\"0\" alt=\"\"id=\"BLOGGER_PHOTO_ID_5516026442091635682\" data-recalc-dims=\"1\" \/><\/a><br \/>\n<a onblur=\"try {parent.deselectBloggerImageGracefully();} catch(e) {}\" href=\"https:\/\/i0.wp.com\/2.bp.blogspot.com\/_lY4VOIwoBZk\/TIzc0DwLtVI\/AAAAAAAAAdE\/iiRQO-Wgi00\/s1600\/Foto073.jpg\"><img decoding=\"async\" style=\"float:left; margin:0 10px 10px 0;cursor:pointer; cursor:hand;width: 320px; height: 240px;\" src=\"https:\/\/i0.wp.com\/2.bp.blogspot.com\/_lY4VOIwoBZk\/TIzc0DwLtVI\/AAAAAAAAAdE\/iiRQO-Wgi00\/s320\/Foto073.jpg?w=840\" border=\"0\" alt=\"\"id=\"BLOGGER_PHOTO_ID_5516026430540723538\" data-recalc-dims=\"1\" \/><\/a><br \/>\nNachdem ich mir vor ein paar Wochen beim Laden nach dem letzten Flug meinen Fu\u00df ziemlich geprellt hatte, habe ich mir ihn letztes Wochenende beim H\u00fcpfen auf dem Trampolin gleich nochmal verknaxt (ab einem gewissen Alter sollte man den Quatsch wohl besser lassen). Dementsprechend war ich unsicher, ob ich heute wirklich zu den Kreismeisterschaften im Kugelsto\u00dfen gehen sollte. Einerseits wollte ich meinen Titel aus dem letzten Jahr verteidigen, andererseits war ich durch das verknaxte Sprungegelenk doch eingeschr\u00e4nkt. Und vor 2 Wochen bin ich schon mal zum Steinsto\u00dfen bis in den Odenwald ged\u00fcst um dort zu merken, dass ich nix machen kann.<\/p>\n<p>Nun wollten aber auch ein paar Leute nach Reichenbach an den Hang gehen. Aber die Windprognosen waren ziemlich mau. Nur schwacher Wind und auch zuviel Ost laut Prognosen. Ich hatte also die Qual der Wahl. In beiden F\u00e4llen mit viel Unsicherheit, ob es sich lohnt. Aber ich musste sowieso in die Gegend, denn am Abend stand in Oberursel ein Auftritt mit meiner Band an.<\/p>\n<p>Von daher habe ich nach dem Mittagessen mein Auto vollgeladen mit Saxophon, Sportzeug und Gleitschirm und bin los. Auf der Autobahn habe ich mit Fliegern rund um den Hang telefoniert und deren Aussagen haben mich bewogen, statt Kugelsto\u00dfen an den Hang zu kommen.<\/p>\n<p>Tja, und das war die richtige Entscheidung. Denn es wurde einer der besten Flugtage vom Jahr. Strahlender Sonnenschein, genau passender Wind und dazu immer wieder Abl\u00f6sungen, die zwar halbwegs stark, aber nicht bockig waren. F\u00fcr mich zumindest waren es fast perfekte Bedingungen. Dazu haben wir auch ein paar Handschlepps durchgef\u00fchrt. Geile Kiste. Die 5 &#8211; 10 Meter, die man bei Start schon H\u00f6he hat, er\u00f6ffnen ganz neue Perspektiven.<\/p>\n<p>Nur bin ich so viel wieder den Hang hochgewetzt, dass ich beim Auftritt am Abend auf der B\u00fchne mit Kr\u00e4mpfen k\u00e4mpfen musste.<\/p>\n","protected":false},"excerpt":{"rendered":"<p>Nachdem ich mir vor ein paar Wochen beim Laden nach dem letzten Flug meinen Fu\u00df ziemlich geprellt hatte, habe ich mir ihn letztes Wochenende beim H\u00fcpfen auf dem Trampolin gleich nochmal verknaxt (ab einem gewissen Alter sollte man den Quatsch wohl besser lassen). Dementsprechend war ich unsicher, ob ich heute wirklich zu den Kreismeisterschaften im &hellip; <a href=\"https:\/\/fliegerblog.rjs.de\/?p=368\" class=\"more-link\"><span class=\"screen-reader-text\">\u201eFliegen statt Kugelsto\u00dfen\u201c<\/span> weiterlesen<\/a><\/p>\n","protected":false},"author":1,"featured_media":0,"comment_status":"open","ping_status":"open","sticky":false,"template":"","format":"standard","meta":{"jetpack_post_was_ever_published":false,"footnotes":"","jetpack_publicize_message":"","jetpack_is_tweetstorm":false,"jetpack_publicize_feature_enabled":true,"jetpack_social_options":[]},"categories":[2],"tags":[],"class_list":["post-368","post","type-post","status-publish","format-standard","hentry","category-allgemein"],"jetpack_publicize_connections":[],"jetpack_featured_media_url":"","jetpack_shortlink":"https:\/\/wp.me\/p788kK-5W","jetpack-related-posts":[{"id":1955,"url":"https:\/\/fliegerblog.rjs.de\/?p=1955","url_meta":{"origin":368,"position":0},"title":"Einstellungssache","date":"September 16, 2022","format":false,"excerpt":"Nachdem meine Einstellungsversuche des neuen Gurtzeugs am letzten Montag direkt am Hang nicht sonderlich erfolgreich waren, habe ich mir eine Aufh\u00e4ngungsm\u00f6glichkeit gebastelt und dort mit den Einstellungsm\u00f6glichkeiten experimentiert. Ich denke, dass ich eine ganz gute Position gefunden habe, bei der die R\u00fcckenlehne merklich gerader gestellt wird als es in der\u2026","rel":"","context":"\u00c4hnlicher Beitrag","img":{"alt_text":"","src":"https:\/\/i0.wp.com\/blogger.googleusercontent.com\/img\/b\/R29vZ2xl\/AVvXsEjj4jMQUM7m7NTm9un56Un4HQduE8441v5alKJZt0hQ0QCQM70O5lzSLoXTrUnq_1KSJr-nDcWGCkw1zeb5x6jvmhD0KK-9cVBrVoBgwqt2pz2tldtisVGiKGW_vMbF0a3edWjYjhrzSBXt-NqKDzoAabKMrpzKLHgT-embm7Ui0VUPYn3W7Ri174JKjg\/s320\/Zwischenablage01.png?resize=350%2C200&ssl=1","width":350,"height":200},"classes":[]},{"id":1997,"url":"https:\/\/fliegerblog.rjs.de\/?p=1997","url_meta":{"origin":368,"position":1},"title":"Eisenhanteln","date":"April 30, 2023","format":false,"excerpt":"Heute war ich das erste Mal am Eisenbaum bei Fl\u00f6rsheim zum Groundhandlen. Ich kenne das Gebiet -\u00a0 aber nur vom gelegentlichen Vorbeifahren mit dem Fahrrad. Die Wiese direkt am Eisenbaum wird h\u00e4ufiger zum Groundhandlen genutzt. Da es von mir aus dahin recht nahe ist, wollte ich sie unbedingt mal ausprobieren.\u2026","rel":"","context":"\u00c4hnlicher Beitrag","img":{"alt_text":"","src":"https:\/\/i0.wp.com\/blogger.googleusercontent.com\/img\/b\/R29vZ2xl\/AVvXsEiVtBGoQNe2wSryPN6kVU6b1rZC-fuKHiOiWOGvcynf2U6us_8Gvdv2fuCuyr1RoeAxUnx302YutW06hAP1G1kgJwx5js56Uwvp4e9JvFzZw2C_R06eNMczCh2CoH8Y4XKP6UK3lvD3JgLvn15rn9eIYuTI3l4Ok3CBCts3bv24xIs8pPUuRYRbVaZ5HQ\/w400-h300\/20230430_110832.jpg?resize=350%2C200&ssl=1","width":350,"height":200},"classes":[]},{"id":899,"url":"https:\/\/fliegerblog.rjs.de\/?p=899","url_meta":{"origin":368,"position":2},"title":"Er\u00f6ffnung der Windensaison 2015","date":"M\u00e4rz 12, 2015","format":false,"excerpt":"Ungew\u00f6hnlich fr\u00fch geht in dem Jahr die Windensaison los. In Neu-Anspach wurde schon von 2 Wochen das erste Mal in dem Jahr geschleppt, aber an dem Tag musste ich eine Schulung halten. Heute hatte ich aber Zeit und bin um 13:00 Uhr an den Flugplatz angekommen. So ganz sicher war\u2026","rel":"","context":"In &quot;Allgemein&quot;","img":{"alt_text":"","src":"","width":0,"height":0},"classes":[]},{"id":692,"url":"https:\/\/fliegerblog.rjs.de\/?p=692","url_meta":{"origin":368,"position":3},"title":"Volle H\u00fctte in Neu-Anspach beim Schleppen","date":"August 29, 2013","format":false,"excerpt":"Die guten Aussichten mit 7 Sonnen, wenig Wind und hohen Sp\u00e4tsommertemperaturen hatten heute eine echt gro\u00dfe Anzahl an Fliegern nach Neu-Anspach gelockt. So voll hatte ich es da noch nie gesehen. Ich kann es schwer sch\u00e4tzen, aber \u00fcber den Nachmittag k\u00f6nnten es 20 - 25 Flieger gewesen sein. Es ging\u2026","rel":"","context":"In &quot;Allgemein&quot;","img":{"alt_text":"","src":"","width":0,"height":0},"classes":[]},{"id":2043,"url":"https:\/\/fliegerblog.rjs.de\/?p=2043","url_meta":{"origin":368,"position":4},"title":"Nette Abendsession","date":"Oktober 2, 2023","format":false,"excerpt":"Nach dem Flopp bzw. Totalausfall beim Schleppversuch gestern hat eine heutige Abendsession in Reichenbach den Frust deutlich gemildert. Ich hatte in unserer WhatsApp-Gruppe angedeutet, dass ich heute an den Hang m\u00f6chte, wenn jemand mitgeht. Aber null Resonanz. Ich musste jedoch sowieso zu meinem Haus in Eppstein f\u00fcr Gartenarbeiten fahren und\u2026","rel":"","context":"\u00c4hnlicher Beitrag","img":{"alt_text":"","src":"https:\/\/i0.wp.com\/blogger.googleusercontent.com\/img\/b\/R29vZ2xl\/AVvXsEhVLWsFXjMzwWJiTri7yhJX5lrmS6qLVU1glX4tb9dMIiOaVVQeu4qw9SvbF0o4yeMxYTaDGCIy5KbP9L740aECETzarVxHig1YCWSXUiSHoS2H-XLVWsggKGrXPtgX3jYCTfdOtoGxVE7iw2hRgtocxUh51ll9mGvv5h3MId64rylRooQ6XbBkRYL_L4Kh\/w400-h300\/20231002_171006.jpg?resize=350%2C200&ssl=1","width":350,"height":200},"classes":[]},{"id":1582,"url":"https:\/\/fliegerblog.rjs.de\/?p=1582","url_meta":{"origin":368,"position":5},"title":"Aug in Aug mit dem Milan","date":"April 25, 2019","format":false,"excerpt":"Da hatte ich doch heute beim Soaren am Hang in Eschbach eine Begegnung der anderen Art, wie ich sie bisher noch nicht erlebt hatte. An der Waldkante hat es vor einem Baum ein wenig gehoben und als ich auf dem R\u00fcckflug die Kante lang da wieder hin wollte, hat sich\u2026","rel":"","context":"\u00c4hnlicher Beitrag","img":{"alt_text":"","src":"https:\/\/i0.wp.com\/1.bp.blogspot.com\/-lxqnmUtV7JU\/XMHLrVQWUII\/AAAAAAAAEq4\/WhwmPiAE5AIzmAx-4R8Up7RkKNkLzQUgwCLcBGAs\/s320\/GOPR7044.JPG?resize=350%2C200&ssl=1","width":350,"height":200},"classes":[]}],"_links":{"self":[{"href":"https:\/\/fliegerblog.rjs.de\/index.php?rest_route=\/wp\/v2\/posts\/368","targetHints":{"allow":["GET"]}}],"collection":[{"href":"https:\/\/fliegerblog.rjs.de\/index.php?rest_route=\/wp\/v2\/posts"}],"about":[{"href":"https:\/\/fliegerblog.rjs.de\/index.php?rest_route=\/wp\/v2\/types\/post"}],"author":[{"embeddable":true,"href":"https:\/\/fliegerblog.rjs.de\/index.php?rest_route=\/wp\/v2\/users\/1"}],"replies":[{"embeddable":true,"href":"https:\/\/fliegerblog.rjs.de\/index.php?rest_route=%2Fwp%2Fv2%2Fcomments&post=368"}],"version-history":[{"count":0,"href":"https:\/\/fliegerblog.rjs.de\/index.php?rest_route=\/wp\/v2\/posts\/368\/revisions"}],"wp:attachment":[{"href":"https:\/\/fliegerblog.rjs.de\/index.php?rest_route=%2Fwp%2Fv2%2Fmedia&parent=368"}],"wp:term":[{"taxonomy":"category","embeddable":true,"href":"https:\/\/fliegerblog.rjs.de\/index.php?rest_route=%2Fwp%2Fv2%2Fcategories&post=368"},{"taxonomy":"post_tag","embeddable":true,"href":"https:\/\/fliegerblog.rjs.de\/index.php?rest_route=%2Fwp%2Fv2%2Ftags&post=368"}],"curies":[{"name":"wp","href":"https:\/\/api.w.org\/{rel}","templated":true}]}}