{"id":365,"date":"2010-08-21T21:32:58","date_gmt":"2010-08-21T20:32:58","guid":{"rendered":"http:\/\/www.rjs.de\/fliegerblog\/?p=365"},"modified":"2010-08-21T21:32:58","modified_gmt":"2010-08-21T20:32:58","slug":"30-grad-und-sudwind","status":"publish","type":"post","link":"https:\/\/fliegerblog.rjs.de\/?p=365","title":{"rendered":"30 GRad und S\u00fcdwind"},"content":{"rendered":"<p>Mit gut 15 Fliegern waren wir heute Reichenbach. Am Anfang war kaum Wind und dann noch zuviel von Ost. Aber so gegen 12:00 Uhr sind die Bedingungen richtig gut geworden. Hatte diverse sch\u00f6ne Fl\u00fcge. Irgendwann wurde es dann aber sehr heftig, da b\u00f6ig. Und mir hat die Hitze zu schaffen gemachte. Und die Tatsache, dass ich st\u00e4ndig den Hang rauf bin. Beim Abflug gegen 17:30 Uhr bin ich auch ziemlich hart aufgesetzt :-(. Klare Folge der M\u00fcdigkeit. H\u00e4tte mehr Pausen machen sollen oder fr\u00fcher aufh\u00f6ren. <\/p>\n","protected":false},"excerpt":{"rendered":"<p>Mit gut 15 Fliegern waren wir heute Reichenbach. Am Anfang war kaum Wind und dann noch zuviel von Ost. Aber so gegen 12:00 Uhr sind die Bedingungen richtig gut geworden. Hatte diverse sch\u00f6ne Fl\u00fcge. Irgendwann wurde es dann aber sehr heftig, da b\u00f6ig. Und mir hat die Hitze zu schaffen gemachte. Und die Tatsache, dass &hellip; <a href=\"https:\/\/fliegerblog.rjs.de\/?p=365\" class=\"more-link\"><span class=\"screen-reader-text\">\u201e30 GRad und S\u00fcdwind\u201c<\/span> weiterlesen<\/a><\/p>\n","protected":false},"author":1,"featured_media":0,"comment_status":"open","ping_status":"open","sticky":false,"template":"","format":"standard","meta":{"jetpack_post_was_ever_published":false,"footnotes":"","jetpack_publicize_message":"","jetpack_is_tweetstorm":false,"jetpack_publicize_feature_enabled":true,"jetpack_social_options":[]},"categories":[2],"tags":[],"class_list":["post-365","post","type-post","status-publish","format-standard","hentry","category-allgemein"],"jetpack_publicize_connections":[],"jetpack_featured_media_url":"","jetpack_shortlink":"https:\/\/wp.me\/p788kK-5T","jetpack-related-posts":[{"id":1257,"url":"https:\/\/fliegerblog.rjs.de\/?p=1257","url_meta":{"origin":365,"position":0},"title":"Sportlich und kurz","date":"Mai 17, 2017","format":false,"excerpt":"Der Wind kam heute aus SO und es war angek\u00fcndigt, dass er \u00fcber den Tag zunehmen sollte. Auch waren die angek\u00fcndigten B\u00f6en nicht ohne und \u00a0die sollten im Laufe des Tages nicht nachlassen, sondern eher sogar zunehmen. Ich war deshalb schon 11:30 Uhr in Eschbach am Hang. Der Wind stand\u2026","rel":"","context":"\u00c4hnlicher Beitrag","img":{"alt_text":"","src":"https:\/\/i0.wp.com\/1.bp.blogspot.com\/-n1p3mMWmRkI\/WRxqZbqIBFI\/AAAAAAAADaQ\/iR-IlpGE9UA2cuykm7RKxTYWC8HVChJCgCLcB\/s400\/GOPR2727.JPG?resize=350%2C200&ssl=1","width":350,"height":200},"classes":[]},{"id":1798,"url":"https:\/\/fliegerblog.rjs.de\/?p=1798","url_meta":{"origin":365,"position":1},"title":"Vor-Ostergeschenk","date":"April 2, 2021","format":false,"excerpt":"Nach dem brutal hei\u00dfen Mittwoch mit S\u00fcdwind hat der Wind bereits am Donnerstag unmittelbar auf Nord gedreht und einige Tage fliegerische Nord-Ostereier versprochen. Nur gestern waren mir die Prognosen zu stark und zu westlich und deshalb bin ich nicht an den Hang. Was wohl im Nachhinein auch die richtige Entscheidung\u2026","rel":"","context":"\u00c4hnlicher Beitrag","img":{"alt_text":"","src":"https:\/\/i0.wp.com\/1.bp.blogspot.com\/-79FgWmMvXG4\/YGc_NPDjYhI\/AAAAAAAAF_o\/2ulzBV65VTwhAvTMkBbXIZcNB7TuMgTMgCLcBGAsYHQ\/w400-h300\/IMG_20210402_151757.jpg?resize=350%2C200&ssl=1","width":350,"height":200},"classes":[]},{"id":318,"url":"https:\/\/fliegerblog.rjs.de\/?p=318","url_meta":{"origin":365,"position":2},"title":"Am Ende war es doch gut","date":"Mai 15, 2010","format":false,"excerpt":"Die Prognosen f\u00fcr heute waren die letzten Tage ziemlich gut f\u00fcr MF. Zumindest in den Webdiensten, die ich angesehen habe. Nur die Wetterzentrale hatte f\u00fcr heute Nachmittag starken Nordwind mit B\u00f6en angesagt, der bis zum Abend auch noch zunehmen sollte. Heute morgen waren dann alle Prognosen darauf eingeschwenkt. Und so\u2026","rel":"","context":"In &quot;Allgemein&quot;","img":{"alt_text":"","src":"","width":0,"height":0},"classes":[]},{"id":970,"url":"https:\/\/fliegerblog.rjs.de\/?p=970","url_meta":{"origin":365,"position":3},"title":":-|  :-(  :-)  :-)))","date":"August 11, 2015","format":false,"excerpt":"Seit l\u00e4ngerer Zeit war heute mal wieder Nordwind und ich hatte Zeit. Ein klarer Fall f\u00fcr MFK. Gegen 13:45 Uhr war ich als erster Flieger am Hang, aber in kurzer Zeit hat es sich dann gef\u00fcllt. Als ich ankam, sah es sehr vielversprechend aus. Etwas schwach der Wind, aber gut\u2026","rel":"","context":"In &quot;Allgemein&quot;","img":{"alt_text":"","src":"","width":0,"height":0},"classes":[]},{"id":1266,"url":"https:\/\/fliegerblog.rjs.de\/?p=1266","url_meta":{"origin":365,"position":4},"title":"Erst hei\u00df und mau, aber dann Grand Finale","date":"Mai 27, 2017","format":false,"excerpt":"Um die Mittagszeit hatte ich heute einen Zahnarzt-Termin in Eppstein. Und da ich damit sowieso schon im Taunus war, bin ich - entgegen meiner sonstigen Gewohnheit - auch an einem Tag am Wochenende nach Eschbach. Die Bedingungen sahen in der Vorschau sehr gut aus und ich dachte mir, dass wegen\u2026","rel":"","context":"\u00c4hnlicher Beitrag","img":{"alt_text":"","src":"https:\/\/i0.wp.com\/1.bp.blogspot.com\/-SQ9k3kjfaLU\/WSnOpNJHm7I\/AAAAAAAADbc\/fHXIGV480T80np-Ok9ZE6FecUW9_EIUygCLcB\/s400\/GOPR3453.JPG?resize=350%2C200&ssl=1","width":350,"height":200},"classes":[]},{"id":258,"url":"https:\/\/fliegerblog.rjs.de\/?p=258","url_meta":{"origin":365,"position":5},"title":"Gut ging&#8217;s","date":"November 1, 2009","format":false,"excerpt":"Heute abend soll eine Regenfront kommen, aber den Tag \u00fcber war noch S\u00fcdwind angek\u00fcndigt. Aber zunehmend. Aus Erfahrung wollten wir zeitlich nicht zu nahe an die Regenfront ran. Deshalb sind wir trotz Nebel schon gegen 10:30 Uhr am Hang in RB gewesen. Der Wind stand genau richtig und auch die\u2026","rel":"","context":"In &quot;Allgemein&quot;","img":{"alt_text":"","src":"","width":0,"height":0},"classes":[]}],"_links":{"self":[{"href":"https:\/\/fliegerblog.rjs.de\/index.php?rest_route=\/wp\/v2\/posts\/365","targetHints":{"allow":["GET"]}}],"collection":[{"href":"https:\/\/fliegerblog.rjs.de\/index.php?rest_route=\/wp\/v2\/posts"}],"about":[{"href":"https:\/\/fliegerblog.rjs.de\/index.php?rest_route=\/wp\/v2\/types\/post"}],"author":[{"embeddable":true,"href":"https:\/\/fliegerblog.rjs.de\/index.php?rest_route=\/wp\/v2\/users\/1"}],"replies":[{"embeddable":true,"href":"https:\/\/fliegerblog.rjs.de\/index.php?rest_route=%2Fwp%2Fv2%2Fcomments&post=365"}],"version-history":[{"count":0,"href":"https:\/\/fliegerblog.rjs.de\/index.php?rest_route=\/wp\/v2\/posts\/365\/revisions"}],"wp:attachment":[{"href":"https:\/\/fliegerblog.rjs.de\/index.php?rest_route=%2Fwp%2Fv2%2Fmedia&parent=365"}],"wp:term":[{"taxonomy":"category","embeddable":true,"href":"https:\/\/fliegerblog.rjs.de\/index.php?rest_route=%2Fwp%2Fv2%2Fcategories&post=365"},{"taxonomy":"post_tag","embeddable":true,"href":"https:\/\/fliegerblog.rjs.de\/index.php?rest_route=%2Fwp%2Fv2%2Ftags&post=365"}],"curies":[{"name":"wp","href":"https:\/\/api.w.org\/{rel}","templated":true}]}}