{"id":363,"date":"2010-08-19T21:22:54","date_gmt":"2010-08-19T20:22:54","guid":{"rendered":"http:\/\/www.rjs.de\/fliegerblog\/?p=363"},"modified":"2010-08-19T21:22:54","modified_gmt":"2010-08-19T20:22:54","slug":"experimente-an-der-winde","status":"publish","type":"post","link":"https:\/\/fliegerblog.rjs.de\/?p=363","title":{"rendered":"Experimente an der Winde"},"content":{"rendered":"<p><a onblur=\"try {parent.deselectBloggerImageGracefully();} catch(e) {}\" href=\"https:\/\/i0.wp.com\/2.bp.blogspot.com\/_lY4VOIwoBZk\/THaSg7_KYTI\/AAAAAAAAAc0\/1Psuviu2y2A\/s1600\/NA-FRA-Feldberg.jpg\"><img decoding=\"async\" style=\"float:right; margin:0 0 10px 10px;cursor:pointer; cursor:hand;width: 320px; height: 240px;\" src=\"https:\/\/i0.wp.com\/2.bp.blogspot.com\/_lY4VOIwoBZk\/THaSg7_KYTI\/AAAAAAAAAc0\/1Psuviu2y2A\/s320\/NA-FRA-Feldberg.jpg?w=840\" border=\"0\" alt=\"\"id=\"BLOGGER_PHOTO_ID_5509752288690463026\" data-recalc-dims=\"1\" \/><\/a><br \/>\n<a onblur=\"try {parent.deselectBloggerImageGracefully();} catch(e) {}\" href=\"https:\/\/i0.wp.com\/1.bp.blogspot.com\/_lY4VOIwoBZk\/THaSgnpiQpI\/AAAAAAAAAcs\/bDEjCEiPMqQ\/s1600\/NA-Relaxed.jpg\"><img decoding=\"async\" style=\"float:right; margin:0 0 10px 10px;cursor:pointer; cursor:hand;width: 320px; height: 240px;\" src=\"https:\/\/i0.wp.com\/1.bp.blogspot.com\/_lY4VOIwoBZk\/THaSgnpiQpI\/AAAAAAAAAcs\/bDEjCEiPMqQ\/s320\/NA-Relaxed.jpg?w=840\" border=\"0\" alt=\"\"id=\"BLOGGER_PHOTO_ID_5509752283231044242\" data-recalc-dims=\"1\" \/><\/a><br \/>\n<a onblur=\"try {parent.deselectBloggerImageGracefully();} catch(e) {}\" href=\"https:\/\/i0.wp.com\/4.bp.blogspot.com\/_lY4VOIwoBZk\/THaSgaqK21I\/AAAAAAAAAck\/QWyoE2Jaqus\/s1600\/NA-Schattenspiele.jpg\"><img decoding=\"async\" style=\"float:right; margin:0 0 10px 10px;cursor:pointer; cursor:hand;width: 320px; height: 240px;\" src=\"https:\/\/i0.wp.com\/4.bp.blogspot.com\/_lY4VOIwoBZk\/THaSgaqK21I\/AAAAAAAAAck\/QWyoE2Jaqus\/s320\/NA-Schattenspiele.jpg?w=840\" border=\"0\" alt=\"\"id=\"BLOGGER_PHOTO_ID_5509752279744043858\" data-recalc-dims=\"1\" \/><\/a><br \/>\n<a onblur=\"try {parent.deselectBloggerImageGracefully();} catch(e) {}\" href=\"https:\/\/i0.wp.com\/1.bp.blogspot.com\/_lY4VOIwoBZk\/THaSgJywbqI\/AAAAAAAAAcc\/CdQM96zoheY\/s1600\/NA-Seilholer.jpg\"><img decoding=\"async\" style=\"float:right; margin:0 0 10px 10px;cursor:pointer; cursor:hand;width: 320px; height: 240px;\" src=\"https:\/\/i0.wp.com\/1.bp.blogspot.com\/_lY4VOIwoBZk\/THaSgJywbqI\/AAAAAAAAAcc\/CdQM96zoheY\/s320\/NA-Seilholer.jpg?w=840\" border=\"0\" alt=\"\"id=\"BLOGGER_PHOTO_ID_5509752275216658082\" data-recalc-dims=\"1\" \/><\/a><br \/>\n<a onblur=\"try {parent.deselectBloggerImageGracefully();} catch(e) {}\" href=\"https:\/\/i0.wp.com\/3.bp.blogspot.com\/_lY4VOIwoBZk\/THaSfqbkQXI\/AAAAAAAAAcU\/2_36zvuFBL0\/s1600\/NA-Skyline.jpg\"><img decoding=\"async\" style=\"float:right; margin:0 0 10px 10px;cursor:pointer; cursor:hand;width: 320px; height: 240px;\" src=\"https:\/\/i0.wp.com\/3.bp.blogspot.com\/_lY4VOIwoBZk\/THaSfqbkQXI\/AAAAAAAAAcU\/2_36zvuFBL0\/s320\/NA-Skyline.jpg?w=840\" border=\"0\" alt=\"\"id=\"BLOGGER_PHOTO_ID_5509752266797891954\" data-recalc-dims=\"1\" \/><\/a><br \/>\n<a onblur=\"try {parent.deselectBloggerImageGracefully();} catch(e) {}\" href=\"https:\/\/i0.wp.com\/3.bp.blogspot.com\/_lY4VOIwoBZk\/TG4b3kIwB_I\/AAAAAAAAAcM\/zTPbUHzRuSY\/s1600\/Foto071.jpg\"><img decoding=\"async\" style=\"float:left; margin:0 10px 10px 0;cursor:pointer; cursor:hand;width: 320px; height: 240px;\" src=\"https:\/\/i0.wp.com\/3.bp.blogspot.com\/_lY4VOIwoBZk\/TG4b3kIwB_I\/AAAAAAAAAcM\/zTPbUHzRuSY\/s320\/Foto071.jpg?w=840\" border=\"0\" alt=\"\"id=\"BLOGGER_PHOTO_ID_5507370035727828978\" data-recalc-dims=\"1\" \/><\/a><br \/>\nWar heute ab etwa 15:15 Uhr in Neu-Anspach zum Windenfliegen. Ist zwar von meinem neuen Wohnort eine ziemliche Anfahrt und zudem hatte ich Stau (auf dem Hinweg gut ne Stunde gebraucht), aber immerhin habe ich 6 Fl\u00fcge mit etwa 45 Minuten Flugzeit gesamt hinbekommen. <\/p>\n<p>Die Bedingungen waren sogar so gut, dass es h\u00e4tte leicht mehr sein k\u00f6nnen (ein paar Fl\u00fcge von anderen waren wirklich extrem hoch und lang). Aber ich habe mich die ersten 4 Fl\u00fcge sehr unwohl gef\u00fchlt, da ich mit meinem Gurtzeug experimentiert und von Flug zu Flug schlechter eingestellt habe. Gerade im 4. Flug hatte ich das Teil so aufrecht eingestellt, dass ich das Gef\u00fchl hatte rauszufallen. Vor allen Dingen musste ich die Beine richtig hochhalten, was richtig anstrengend war. Erst ab dem 5 Flug hat es dann gepasst (mehr R\u00fcckenlage und Sitzbrett leicht noch oben) und ich konnte die Fl\u00fcge genie\u00dfen. Ich mag ja besonders die ruhigen Fl\u00fcge in der Abendsonne mit Nullschieber oder nur leichtem Sinken. <\/p>\n<p>Durch die Bank hatte es heute aber gut getragen und es war richtig voll auf dem Flugplatz. Neben den \u00fcblichen Kameraden auch einige Flieger, die ich bisher noch nicht gekannt habe.<\/p>\n<p>Die n\u00e4chsten Tage soll auch gutes Schleppwetter sein, aber leider kann unser Windenfahrer in meinem Verein nicht. Das ist sehr schade, denn wir h\u00e4tten am Freitag regelm\u00e4\u00dfig den Flugplatz in Laufenselden und es w\u00fcrde wirklich perfekt passen \ud83d\ude41<\/p>\n<p>Auch f\u00fcr die Bedingungen am Samstag h\u00e4tten wir im Prinzip Gel\u00e4nde. Naja &#8211; da k\u00f6nnte es aber auch in Reichenbach am Hang passen.<\/p>\n","protected":false},"excerpt":{"rendered":"<p>War heute ab etwa 15:15 Uhr in Neu-Anspach zum Windenfliegen. Ist zwar von meinem neuen Wohnort eine ziemliche Anfahrt und zudem hatte ich Stau (auf dem Hinweg gut ne Stunde gebraucht), aber immerhin habe ich 6 Fl\u00fcge mit etwa 45 Minuten Flugzeit gesamt hinbekommen. Die Bedingungen waren sogar so gut, dass es h\u00e4tte leicht mehr &hellip; <a href=\"https:\/\/fliegerblog.rjs.de\/?p=363\" class=\"more-link\"><span class=\"screen-reader-text\">\u201eExperimente an der Winde\u201c<\/span> weiterlesen<\/a><\/p>\n","protected":false},"author":1,"featured_media":0,"comment_status":"open","ping_status":"open","sticky":false,"template":"","format":"standard","meta":{"jetpack_post_was_ever_published":false,"footnotes":"","jetpack_publicize_message":"","jetpack_is_tweetstorm":false,"jetpack_publicize_feature_enabled":true,"jetpack_social_options":[]},"categories":[2],"tags":[],"class_list":["post-363","post","type-post","status-publish","format-standard","hentry","category-allgemein"],"jetpack_publicize_connections":[],"jetpack_featured_media_url":"","jetpack_shortlink":"https:\/\/wp.me\/p788kK-5R","jetpack-related-posts":[{"id":642,"url":"https:\/\/fliegerblog.rjs.de\/?p=642","url_meta":{"origin":363,"position":0},"title":"Er\u00f6ffnung der Windensaison","date":"Mai 2, 2013","format":false,"excerpt":"Den ganzen Winter, aber auch das Fr\u00fchjahr (bis jetzt), gab es nur sehr maue Flugbedingungen und ich kamm extrem selten in die Luft. Daf\u00fcr haben wir dieses Jahr die Saison an der Winde bedeutend fr\u00fcher als die letzten Jahre begonnen. Letztes Jahr kam ich im August das erste Mal mit\u2026","rel":"","context":"In &quot;Allgemein&quot;","img":{"alt_text":"","src":"","width":0,"height":0},"classes":[]},{"id":439,"url":"https:\/\/fliegerblog.rjs.de\/?p=439","url_meta":{"origin":363,"position":1},"title":"Wenig Resonanz","date":"Mai 20, 2011","format":false,"excerpt":"Am letzten Freitag waren \u00fcber 20 Flieger beim Schleppen in Laufenselden und heute nur 5. Und davon maximal 4 gleichzeitig. Verstehe es echt nicht. Zwar waren die Prognosen in der Tat etwas unsicher, aber gewiss nicht chancenlos. Und da ich wieder bis 13:00 Uhr in Taunusstein zu schulen hatte, bin\u2026","rel":"","context":"In &quot;Allgemein&quot;","img":{"alt_text":"","src":"","width":0,"height":0},"classes":[]},{"id":479,"url":"https:\/\/fliegerblog.rjs.de\/?p=479","url_meta":{"origin":363,"position":2},"title":"Neue Winde","date":"September 23, 2011","format":false,"excerpt":"Heute haben wir in Laufenselden die neue Winde von meinem Verein eingeweiht. Die Aussichten waren eigentlich ganz gut, aber auf dem Flugplatz kam der Wind leider von der Seite. Zum Gl\u00fcck nur schwach. Dennoch waren die Verh\u00e4ltnisse heute schwierig. Meine ersten beiden Schlepps habe ich mich gar nicht wohl gef\u00fchlt.\u2026","rel":"","context":"In &quot;Allgemein&quot;","img":{"alt_text":"","src":"","width":0,"height":0},"classes":[]},{"id":767,"url":"https:\/\/fliegerblog.rjs.de\/?p=767","url_meta":{"origin":363,"position":3},"title":"Wieder die Frage ob Winde oder Hang?","date":"Mai 15, 2014","format":false,"excerpt":"Heute wurde ich Obernhain geschleppt, aber nach den Erfahrungen von gestern schienen mir die Bedingungen zu heftig f\u00fcr die Winde. Ich bin gegen 14:00 Uhr deshalb wieder am MFK gewesen. Aber heute war der Wind deutlich schw\u00e4cher und viel laminarer als gestern. Daf\u00fcr konnte man sich nur eingeschr\u00e4nkt heute halten.\u2026","rel":"","context":"In &quot;Allgemein&quot;","img":{"alt_text":"","src":"","width":0,"height":0},"classes":[]},{"id":26,"url":"https:\/\/fliegerblog.rjs.de\/?p=26","url_meta":{"origin":363,"position":4},"title":"Winde oder Hang, das war heut die Frage?","date":"Oktober 9, 2008","format":false,"excerpt":"Heute w\u00e4re es sowohl am Hang als auch mit der Winde gegangen. Musste mich entscheiden. Hab die Winde in Neu Anspach genommen. War wohl keine schlechte Wahl. Kamen 4 sch\u00f6ne Fl\u00fcge raus. Meinen dritten Flug hab ich bei 1107 Fu\u00df ausgeklinkt. Da kann man genial die Skyline von Frankfurt sehen.\u2026","rel":"","context":"In &quot;Allgemein&quot;","img":{"alt_text":"","src":"https:\/\/i0.wp.com\/img.youtube.com\/vi\/y1tzVJlHclU\/0.jpg?resize=350%2C200","width":350,"height":200},"classes":[]},{"id":871,"url":"https:\/\/fliegerblog.rjs.de\/?p=871","url_meta":{"origin":363,"position":5},"title":"Wenn es nicht mit dem Schirm in die Luft geht, &#8230;","date":"Dezember 16, 2014","format":false,"excerpt":"dann bleiben mir immer noch die regelm\u00e4\u00dfigen Tripps nach Graz in Verkehrsmaschinen. Heute war eine Boeing 737 500 dran. Das ist wohl die kleinste Maschine der gesamten Flotte der Lufthansa (von der Tante Ju mal abgesehen). Ist trotzdem wie Busfahren. Nur der Start ist immer ganz witzig. Wie das Starten\u2026","rel":"","context":"In &quot;Allgemein&quot;","img":{"alt_text":"","src":"","width":0,"height":0},"classes":[]}],"_links":{"self":[{"href":"https:\/\/fliegerblog.rjs.de\/index.php?rest_route=\/wp\/v2\/posts\/363","targetHints":{"allow":["GET"]}}],"collection":[{"href":"https:\/\/fliegerblog.rjs.de\/index.php?rest_route=\/wp\/v2\/posts"}],"about":[{"href":"https:\/\/fliegerblog.rjs.de\/index.php?rest_route=\/wp\/v2\/types\/post"}],"author":[{"embeddable":true,"href":"https:\/\/fliegerblog.rjs.de\/index.php?rest_route=\/wp\/v2\/users\/1"}],"replies":[{"embeddable":true,"href":"https:\/\/fliegerblog.rjs.de\/index.php?rest_route=%2Fwp%2Fv2%2Fcomments&post=363"}],"version-history":[{"count":0,"href":"https:\/\/fliegerblog.rjs.de\/index.php?rest_route=\/wp\/v2\/posts\/363\/revisions"}],"wp:attachment":[{"href":"https:\/\/fliegerblog.rjs.de\/index.php?rest_route=%2Fwp%2Fv2%2Fmedia&parent=363"}],"wp:term":[{"taxonomy":"category","embeddable":true,"href":"https:\/\/fliegerblog.rjs.de\/index.php?rest_route=%2Fwp%2Fv2%2Fcategories&post=363"},{"taxonomy":"post_tag","embeddable":true,"href":"https:\/\/fliegerblog.rjs.de\/index.php?rest_route=%2Fwp%2Fv2%2Ftags&post=363"}],"curies":[{"name":"wp","href":"https:\/\/api.w.org\/{rel}","templated":true}]}}