{"id":359,"date":"2010-08-10T17:28:45","date_gmt":"2010-08-10T16:28:45","guid":{"rendered":"http:\/\/www.rjs.de\/fliegerblog\/?p=359"},"modified":"2010-08-10T17:28:45","modified_gmt":"2010-08-10T16:28:45","slug":"kurz-aber-ok","status":"publish","type":"post","link":"https:\/\/fliegerblog.rjs.de\/?p=359","title":{"rendered":"Kurz, aber ok"},"content":{"rendered":"<p>Musste gegen 15:30 Uhr sowieso in Eppstein sein und deshalb habe ich davor die Zeit genutzt und bin um 12:00 Uhr an den Hang in Reichenbach. War sch\u00f6ne Sonne und leichter S\u00fcdwind angesagt. Vor Ort kam der Wind mal wieder etwas weit aus \u00f6stlicher Richtung und zudem war es b\u00f6ig. Aber recht gut fliegbar, zumal es durch Wolken doch mehr abgeschattet war als erwartet. Damit waren die thermischen Abl\u00f6sungen nicht so heftig und wenn der Wind direkt von vorne kam, gab es ein paar nette Fl\u00fcgchen. Leider musste ich wie gesagt zu einem Termin und weg als es gerade recht gut zu fliegen ging. Der Rest &#8211; wir waren zu dem Zeitpunkt 6 Flieger am Hang &#8211; sollte noch seinen Spa\u00df gehabt haben.<\/p>\n","protected":false},"excerpt":{"rendered":"<p>Musste gegen 15:30 Uhr sowieso in Eppstein sein und deshalb habe ich davor die Zeit genutzt und bin um 12:00 Uhr an den Hang in Reichenbach. War sch\u00f6ne Sonne und leichter S\u00fcdwind angesagt. Vor Ort kam der Wind mal wieder etwas weit aus \u00f6stlicher Richtung und zudem war es b\u00f6ig. Aber recht gut fliegbar, zumal &hellip; <a href=\"https:\/\/fliegerblog.rjs.de\/?p=359\" class=\"more-link\"><span class=\"screen-reader-text\">\u201eKurz, aber ok\u201c<\/span> weiterlesen<\/a><\/p>\n","protected":false},"author":1,"featured_media":0,"comment_status":"open","ping_status":"open","sticky":false,"template":"","format":"standard","meta":{"jetpack_post_was_ever_published":false,"footnotes":"","jetpack_publicize_message":"","jetpack_is_tweetstorm":false,"jetpack_publicize_feature_enabled":true,"jetpack_social_options":[]},"categories":[2],"tags":[],"class_list":["post-359","post","type-post","status-publish","format-standard","hentry","category-allgemein"],"jetpack_publicize_connections":[],"jetpack_featured_media_url":"","jetpack_shortlink":"https:\/\/wp.me\/p788kK-5N","jetpack-related-posts":[{"id":291,"url":"https:\/\/fliegerblog.rjs.de\/?p=291","url_meta":{"origin":359,"position":0},"title":"Endlich mal wieder","date":"Februar 20, 2010","format":false,"excerpt":"Heute ging es seit langen Wochen endlich mal wieder gut am Hang. Wir waren so ab etwa 10:30 Uhr in Reichenbach. Insgesamt 5 Flieger. Laut Prognose und Messwerten war zwar zuviel West angesagt, aber in den letzten vergleichbaren Situationen kam der Wind immer viel weniger aus West als es sein\u2026","rel":"","context":"In &quot;Allgemein&quot;","img":{"alt_text":"","src":"","width":0,"height":0},"classes":[]},{"id":1207,"url":"https:\/\/fliegerblog.rjs.de\/?p=1207","url_meta":{"origin":359,"position":1},"title":"Erst pfui, dann aber hui","date":"November 27, 2016","format":false,"excerpt":"Ich war schon eine gef\u00fchlte Ewigkeit nicht mehr am MFK. Muss irgendwann im Sommer gewesen sein. Dieses Jahr gab es verdammt selten Nordwind. Heute war es mal wieder passend. Ich hatte mir aufgrund der Prognosen ausgerechnet, dass es von 11:00 bis maximal 15:00 Uhr passen k\u00f6nnte. Die Vorhersagen waren zwar\u2026","rel":"","context":"\u00c4hnlicher Beitrag","img":{"alt_text":"","src":"https:\/\/i0.wp.com\/2.bp.blogspot.com\/-sM7v-OqkVPo\/WDsz4DmQ7yI\/AAAAAAAADOM\/HnSfEgMhW4gyJWfux3KJZtaTSmEul4SIwCLcB\/s320\/GOPR9747.JPG?resize=350%2C200&ssl=1","width":350,"height":200},"classes":[]},{"id":301,"url":"https:\/\/fliegerblog.rjs.de\/?p=301","url_meta":{"origin":359,"position":2},"title":"Seit langer Zeit mal wieder Nordwind","date":"M\u00e4rz 5, 2010","format":false,"excerpt":"Fast w\u00e4re ich gestern schon am Hang gewesen, da 7 Sonnen am Himmel standen und Nordwind anstand. Nur bin ich am Tag zuvor auf der Cebit und damit 22 Stunden am St\u00fcck auf den Beinen gewesen. Von daher habe ich es gestern wegen akuter M\u00fcdigkeit gelassen (und zudem war der\u2026","rel":"","context":"In &quot;Allgemein&quot;","img":{"alt_text":"","src":"","width":0,"height":0},"classes":[]},{"id":758,"url":"https:\/\/fliegerblog.rjs.de\/?p=758","url_meta":{"origin":359,"position":3},"title":"Winde oder Hang?","date":"April 25, 2014","format":false,"excerpt":"Das war heute die Frage. Bei den Gleitschirmfreunden Taunusstein war in Laufenselden Schleppen angesetzt. Aber die Prognosen sahen nach Ost bis teils SO aus. Zudem sollte der Wind in B\u00f6en recht kr\u00e4ftig werden. Die Bahn ist nach NO ausgerichtet und von daher war ich nicht ganz \u00fcberzeugt, dass das eine\u2026","rel":"","context":"In &quot;Allgemein&quot;","img":{"alt_text":"","src":"","width":0,"height":0},"classes":[]},{"id":266,"url":"https:\/\/fliegerblog.rjs.de\/?p=266","url_meta":{"origin":359,"position":4},"title":"Geile Route","date":"November 21, 2009","format":false,"excerpt":"Und gleich noch ein 3. Mal Reichenbach. Heute waren die Bedingungen zwar nicht so gut wie Donnerstag, aber etwas besser wie gestern. War von 11:30 Uhr - 14:00 Uhr am Hang. War wieder sch\u00f6n sonnig, aber der Wind kam meist - wie die letzten Tage - zu weit aus Ost.\u2026","rel":"","context":"In &quot;Allgemein&quot;","img":{"alt_text":"","src":"","width":0,"height":0},"classes":[]},{"id":1464,"url":"https:\/\/fliegerblog.rjs.de\/?p=1464","url_meta":{"origin":359,"position":5},"title":"1 von 3 ist immerhin etwas","date":"Juni 25, 2018","format":false,"excerpt":"Am Samstag war mein Besuch am MFK ein Satz mit X. Nicht einmal den Schirm hochgezogen - so heftig waren die Bedingungen. Am Sonntag habe ich lange gezweifelt, ob ich am sp\u00e4teren Nachmittag hinfahren sollte. Aber mich hat eine Erk\u00e4ltung ziemlich niedergehauen und ich war wegen \u00e4hnlicher Prognosen wie Samstag\u2026","rel":"","context":"\u00c4hnlicher Beitrag","img":{"alt_text":"","src":"https:\/\/i0.wp.com\/3.bp.blogspot.com\/-NSOAO9bd3jM\/WzOzb3FLuBI\/AAAAAAAAEAA\/d50_YO24sUAYK04SW0S6rgeju5O5whO4wCLcBGAs\/s320\/GOPR3192.JPG?resize=350%2C200&ssl=1","width":350,"height":200},"classes":[]}],"_links":{"self":[{"href":"https:\/\/fliegerblog.rjs.de\/index.php?rest_route=\/wp\/v2\/posts\/359","targetHints":{"allow":["GET"]}}],"collection":[{"href":"https:\/\/fliegerblog.rjs.de\/index.php?rest_route=\/wp\/v2\/posts"}],"about":[{"href":"https:\/\/fliegerblog.rjs.de\/index.php?rest_route=\/wp\/v2\/types\/post"}],"author":[{"embeddable":true,"href":"https:\/\/fliegerblog.rjs.de\/index.php?rest_route=\/wp\/v2\/users\/1"}],"replies":[{"embeddable":true,"href":"https:\/\/fliegerblog.rjs.de\/index.php?rest_route=%2Fwp%2Fv2%2Fcomments&post=359"}],"version-history":[{"count":0,"href":"https:\/\/fliegerblog.rjs.de\/index.php?rest_route=\/wp\/v2\/posts\/359\/revisions"}],"wp:attachment":[{"href":"https:\/\/fliegerblog.rjs.de\/index.php?rest_route=%2Fwp%2Fv2%2Fmedia&parent=359"}],"wp:term":[{"taxonomy":"category","embeddable":true,"href":"https:\/\/fliegerblog.rjs.de\/index.php?rest_route=%2Fwp%2Fv2%2Fcategories&post=359"},{"taxonomy":"post_tag","embeddable":true,"href":"https:\/\/fliegerblog.rjs.de\/index.php?rest_route=%2Fwp%2Fv2%2Ftags&post=359"}],"curies":[{"name":"wp","href":"https:\/\/api.w.org\/{rel}","templated":true}]}}