{"id":358,"date":"2010-08-01T15:40:22","date_gmt":"2010-08-01T14:40:22","guid":{"rendered":"http:\/\/www.rjs.de\/fliegerblog\/?p=358"},"modified":"2010-08-01T15:40:22","modified_gmt":"2010-08-01T14:40:22","slug":"hupfen-handlen","status":"publish","type":"post","link":"https:\/\/fliegerblog.rjs.de\/?p=358","title":{"rendered":"H\u00fcpfen &#038; Handlen"},"content":{"rendered":"<p>Reichenbach ist gem\u00e4ht und bis auf unsere alte Landewiese wieder offen. Gestern und heute war S\u00fcdwind angek\u00fcndigt und da wollte ich heute mal wieder hin. Z.Z. komme ich wenig an den Hang, da ich 1x viele Computerschulungen halte (auch ziemlich weit weg) und zudem umgezogen bin und da noch \u00e4tzend viel Arbeit zu tun ist. Aber nachdem ich gestern schon nicht konnte, bin ich heute um 9:30 Uhr hin. Ist von der neuen Wohnung zwar einiges weiter, aber noch im Rahmen. <\/p>\n<p>Richtig gelohnt hat es sich aber nicht \ud83d\ude41<\/p>\n<p>Der Wind kam viel weiter von Ost als angek\u00fcndigt und war extrem bockig. War wohl gestern auch so und deshalb habe ich da nicht viel verpasst, aber auch heute war es kaum fliegbar. Nix von wegen zuviel West, wohin der Wind gegen Mittag drehen sollte &#8211; zuviel Ost und dann thermische Abl\u00f6sungen, die sich gewaschen hatten. Dazu kamen auch gelegentlich en paar Tropfen durch. Alles in Allem habe ich viel Starkwindhandling betrieben und bin ein bisschen vorsichtig geh\u00fcpft. That&#8216; s all.<\/p>\n","protected":false},"excerpt":{"rendered":"<p>Reichenbach ist gem\u00e4ht und bis auf unsere alte Landewiese wieder offen. Gestern und heute war S\u00fcdwind angek\u00fcndigt und da wollte ich heute mal wieder hin. Z.Z. komme ich wenig an den Hang, da ich 1x viele Computerschulungen halte (auch ziemlich weit weg) und zudem umgezogen bin und da noch \u00e4tzend viel Arbeit zu tun ist. &hellip; <a href=\"https:\/\/fliegerblog.rjs.de\/?p=358\" class=\"more-link\"><span class=\"screen-reader-text\">\u201eH\u00fcpfen &#038; Handlen\u201c<\/span> weiterlesen<\/a><\/p>\n","protected":false},"author":1,"featured_media":0,"comment_status":"open","ping_status":"open","sticky":false,"template":"","format":"standard","meta":{"jetpack_post_was_ever_published":false,"footnotes":"","jetpack_publicize_message":"","jetpack_is_tweetstorm":false,"jetpack_publicize_feature_enabled":true,"jetpack_social_options":[]},"categories":[2],"tags":[],"class_list":["post-358","post","type-post","status-publish","format-standard","hentry","category-allgemein"],"jetpack_publicize_connections":[],"jetpack_featured_media_url":"","jetpack_shortlink":"https:\/\/wp.me\/p788kK-5M","jetpack-related-posts":[{"id":1708,"url":"https:\/\/fliegerblog.rjs.de\/?p=1708","url_meta":{"origin":358,"position":0},"title":"Kurzsession","date":"Mai 20, 2020","format":false,"excerpt":"Nachdem ich gestern gekniffen habe, bin ich heute an dem MFK. Gestern hatte der gro\u00dfe Kopf B\u00f6en mit 37 Km\/h gemeldet und auch am Hang sollte es bis 20:00 Uhr immer wieder B\u00f6en in der St\u00e4rke geben. Das war mir zu viel, wenngleich ich sp\u00e4ter gesehen habe, dass ein paar\u2026","rel":"","context":"\u00c4hnlicher Beitrag","img":{"alt_text":"","src":"https:\/\/i0.wp.com\/1.bp.blogspot.com\/-PDKPwvFHTSA\/XsVl9HM7BUI\/AAAAAAAAFaM\/vP8YMMZl4AAj9iBJN8uBYdRpaAvPOqLSQCLcBGAsYHQ\/s320\/GOPR4136.JPG?resize=350%2C200&ssl=1","width":350,"height":200},"classes":[]},{"id":1551,"url":"https:\/\/fliegerblog.rjs.de\/?p=1551","url_meta":{"origin":358,"position":1},"title":"Heute mal 15 Grad+","date":"Februar 16, 2019","format":false,"excerpt":"Nachdem ich gestern f\u00fcr den Tripp auf die Waku doch ein paar Kilometer runtergeschrubbt und zudem wegen dem super Wetter einen riesigen Andrang (Flieger, aber auch Touris und Skifahrer) erwartet hatte, wollte ich heute in der N\u00e4he bleiben und eine eher ruhige Location nutzen. Ich musste sowieso in den Taunus\u2026","rel":"","context":"\u00c4hnlicher Beitrag","img":{"alt_text":"","src":"https:\/\/i0.wp.com\/3.bp.blogspot.com\/-Ng2SIIPdG70\/XGhrOzAh5BI\/AAAAAAAAEbg\/cFPfGhTGM5glfQ8OqqAlNWwXEsLjAnQFACLcBGAs\/s320\/GOPR6004.JPG?resize=350%2C200&ssl=1","width":350,"height":200},"classes":[]},{"id":307,"url":"https:\/\/fliegerblog.rjs.de\/?p=307","url_meta":{"origin":358,"position":2},"title":"Probieren statt studieren","date":"M\u00e4rz 24, 2010","format":false,"excerpt":"Ich sollte heute Nachmittag eigentlich mit meiner Vorlesung an der Hochschule RheinMain anfangen, aber gestern hat sich der Termin ganz kurzfristig verschoben. Also statt Studenten eine Vorlesung zu halten bin ich nach Reichenbach fliegen gegangen. Es war zwar zuviel Ost angek\u00fcndigt, aber bei pl\u00f6tzlich freier Zeit und strahlender Sonne kann\u2026","rel":"","context":"In &quot;Allgemein&quot;","img":{"alt_text":"","src":"","width":0,"height":0},"classes":[]},{"id":291,"url":"https:\/\/fliegerblog.rjs.de\/?p=291","url_meta":{"origin":358,"position":3},"title":"Endlich mal wieder","date":"Februar 20, 2010","format":false,"excerpt":"Heute ging es seit langen Wochen endlich mal wieder gut am Hang. Wir waren so ab etwa 10:30 Uhr in Reichenbach. Insgesamt 5 Flieger. Laut Prognose und Messwerten war zwar zuviel West angesagt, aber in den letzten vergleichbaren Situationen kam der Wind immer viel weniger aus West als es sein\u2026","rel":"","context":"In &quot;Allgemein&quot;","img":{"alt_text":"","src":"","width":0,"height":0},"classes":[]},{"id":1628,"url":"https:\/\/fliegerblog.rjs.de\/?p=1628","url_meta":{"origin":358,"position":4},"title":"Winde oder Hang? Beides!","date":"Juli 14, 2019","format":false,"excerpt":"Aber beides irgendwie suboptimal heute. Es war Schleppen in Singhofen angesetzt und ich hatte mich sehr fr\u00fchzeitig daf\u00fcr gemeldet. Denn die Prognosen sahen stabil und gar nicht schlecht aus. Aber da der Wind gar nicht so schwach werden und aus Nord kommen sollte, bin ich schon mit einem Plan B\u2026","rel":"","context":"\u00c4hnlicher Beitrag","img":{"alt_text":"","src":"https:\/\/i0.wp.com\/1.bp.blogspot.com\/-qbgD-Zk7bZE\/XStaqVfbrmI\/AAAAAAAAE5U\/2LwmNVX2O20Vashbr1LGMoS26YF9NbeYQCLcBGAs\/s320\/GOPR9985.JPG?resize=350%2C200&ssl=1","width":350,"height":200},"classes":[]},{"id":1502,"url":"https:\/\/fliegerblog.rjs.de\/?p=1502","url_meta":{"origin":358,"position":5},"title":"Der Abschluss hat es gerettet","date":"September 28, 2018","format":false,"excerpt":"\u00a0 War ja klar - ich habe endlich mal einige Tage Zeit zum Fliegen und dann passen die Umst\u00e4nde nicht ;-(. Morgen wird das Schleppen mangels Interesse abgesagt und die n\u00e4chsten Tage sind wohl nicht wirklich berauschend hinsichtlich der Flugbedingungen. Aus dem Grund bin ich heute an den MFK, obwohl\u2026","rel":"","context":"\u00c4hnlicher Beitrag","img":{"alt_text":"","src":"https:\/\/i0.wp.com\/2.bp.blogspot.com\/-rdQPPNsTm6E\/W65QlVhICpI\/AAAAAAAAEIE\/TgTr_Mrh_JMu-BoajuQ--uxb0W7u3vUpgCLcBGAs\/s320\/GOPR3932.JPG?resize=350%2C200&ssl=1","width":350,"height":200},"classes":[]}],"_links":{"self":[{"href":"https:\/\/fliegerblog.rjs.de\/index.php?rest_route=\/wp\/v2\/posts\/358","targetHints":{"allow":["GET"]}}],"collection":[{"href":"https:\/\/fliegerblog.rjs.de\/index.php?rest_route=\/wp\/v2\/posts"}],"about":[{"href":"https:\/\/fliegerblog.rjs.de\/index.php?rest_route=\/wp\/v2\/types\/post"}],"author":[{"embeddable":true,"href":"https:\/\/fliegerblog.rjs.de\/index.php?rest_route=\/wp\/v2\/users\/1"}],"replies":[{"embeddable":true,"href":"https:\/\/fliegerblog.rjs.de\/index.php?rest_route=%2Fwp%2Fv2%2Fcomments&post=358"}],"version-history":[{"count":0,"href":"https:\/\/fliegerblog.rjs.de\/index.php?rest_route=\/wp\/v2\/posts\/358\/revisions"}],"wp:attachment":[{"href":"https:\/\/fliegerblog.rjs.de\/index.php?rest_route=%2Fwp%2Fv2%2Fmedia&parent=358"}],"wp:term":[{"taxonomy":"category","embeddable":true,"href":"https:\/\/fliegerblog.rjs.de\/index.php?rest_route=%2Fwp%2Fv2%2Fcategories&post=358"},{"taxonomy":"post_tag","embeddable":true,"href":"https:\/\/fliegerblog.rjs.de\/index.php?rest_route=%2Fwp%2Fv2%2Ftags&post=358"}],"curies":[{"name":"wp","href":"https:\/\/api.w.org\/{rel}","templated":true}]}}