{"id":357,"date":"2010-07-16T16:45:55","date_gmt":"2010-07-16T15:45:55","guid":{"rendered":"http:\/\/www.rjs.de\/fliegerblog\/?p=357"},"modified":"2010-07-16T16:45:55","modified_gmt":"2010-07-16T15:45:55","slug":"nur-zeit-und-benzin-verschwendet","status":"publish","type":"post","link":"https:\/\/fliegerblog.rjs.de\/?p=357","title":{"rendered":"Nur Zeit und Benzin verschwendet :-("},"content":{"rendered":"<p>Heute sollte in Laufenselden geschleppt werden. Als ich ankam habe ich schon Segelflieger in der Luft gesehen. Da schwanger mir schon B\u00f6ses. Und in der Tat &#8211; der Flugplatz war von Segelfliegern belegt :-(. Gro\u00dfe Sch&#8230; Eigentlich haben wir Freitag den Platz. Zumindest h\u00e4tten die das vorher ank\u00fcndigen k\u00f6nnen. <\/p>\n<p>Ich bin dann &#8211; da sowieso schon unterwegs &#8211; nochmal nach Reichenbach an den Hang. Der ist seit \u00fcber 2 Monaten zu, da nicht gem\u00e4ht. Aber seit einigen Tagen ist ein Schneise gem\u00e4ht worden, \u00fcber die wir wieder starten und landen d\u00fcrfen. Die ist aber kaum breiter wie 2\/3 Schirm und langt bei leichten Seitenwind bzw. st\u00e4rkerem Wind keinesfalls. Auch da die untere Wiese wohl auf Dauer nicht mehr zum Landen verf\u00fcgbar ist, wird in Zukunft die Nutzbarkeit von dem Hang nur noch eingeschr\u00e4nkt sein. Hab heute einen Testflug gemacht und bin dabei ziemlich gebeutelt worden. Es war extrem bockig und thermisch und ich kam mit M\u00fche auf einem Querweg runter. Da ich allein da war, habe ich eingepackt (war mir ob der B\u00f6cke zu riskant) und bin heim. Au\u00dfer dass ich Zeit und Benzin verschwendet habe war nix. Bin frustriert \ud83d\ude41<\/p>\n","protected":false},"excerpt":{"rendered":"<p>Heute sollte in Laufenselden geschleppt werden. Als ich ankam habe ich schon Segelflieger in der Luft gesehen. Da schwanger mir schon B\u00f6ses. Und in der Tat &#8211; der Flugplatz war von Segelfliegern belegt :-(. Gro\u00dfe Sch&#8230; Eigentlich haben wir Freitag den Platz. Zumindest h\u00e4tten die das vorher ank\u00fcndigen k\u00f6nnen. Ich bin dann &#8211; da sowieso &hellip; <a href=\"https:\/\/fliegerblog.rjs.de\/?p=357\" class=\"more-link\"><span class=\"screen-reader-text\">\u201eNur Zeit und Benzin verschwendet :-(\u201c<\/span> weiterlesen<\/a><\/p>\n","protected":false},"author":1,"featured_media":0,"comment_status":"open","ping_status":"open","sticky":false,"template":"","format":"standard","meta":{"jetpack_post_was_ever_published":false,"footnotes":"","jetpack_publicize_message":"","jetpack_is_tweetstorm":false,"jetpack_publicize_feature_enabled":true,"jetpack_social_options":[]},"categories":[2],"tags":[],"class_list":["post-357","post","type-post","status-publish","format-standard","hentry","category-allgemein"],"jetpack_publicize_connections":[],"jetpack_featured_media_url":"","jetpack_shortlink":"https:\/\/wp.me\/p788kK-5L","jetpack-related-posts":[{"id":1840,"url":"https:\/\/fliegerblog.rjs.de\/?p=1840","url_meta":{"origin":357,"position":0},"title":"Neuer (?!?) Hang","date":"August 5, 2021","format":false,"excerpt":"Heute habe ich etwas auf meiner To-Do-Liste, was ich unbedingt mal im Leben machen muss, abgearbeitet und was schon viele Jahre da drauf stand. Vermutlich schon seit meiner Kindheit. Die ganze Woche sieht nicht wirklich gut zum Fliegen aus und obwohl am Wochenende theoretisch sowohl in Singhofen als auch Wallertheim\u2026","rel":"","context":"\u00c4hnlicher Beitrag","img":{"alt_text":"","src":"","width":0,"height":0},"classes":[]},{"id":784,"url":"https:\/\/fliegerblog.rjs.de\/?p=784","url_meta":{"origin":357,"position":1},"title":"Pfingsten, gute Bedinungen und kaum jemand in Eschbach","date":"Juni 7, 2014","format":false,"excerpt":"Das war heute recht seltsam. Normalerweise ist es an einem Wochenend- oder Feiertag in Eschbach extrem voll, wenn die Bedingungen einen Flugtag versprechen. Heute war es aber leerer als an einem normalen Arbeitstag. Nach den Prognosen schien mir der Wind nur Vormittags bis vielleicht 13:00 Uhr von der Richtung zu\u2026","rel":"","context":"In &quot;Allgemein&quot;","img":{"alt_text":"","src":"https:\/\/i0.wp.com\/2.bp.blogspot.com\/-cLihO-L1IP8\/U9_Rzez_TkI\/AAAAAAAAB4g\/8vgfNOD3wzY\/s1600\/P1010234.JPG?resize=350%2C200","width":350,"height":200},"classes":[]},{"id":965,"url":"https:\/\/fliegerblog.rjs.de\/?p=965","url_meta":{"origin":357,"position":2},"title":"Super Ausbeute","date":"Juli 26, 2015","format":false,"excerpt":"Leider ist unser S\u00fcdwesthang in Reichenbach immer noch nicht gem\u00e4ht und damit derzeit nur sehr eingeschr\u00e4nkt zu nutzen. Es gilt daher die Vorgabe, dass wir nur von den Wegen starten und nur auf den Wegen oder der unteren Landewiese landen d\u00fcrfen. Das verhindert leider ein Groundhandling und Spielen, was ich\u2026","rel":"","context":"In &quot;Allgemein&quot;","img":{"alt_text":"","src":"","width":0,"height":0},"classes":[]},{"id":1355,"url":"https:\/\/fliegerblog.rjs.de\/?p=1355","url_meta":{"origin":357,"position":3},"title":"Flashmob am Hang","date":"Januar 14, 2018","format":false,"excerpt":"Was war das eine elend lange fluglose Zeit. Ich kann mich nicht entsinnen, dass ich - seit ich fliege - schon einen Winter oder eine andere Zeitspanne im Jahr erlebt habe, in der es solange keine Chance auf Airtime gab. Die ganz, ganz wenigen potentiellen M\u00f6glichkeiten \u00fcberhaupt habe ich verpasst\u2026","rel":"","context":"\u00c4hnlicher Beitrag","img":{"alt_text":"","src":"https:\/\/i0.wp.com\/3.bp.blogspot.com\/-Z-hdM9iAuts\/WluAT1LYhGI\/AAAAAAAADrE\/WGrUkp-DKH8xrusslwElruu97Yx96WwOQCLcBGAs\/s320\/GOPR8074.JPG?resize=350%2C200&ssl=1","width":350,"height":200},"classes":[]},{"id":200,"url":"https:\/\/fliegerblog.rjs.de\/?p=200","url_meta":{"origin":357,"position":4},"title":"Zwischenhoch","date":"Juli 27, 2009","format":false,"excerpt":"Z.Z. wird man als Gleitschirmflieger mit dem Wetter einfach nicht gl\u00fccklich. Zwar ist es warm und immer wieder sonnig, aber auch st\u00e4ndig liegen Gewitter, Regen und zuviel Wind in der Luft :-(. Und gerade am Wochenende ist es meist am \u00fcbelsten :-(. Heute war aber mal wieder vern\u00fcnftiger SW mit\u2026","rel":"","context":"In &quot;Allgemein&quot;","img":{"alt_text":"","src":"","width":0,"height":0},"classes":[]},{"id":477,"url":"https:\/\/fliegerblog.rjs.de\/?p=477","url_meta":{"origin":357,"position":5},"title":"Superbedingugen und Rekordfl\u00fcge ;-)","date":"September 21, 2011","format":false,"excerpt":"Heute bin ich um 14:00 Uhr am Hang in Reichenbach aufgelaufen. Wind war zwar schwach vorhergesagt (5 - 7 Knoten), aber aus der richtigen Richtung. Und da es sonnig war, konnte man Thermik erwarten. Und in der Tat stand der Wind perfekt als ich kam. Ich war die ersten 20\u2026","rel":"","context":"In &quot;Allgemein&quot;","img":{"alt_text":"","src":"","width":0,"height":0},"classes":[]}],"_links":{"self":[{"href":"https:\/\/fliegerblog.rjs.de\/index.php?rest_route=\/wp\/v2\/posts\/357","targetHints":{"allow":["GET"]}}],"collection":[{"href":"https:\/\/fliegerblog.rjs.de\/index.php?rest_route=\/wp\/v2\/posts"}],"about":[{"href":"https:\/\/fliegerblog.rjs.de\/index.php?rest_route=\/wp\/v2\/types\/post"}],"author":[{"embeddable":true,"href":"https:\/\/fliegerblog.rjs.de\/index.php?rest_route=\/wp\/v2\/users\/1"}],"replies":[{"embeddable":true,"href":"https:\/\/fliegerblog.rjs.de\/index.php?rest_route=%2Fwp%2Fv2%2Fcomments&post=357"}],"version-history":[{"count":0,"href":"https:\/\/fliegerblog.rjs.de\/index.php?rest_route=\/wp\/v2\/posts\/357\/revisions"}],"wp:attachment":[{"href":"https:\/\/fliegerblog.rjs.de\/index.php?rest_route=%2Fwp%2Fv2%2Fmedia&parent=357"}],"wp:term":[{"taxonomy":"category","embeddable":true,"href":"https:\/\/fliegerblog.rjs.de\/index.php?rest_route=%2Fwp%2Fv2%2Fcategories&post=357"},{"taxonomy":"post_tag","embeddable":true,"href":"https:\/\/fliegerblog.rjs.de\/index.php?rest_route=%2Fwp%2Fv2%2Ftags&post=357"}],"curies":[{"name":"wp","href":"https:\/\/api.w.org\/{rel}","templated":true}]}}