{"id":354,"date":"2010-07-06T20:05:17","date_gmt":"2010-07-06T19:05:17","guid":{"rendered":"http:\/\/www.rjs.de\/fliegerblog\/?p=354"},"modified":"2010-07-06T20:05:17","modified_gmt":"2010-07-06T19:05:17","slug":"abendsession-am-mfk","status":"publish","type":"post","link":"https:\/\/fliegerblog.rjs.de\/?p=354","title":{"rendered":"Abendsession am MFK"},"content":{"rendered":"<p>Obwohl ich mir heute eigentlich keine Zeit nehmen wollte, bin ich doch um 16:00 Uhr an den Hang in MF gefahren. Die Bedingungen schienen einfach zu gut zu sein. Vor Ort war der Wind allerdings ziemlich kr\u00e4ftig und es gab immer wieder b\u00f6ige thermische Abl\u00f6sungen. Ich habe daher erst unten was gespielt und bin recht sp\u00e4t von oben gestartet. Die 2 Versuche, die vorher von anderen Fliegern von oben gestartet wurden, waren doch recht ruppig. <\/p>\n<p>Als ich mich dann von oben rausgetraut habe, war die Sache ruhig geworden. Und wie meistens ist die Spanne zwischen &#8222;zu heftig&#8220; und &#8222;zu wenig&#8220; recht schmal. Hab sie aber so einigerma\u00dfen erwischt.<\/p>\n","protected":false},"excerpt":{"rendered":"<p>Obwohl ich mir heute eigentlich keine Zeit nehmen wollte, bin ich doch um 16:00 Uhr an den Hang in MF gefahren. Die Bedingungen schienen einfach zu gut zu sein. Vor Ort war der Wind allerdings ziemlich kr\u00e4ftig und es gab immer wieder b\u00f6ige thermische Abl\u00f6sungen. Ich habe daher erst unten was gespielt und bin recht &hellip; <a href=\"https:\/\/fliegerblog.rjs.de\/?p=354\" class=\"more-link\"><span class=\"screen-reader-text\">\u201eAbendsession am MFK\u201c<\/span> weiterlesen<\/a><\/p>\n","protected":false},"author":1,"featured_media":0,"comment_status":"open","ping_status":"open","sticky":false,"template":"","format":"standard","meta":{"jetpack_post_was_ever_published":false,"footnotes":"","jetpack_publicize_message":"","jetpack_is_tweetstorm":false,"jetpack_publicize_feature_enabled":true,"jetpack_social_options":[]},"categories":[2],"tags":[],"class_list":["post-354","post","type-post","status-publish","format-standard","hentry","category-allgemein"],"jetpack_publicize_connections":[],"jetpack_featured_media_url":"","jetpack_shortlink":"https:\/\/wp.me\/p788kK-5I","jetpack-related-posts":[{"id":301,"url":"https:\/\/fliegerblog.rjs.de\/?p=301","url_meta":{"origin":354,"position":0},"title":"Seit langer Zeit mal wieder Nordwind","date":"M\u00e4rz 5, 2010","format":false,"excerpt":"Fast w\u00e4re ich gestern schon am Hang gewesen, da 7 Sonnen am Himmel standen und Nordwind anstand. Nur bin ich am Tag zuvor auf der Cebit und damit 22 Stunden am St\u00fcck auf den Beinen gewesen. Von daher habe ich es gestern wegen akuter M\u00fcdigkeit gelassen (und zudem war der\u2026","rel":"","context":"In &quot;Allgemein&quot;","img":{"alt_text":"","src":"","width":0,"height":0},"classes":[]},{"id":1849,"url":"https:\/\/fliegerblog.rjs.de\/?p=1849","url_meta":{"origin":354,"position":1},"title":"Erstmals in Boos geflogen","date":"September 2, 2021","format":false,"excerpt":"Seit etwa Mai habe ich eine Jahreskarte f\u00fcr 5 H\u00e4nge in der Gegend von Bad Kreuznach, aber ausser in Auen bin ich bisher nach der Einweisung noch nicht dahin gekommen. Da wir leider an einigen meiner Stammh\u00e4nge Stress haben bzw. die im Moment gar nicht genutzt werden k\u00f6nnen, will ich\u2026","rel":"","context":"\u00c4hnlicher Beitrag","img":{"alt_text":"","src":"https:\/\/i0.wp.com\/1.bp.blogspot.com\/-RKydpWKO75k\/YTD3P_bimaI\/AAAAAAAAGS0\/MxI4CVe2INQkUxcJxZKpiOuJOKxQx2CYgCLcBGAsYHQ\/w400-h300\/GOPR9773.JPG?resize=350%2C200&ssl=1","width":350,"height":200},"classes":[]},{"id":657,"url":"https:\/\/fliegerblog.rjs.de\/?p=657","url_meta":{"origin":354,"position":2},"title":"Ziemlich sportliche Bedingungen heute","date":"Juni 3, 2013","format":false,"excerpt":"Nordwind und Sonne. Und Zeit. Da gibt es keine Frage - MFK. Bin um 15:00 Uhr da eingelaufen und es war noch niemand am Hang. Vorher war der Wind auch zu stark. Insbesondere sind recht heftige B\u00f6en durchgezogen. Am Hang war der Wind dann auch nicht ohne und ich bin\u2026","rel":"","context":"In &quot;Allgemein&quot;","img":{"alt_text":"","src":"","width":0,"height":0},"classes":[]},{"id":310,"url":"https:\/\/fliegerblog.rjs.de\/?p=310","url_meta":{"origin":354,"position":3},"title":"Gut war es","date":"April 9, 2010","format":false,"excerpt":"Seit gestern ist Nordwind angesagt. Und wie ich mitbekommen habe, ging es auch gestern schon nett zu fliegen. War da aber anderweitig unterwegs. Aber heute waren wir gegen 13:15 Uhr am Hang in MF. Im Vorfeld wurde in der Diskussion zu heute vermutet, dass der Wind recht schwach w\u00fcrde. In\u2026","rel":"","context":"In &quot;Allgemein&quot;","img":{"alt_text":"","src":"","width":0,"height":0},"classes":[]},{"id":1307,"url":"https:\/\/fliegerblog.rjs.de\/?p=1307","url_meta":{"origin":354,"position":4},"title":"Vereinsfest des GVNG 2017 in Staudernheim","date":"August 26, 2017","format":false,"excerpt":"Eigentlich meide ich Fliegerfeste meist. In der Regel ist es mir da zu voll. Aber an dem Wochenende war nicht nur das Fliegerfest in Staudernheim beim GVNG, sondern auch in Lasserg. Da dachte ich mir, dass es sich etwas verteilt. Zumdem wollte ich unbedingt mal wieder an den Hang in\u2026","rel":"","context":"\u00c4hnlicher Beitrag","img":{"alt_text":"","src":"https:\/\/i0.wp.com\/1.bp.blogspot.com\/-rYktb9kfx9s\/WaGduRfbp5I\/AAAAAAAADig\/ZEJ0EXuzLnU_j7yjegi6BVlheyRI6OJIgCLcBGAs\/s320\/GOPR5459.JPG?resize=350%2C200&ssl=1","width":350,"height":200},"classes":[]},{"id":1731,"url":"https:\/\/fliegerblog.rjs.de\/?p=1731","url_meta":{"origin":354,"position":5},"title":"Erst f\u00fcr mich zu bockig, aber dann genial","date":"Juli 20, 2020","format":false,"excerpt":"Ich war heute lange unentschieden, ob ich an den Hang in MF gehen sollte. Die Richtung sah im Vorfeld gut aus, aber einige Prognosen haben B\u00f6en bis 40 km\/h vorhergesagt. Und nach meinen Erfahrungen der letzten Zeit wird es bei den Prognosen am Hang auch heftig. Nach l\u00e4ngerer Diskussion in\u2026","rel":"","context":"\u00c4hnlicher Beitrag","img":{"alt_text":"","src":"https:\/\/i0.wp.com\/1.bp.blogspot.com\/-q2TuBiPoZW4\/XxX8BnWHimI\/AAAAAAAAFh4\/VooJR0b7MVk8PVFr7mnAL9LmCGFzgVd0gCLcBGAsYHQ\/s320\/GOPR5416.JPG?resize=350%2C200&ssl=1","width":350,"height":200},"classes":[]}],"_links":{"self":[{"href":"https:\/\/fliegerblog.rjs.de\/index.php?rest_route=\/wp\/v2\/posts\/354","targetHints":{"allow":["GET"]}}],"collection":[{"href":"https:\/\/fliegerblog.rjs.de\/index.php?rest_route=\/wp\/v2\/posts"}],"about":[{"href":"https:\/\/fliegerblog.rjs.de\/index.php?rest_route=\/wp\/v2\/types\/post"}],"author":[{"embeddable":true,"href":"https:\/\/fliegerblog.rjs.de\/index.php?rest_route=\/wp\/v2\/users\/1"}],"replies":[{"embeddable":true,"href":"https:\/\/fliegerblog.rjs.de\/index.php?rest_route=%2Fwp%2Fv2%2Fcomments&post=354"}],"version-history":[{"count":0,"href":"https:\/\/fliegerblog.rjs.de\/index.php?rest_route=\/wp\/v2\/posts\/354\/revisions"}],"wp:attachment":[{"href":"https:\/\/fliegerblog.rjs.de\/index.php?rest_route=%2Fwp%2Fv2%2Fmedia&parent=354"}],"wp:term":[{"taxonomy":"category","embeddable":true,"href":"https:\/\/fliegerblog.rjs.de\/index.php?rest_route=%2Fwp%2Fv2%2Fcategories&post=354"},{"taxonomy":"post_tag","embeddable":true,"href":"https:\/\/fliegerblog.rjs.de\/index.php?rest_route=%2Fwp%2Fv2%2Ftags&post=354"}],"curies":[{"name":"wp","href":"https:\/\/api.w.org\/{rel}","templated":true}]}}