{"id":353,"date":"2010-07-04T20:14:53","date_gmt":"2010-07-04T19:14:53","guid":{"rendered":"http:\/\/www.rjs.de\/fliegerblog\/?p=353"},"modified":"2010-07-04T20:14:53","modified_gmt":"2010-07-04T19:14:53","slug":"heis-und-wenig-erfolgreich","status":"publish","type":"post","link":"https:\/\/fliegerblog.rjs.de\/?p=353","title":{"rendered":"Hei\u00df und wenig erfolgreich"},"content":{"rendered":"<p>Waren heute Nachmittag in MF. Es war wieder knallhei\u00df. Als ich kam war zumindest etwas Wind da und so bin ich doch einige Male (vieleicht 8x) den Hang runter. Aber das war nix Gro\u00dfes und das Hinaufkommen bei der Hitze ne Qual. Gegen 16:00 Uhr ist der Wind dann ganz eingeschlafen und obwohl er gegen Abend zunehmen sollte, kam da nix mehr. Um 18:15 Uhr sind wir abgehauen.<\/p>\n","protected":false},"excerpt":{"rendered":"<p>Waren heute Nachmittag in MF. Es war wieder knallhei\u00df. Als ich kam war zumindest etwas Wind da und so bin ich doch einige Male (vieleicht 8x) den Hang runter. Aber das war nix Gro\u00dfes und das Hinaufkommen bei der Hitze ne Qual. Gegen 16:00 Uhr ist der Wind dann ganz eingeschlafen und obwohl er gegen &hellip; <a href=\"https:\/\/fliegerblog.rjs.de\/?p=353\" class=\"more-link\"><span class=\"screen-reader-text\">\u201eHei\u00df und wenig erfolgreich\u201c<\/span> weiterlesen<\/a><\/p>\n","protected":false},"author":1,"featured_media":0,"comment_status":"open","ping_status":"open","sticky":false,"template":"","format":"standard","meta":{"jetpack_post_was_ever_published":false,"footnotes":"","jetpack_publicize_message":"","jetpack_is_tweetstorm":false,"jetpack_publicize_feature_enabled":true,"jetpack_social_options":[]},"categories":[2],"tags":[],"class_list":["post-353","post","type-post","status-publish","format-standard","hentry","category-allgemein"],"jetpack_publicize_connections":[],"jetpack_featured_media_url":"","jetpack_shortlink":"https:\/\/wp.me\/p788kK-5H","jetpack-related-posts":[{"id":94,"url":"https:\/\/fliegerblog.rjs.de\/?p=94","url_meta":{"origin":353,"position":0},"title":"Der Abend hat sich gelohnt","date":"Juli 30, 2007","format":false,"excerpt":"Der Tag heute hatte sehr viel versprochen. Guten Nordwest \u00fcber den ganzen Tag. Die Realit\u00e4t sah wie immer anders aus. Reiner West und viel zu b\u00f6ig den Tag \u00fcber. Bin deshalb mit meinen Kindern in einen Freizeitpark (hat sie richtig gefreut - mir wurde auf einem Karussell fast schlecht).Dann gegen\u2026","rel":"","context":"In &quot;Allgemein&quot;","img":{"alt_text":"","src":"","width":0,"height":0},"classes":[]},{"id":423,"url":"https:\/\/fliegerblog.rjs.de\/?p=423","url_meta":{"origin":353,"position":1},"title":"Schleppsaison er\u00f6ffnet &#8211; und sowas von dem Wurm drin gewesen","date":"April 23, 2011","format":false,"excerpt":"Bin heute gute 140 Km nach Alsfeld gefahren, um f\u00fcr mich f\u00fcr dieses Jahr die Schleppsaison zu er\u00f6ffnen. Aber ich habe noch kein Schleppen erlebt, bei dem derma\u00dfen der Wurm drin war. Ich kam gegen 10:30 Uhr an, weil es schon gegen 10:00 Uhr los gehen sollte. Und was war?\u2026","rel":"","context":"In &quot;Allgemein&quot;","img":{"alt_text":"","src":"","width":0,"height":0},"classes":[]},{"id":42,"url":"https:\/\/fliegerblog.rjs.de\/?p=42","url_meta":{"origin":353,"position":2},"title":"Reisebericht Husby, D\u00e4nemark","date":"Juni 29, 2008","format":false,"excerpt":"Flugtagebuch K\u00fcstensoaren in Husby - D\u00e4nemark im Juni 200821. JuniIch bin wieder zum K\u00fcstenfliegen in D\u00e4nemark. In Husby, etwa 150 Kilometer s\u00fcdlich von Loekken, wo ich letztes Jahr war. Nachdem der Trip letztes Jahr eigentlich ein Reinfall war und ich in einer Woche nur einen Tag zum Fliegen kam, wollte\u2026","rel":"","context":"In &quot;Allgemein&quot;","img":{"alt_text":"","src":"https:\/\/i0.wp.com\/img.youtube.com\/vi\/1PDZNyzILZw\/0.jpg?resize=350%2C200","width":350,"height":200},"classes":[]},{"id":371,"url":"https:\/\/fliegerblog.rjs.de\/?p=371","url_meta":{"origin":353,"position":3},"title":"Kein guter Flugtag","date":"September 23, 2010","format":false,"excerpt":"Ab heute ist Herbst und ab morgen soll eine Schlechtwetterfront kommen. Aber heute waren nochmal Sonne und bis 26 Grad angesagt. Von daher bin ich schon ziemlich fr\u00fch (so gegen 13:30 Uhr) zum Schleppen nach Neu-Anspach. Obwohl die Gefahr bestand, dass der Wind quer zur Startbahn kommt. In der Praxis\u2026","rel":"","context":"In &quot;Allgemein&quot;","img":{"alt_text":"","src":"","width":0,"height":0},"classes":[]},{"id":1342,"url":"https:\/\/fliegerblog.rjs.de\/?p=1342","url_meta":{"origin":353,"position":4},"title":"Meine Saisoner\u00f6ffnung in Neu-Anspach = Abschluss der Windensaison in Neu-Anspach","date":"Oktober 26, 2017","format":false,"excerpt":"In den vergangenen Jahren bin ich ziemlich oft auf dem Flugplatz in Obernhain an der Winde geflogen. Eigentlich mehr als sonst irgendwo. Aber irgendwie kam ich dieses Jahr noch nicht dahin. Genaugenommen sogar sind es mittlerweile 2 Jahre her, seit ich das letzte Mal dort geflogen bin - wenn ich\u2026","rel":"","context":"\u00c4hnlicher Beitrag","img":{"alt_text":"","src":"https:\/\/i0.wp.com\/3.bp.blogspot.com\/--wxEoUXVewg\/WfIXV5EP0xI\/AAAAAAAADow\/6VvKfLIuLlEsSiQP3rsuoU2u-FQLi_dkgCLcBGAs\/s320\/GOPR7270.JPG?resize=350%2C200&ssl=1","width":350,"height":200},"classes":[]},{"id":280,"url":"https:\/\/fliegerblog.rjs.de\/?p=280","url_meta":{"origin":353,"position":5},"title":"X war&#8217;s","date":"Januar 23, 2010","format":false,"excerpt":"Ne, zurzeit ist kein Flugwetter. Immer wieder Schnee und tr\u00fcbe. Dazu kein guter Wind. Heute wollten wir es zwingen und sind gegen 13:00 Uhr trotz schlechter Prognosen an den SW-Hang in Reichenbach. Prognosen sagten zwar eher Ost voraus, aber unter \u00e4hnlichen Voraussagen ging es schon mehrfach trotzdem. Heute hat die\u2026","rel":"","context":"In &quot;Allgemein&quot;","img":{"alt_text":"","src":"","width":0,"height":0},"classes":[]}],"_links":{"self":[{"href":"https:\/\/fliegerblog.rjs.de\/index.php?rest_route=\/wp\/v2\/posts\/353","targetHints":{"allow":["GET"]}}],"collection":[{"href":"https:\/\/fliegerblog.rjs.de\/index.php?rest_route=\/wp\/v2\/posts"}],"about":[{"href":"https:\/\/fliegerblog.rjs.de\/index.php?rest_route=\/wp\/v2\/types\/post"}],"author":[{"embeddable":true,"href":"https:\/\/fliegerblog.rjs.de\/index.php?rest_route=\/wp\/v2\/users\/1"}],"replies":[{"embeddable":true,"href":"https:\/\/fliegerblog.rjs.de\/index.php?rest_route=%2Fwp%2Fv2%2Fcomments&post=353"}],"version-history":[{"count":0,"href":"https:\/\/fliegerblog.rjs.de\/index.php?rest_route=\/wp\/v2\/posts\/353\/revisions"}],"wp:attachment":[{"href":"https:\/\/fliegerblog.rjs.de\/index.php?rest_route=%2Fwp%2Fv2%2Fmedia&parent=353"}],"wp:term":[{"taxonomy":"category","embeddable":true,"href":"https:\/\/fliegerblog.rjs.de\/index.php?rest_route=%2Fwp%2Fv2%2Fcategories&post=353"},{"taxonomy":"post_tag","embeddable":true,"href":"https:\/\/fliegerblog.rjs.de\/index.php?rest_route=%2Fwp%2Fv2%2Ftags&post=353"}],"curies":[{"name":"wp","href":"https:\/\/api.w.org\/{rel}","templated":true}]}}