{"id":35,"date":"2008-08-30T20:31:00","date_gmt":"2008-08-30T20:31:00","guid":{"rendered":"http:\/\/www.rjs.de\/fliegerblog\/?p=35"},"modified":"2008-08-30T20:31:00","modified_gmt":"2008-08-30T20:31:00","slug":"schlepp-in-strinz","status":"publish","type":"post","link":"https:\/\/fliegerblog.rjs.de\/?p=35","title":{"rendered":"Schlepp in Strinz"},"content":{"rendered":"<p><a onblur=\"try {parent.deselectBloggerImageGracefully();} catch(e) {}\" href=\"https:\/\/i0.wp.com\/3.bp.blogspot.com\/_lY4VOIwoBZk\/SLqC-TL5MvI\/AAAAAAAAAJc\/Jov1jbrzF5o\/s1600-h\/20080831_1672429172_sany0005.jpg\"><img decoding=\"async\" style=\"float:left; margin:0 10px 10px 0;cursor:pointer; cursor:hand;\" src=\"https:\/\/i0.wp.com\/3.bp.blogspot.com\/_lY4VOIwoBZk\/SLqC-TL5MvI\/AAAAAAAAAJc\/Jov1jbrzF5o\/s200\/20080831_1672429172_sany0005.jpg?w=840\" border=\"0\" alt=\"\" id=\"BLOGGER_PHOTO_ID_5240645123212653298\" data-recalc-dims=\"1\" \/><\/a><br \/><a onblur=\"try {parent.deselectBloggerImageGracefully();} catch(e) {}\" href=\"https:\/\/i0.wp.com\/4.bp.blogspot.com\/_lY4VOIwoBZk\/SLqC-iGhjpI\/AAAAAAAAAJk\/AYdAId2ctDI\/s1600-h\/20080831_1050915738_dscn9759.jpg\"><img decoding=\"async\" style=\"float:left; margin:0 10px 10px 0;cursor:pointer; cursor:hand;\" src=\"https:\/\/i0.wp.com\/4.bp.blogspot.com\/_lY4VOIwoBZk\/SLqC-iGhjpI\/AAAAAAAAAJk\/AYdAId2ctDI\/s200\/20080831_1050915738_dscn9759.jpg?w=840\" border=\"0\" alt=\"\" id=\"BLOGGER_PHOTO_ID_5240645127216664210\" data-recalc-dims=\"1\" \/><\/a><br \/>Endlich. Wir haben am 30. August die Schleppsaison im Verein er\u00f6ffnet. Und das am einzigen Tag rund um das Wochenende, wo ich kaum Zeit hatte. Waren heute Hessische Meisterschaften im Rasenkraftsport angesetzt und da musste ich in F\u00fcrth im Odenwald meine Titel verteidigen. <br \/>Dementsprechend war ich erst um 15:30 Uhr an der Schleppstrecke. Da waren die guten Bedingungen schon durch. 3 Fl\u00fcge habe ich noch hingekommen, aber das waren kaum mehr als Abgleiter. Und vor allen Dingen habe ich meinen 2 Start 3x abbrechen m\u00fcssen. Mir fehlt momentan die Praxis an der Winde. Oder ich war einfach nur unkonzentriert, weil mir \u00fcber den ganzen Tag so dumme Kleinigkeiten quer gelaufen sind. Egal &#8211; war noch sch\u00f6ne Sonne und Schlepp 3 hat wieder gut funktioniert und war sogar f\u00fcr die kurze Schleppstrecke recht hoch raus gegangen. <br \/>Und ich bin mal wieder 3 Tage hinter einander in die Luft gekommen. Das ist mir au\u00dfer in meinem Urlaub in D\u00e4nemark lange nicht mehr passiert. Zudem besteht noch eine (geringe) Chance, dass wir auch morgen schleppen.<\/p>\n<div class=\"blogger-post-footer\"><script type=\"text\/javascript\"><!--\ngoogle_ad_client = \"pub-4702984279656494\";\ngoogle_ad_width = 468;\ngoogle_ad_height = 60;\ngoogle_ad_format = \"468x60_as_rimg\";\ngoogle_cpa_choice = \"CAAQlNHphwIaCFxy_-mnISvEKNDv6n4\";\ngoogle_ad_channel = \"0174140724\";\n\/\/--><\/script><br \/>\n<script type=\"text\/javascript\" src=\"http:\/\/pagead2.googlesyndication.com\/pagead\/show_ads.js\">\n<\/script><\/div>\n","protected":false},"excerpt":{"rendered":"<p>Endlich. Wir haben am 30. August die Schleppsaison im Verein er\u00f6ffnet. Und das am einzigen Tag rund um das Wochenende, wo ich kaum Zeit hatte. Waren heute Hessische Meisterschaften im Rasenkraftsport angesetzt und da musste ich in F\u00fcrth im Odenwald meine Titel verteidigen. Dementsprechend war ich erst um 15:30 Uhr an der Schleppstrecke. Da waren &hellip; <a href=\"https:\/\/fliegerblog.rjs.de\/?p=35\" class=\"more-link\"><span class=\"screen-reader-text\">\u201eSchlepp in Strinz\u201c<\/span> weiterlesen<\/a><\/p>\n","protected":false},"author":1,"featured_media":0,"comment_status":"open","ping_status":"open","sticky":false,"template":"","format":"standard","meta":{"jetpack_post_was_ever_published":false,"footnotes":"","jetpack_publicize_message":"","jetpack_is_tweetstorm":false,"jetpack_publicize_feature_enabled":true,"jetpack_social_options":[]},"categories":[2],"tags":[],"class_list":["post-35","post","type-post","status-publish","format-standard","hentry","category-allgemein"],"jetpack_publicize_connections":[],"jetpack_featured_media_url":"","jetpack_shortlink":"https:\/\/wp.me\/p788kK-z","jetpack-related-posts":[{"id":2041,"url":"https:\/\/fliegerblog.rjs.de\/?p=2041","url_meta":{"origin":35,"position":0},"title":"Gurtzeug macht Strich durch die Rechnung","date":"Oktober 1, 2023","format":false,"excerpt":"Da war ich heute seit fast 2 Jahren endlich mal wieder bei der Schleppgemeinschaft Rhein-Hessen in Wallertheim und dann konnte ich nicht fliegen, weil mein Gurtzeug gestreikt hat. Das gleiche Problem wie beim D\u00fcnenfliegen in D\u00e4nemark vor ein paar Wochen. Das Gurtzeug hat so ganz fummelige Verschl\u00fcsse, die mit einer\u2026","rel":"","context":"\u00c4hnlicher Beitrag","img":{"alt_text":"","src":"","width":0,"height":0},"classes":[]},{"id":2093,"url":"https:\/\/fliegerblog.rjs.de\/?p=2093","url_meta":{"origin":35,"position":1},"title":"Bike &#038; Fly","date":"Mai 17, 2024","format":false,"excerpt":"Das war heute kein Hike & Fly, wie man es kennt. Das war Bike & Fly. Im Grunde gilt das schon die ganze Woche, denn ich fahre ja hier zur D\u00fcne immer mit dem Rad. Das sind aber jeweils maximal 2 - 3 Kilometer, aber heute waren das hin und\u2026","rel":"","context":"\u00c4hnlicher Beitrag","img":{"alt_text":"","src":"https:\/\/i0.wp.com\/blogger.googleusercontent.com\/img\/b\/R29vZ2xl\/AVvXsEjnkfLnufPAjXVv45mcQwq3mO1dQ41aknF1a3kUXWI551yPzxGjCNCJ9DOhY1Jnxrt1F0AfbX3b44m-CRAH2lkfEXRXWeekQAdiGZaeDwAElwYlb3b_5zBJ78inka-biPVHeDwKzDMiOszR-W4M6JVkbqeHj9QFcxO8ZWUDfXJWxg1fiGuMglsrfyWpvZZP\/w480-h640\/WhatsApp%20Image%202024-05-17%20at%2014.21.33.jpeg?resize=350%2C200&ssl=1","width":350,"height":200},"classes":[]},{"id":1252,"url":"https:\/\/fliegerblog.rjs.de\/?p=1252","url_meta":{"origin":35,"position":2},"title":"Neues Vario","date":"April 21, 2017","format":false,"excerpt":"Es gibt hin und wieder \u00dcberschneidungen zwischen meinem Job und meinen Gleitschirm-Hobby. Gerade ist mal wieder so ein Tag. Dabei ist der Zusammenhang erstmal nicht offensichtlich, denn heute ist nur einfach mein neues Vario angekommen. Dazu habe ich mir gleich noch ein UP-Cockpit besorgt, um das Vario \u00fcberhaupt irgendwo befestigen\u2026","rel":"","context":"In \"Android\"","img":{"alt_text":"","src":"https:\/\/i0.wp.com\/3.bp.blogspot.com\/-w_WPfQooZ3s\/WPoP0vfMTnI\/AAAAAAAADYU\/ArxOjwlmbso0e5-6uYLz9C_PlPZTPpMnwCLcB\/s400\/IMG_20170421_143626.jpg?resize=350%2C200&ssl=1","width":350,"height":200},"classes":[]},{"id":883,"url":"https:\/\/fliegerblog.rjs.de\/?p=883","url_meta":{"origin":35,"position":3},"title":"Rettungswerfen und -packen beim DGLC","date":"Januar 18, 2015","format":false,"excerpt":"Tja - wer konnte ahnen, dass heute gar nicht so schlechtes Flugwetter wird. In Reichenbach und Staudernheim sind sie gar nicht so schlecht geflogen, aber der DGLC hat f\u00fcr Anfang des Jahres in FFM zwei Termine f\u00fcr das Rettungswerfen und -packen angeboten und ich hatte mich f\u00fcr heute angemeldet. Meine\u2026","rel":"","context":"In &quot;Allgemein&quot;","img":{"alt_text":"","src":"","width":0,"height":0},"classes":[]},{"id":2129,"url":"https:\/\/fliegerblog.rjs.de\/?p=2129","url_meta":{"origin":35,"position":4},"title":"Wurf &#038; Pack","date":"M\u00e4rz 1, 2025","format":false,"excerpt":"Wie seit mittlerweile 13 Jahren um den Feb.\/M\u00e4rz herum fand heute beim DGLC in der Turnhalle in FFM-Sachsenhausen das Werfen und Packen der Rettung statt. Da nehme ich recht regelm\u00e4\u00dfig teil. Ich denke, dass ich das schon gut 10x gemacht habe. Urspr\u00fcnglich war die Veranstaltung f\u00fcr das letzte Wochenende geplant,\u2026","rel":"","context":"\u00c4hnlicher Beitrag","img":{"alt_text":"","src":"https:\/\/i0.wp.com\/blogger.googleusercontent.com\/img\/b\/R29vZ2xl\/AVvXsEhppDgiaDJSlIau8mf1k4nuCBYnMx0WV19tKgvBBndQi6EjaQseXNwvyxbDcekKfh8VPwYwrnFSiar3BZ2G_uepezc_Y8m87KampWDyRLe_zeVGb5pby_y_tv5OIet1ARkaEtlCabG3yZki61ZdJBDQ5zkdk9ccTr7ewSwZ8qgR9-5KoNORdJ7LWRPkM2je\/w400-h300\/WhatsApp%20Image%202025-03-01%20at%2016.38.09.jpeg?resize=350%2C200&ssl=1","width":350,"height":200},"classes":[]},{"id":216,"url":"https:\/\/fliegerblog.rjs.de\/?p=216","url_meta":{"origin":35,"position":5},"title":"Anderes Gurtzeug getestet","date":"August 22, 2009","format":false,"excerpt":"Heute war leichter NW angesagt und wir haben uns gegen 14:00 Uhr in Treisberg getroffen. Waren auch \u00fcber den Nachmittag ziemlich viele Flieger da - mehr als 10 allemal. Und viele neue Flieger oder solche, die ich noch nicht kannte. Nachdem ich aber kein Auto zur Verf\u00fcgung hatte, musste ich\u2026","rel":"","context":"In &quot;Allgemein&quot;","img":{"alt_text":"","src":"","width":0,"height":0},"classes":[]}],"_links":{"self":[{"href":"https:\/\/fliegerblog.rjs.de\/index.php?rest_route=\/wp\/v2\/posts\/35","targetHints":{"allow":["GET"]}}],"collection":[{"href":"https:\/\/fliegerblog.rjs.de\/index.php?rest_route=\/wp\/v2\/posts"}],"about":[{"href":"https:\/\/fliegerblog.rjs.de\/index.php?rest_route=\/wp\/v2\/types\/post"}],"author":[{"embeddable":true,"href":"https:\/\/fliegerblog.rjs.de\/index.php?rest_route=\/wp\/v2\/users\/1"}],"replies":[{"embeddable":true,"href":"https:\/\/fliegerblog.rjs.de\/index.php?rest_route=%2Fwp%2Fv2%2Fcomments&post=35"}],"version-history":[{"count":0,"href":"https:\/\/fliegerblog.rjs.de\/index.php?rest_route=\/wp\/v2\/posts\/35\/revisions"}],"wp:attachment":[{"href":"https:\/\/fliegerblog.rjs.de\/index.php?rest_route=%2Fwp%2Fv2%2Fmedia&parent=35"}],"wp:term":[{"taxonomy":"category","embeddable":true,"href":"https:\/\/fliegerblog.rjs.de\/index.php?rest_route=%2Fwp%2Fv2%2Fcategories&post=35"},{"taxonomy":"post_tag","embeddable":true,"href":"https:\/\/fliegerblog.rjs.de\/index.php?rest_route=%2Fwp%2Fv2%2Ftags&post=35"}],"curies":[{"name":"wp","href":"https:\/\/api.w.org\/{rel}","templated":true}]}}