{"id":348,"date":"2010-07-01T21:05:28","date_gmt":"2010-07-01T20:05:28","guid":{"rendered":"http:\/\/www.rjs.de\/fliegerblog\/?p=348"},"modified":"2010-07-01T21:05:28","modified_gmt":"2010-07-01T20:05:28","slug":"3-schlepp-in-obernhain","status":"publish","type":"post","link":"https:\/\/fliegerblog.rjs.de\/?p=348","title":{"rendered":"3. Schlepp in Obernhain"},"content":{"rendered":"<p>Heute war der 3. Schlepp f\u00fcr 2010 in Obernhain angesetzt. Nachdem es am Dienstag bei \u00e4hnlichen Wetterprognosen die B\u00e4ume ob thermischer Abl\u00f6sungen fast ausgerissen hat, war ich etwas misstrauisch, ob es heute gehen w\u00fcrde. Aber es war total ruhig. Zu ruhig sogar, denn die Fl\u00fcge gingen nur zwischen 4 &#8211; maximal 7 Minuten. Egal &#8211; waren aber sch\u00f6ne Genussfl\u00fcge. Wir waren ab 16:00 Uhr auf dem Flugplatz und ich kam bis kurz vor 21:00 Uhr auf 5 Schlepps. Da das Quad ausgefallen war, musste mein Forester den Job \u00fcbernehmen. Ich hatte direkt vorher getankt und mal beobachtet, wie viel KM da \u00fcber Feld und Wiese runtergeschrubt werden. Knapp 55 KM kamen da zusammen.<br \/>\n<object width=\"425\" height=\"344\"><param name=\"movie\" value=\"http:\/\/www.youtube.com\/v\/UL5k1OHp8yc&#038;hl=de&#038;fs=1\"><\/param><param name=\"allowFullScreen\" value=\"true\"><\/param><param name=\"allowscriptaccess\" value=\"always\"><\/param><\/object><br \/>\nWir haben \u00fcbrigens zuerst die Winde am \u00f6stlichen Ende der Startbahn stehen gehabt, aber gegen 19:00 Uhr nochmal gedreht. Wir hatten zwar nur ganz wenig Wind, aber trotzdem war der Start grunds\u00e4tzlich etwas schwierig, weil man oft leichten R\u00fcckenwind erlaufen musste. Aber auch nach dem Drehen war es nicht besser. Durch die schwachen Verh\u00e4ltnisse hat der Wind immer wieder gedreht und dann hie\u00df es sprinten.<\/p>\n","protected":false},"excerpt":{"rendered":"<p>Heute war der 3. Schlepp f\u00fcr 2010 in Obernhain angesetzt. Nachdem es am Dienstag bei \u00e4hnlichen Wetterprognosen die B\u00e4ume ob thermischer Abl\u00f6sungen fast ausgerissen hat, war ich etwas misstrauisch, ob es heute gehen w\u00fcrde. Aber es war total ruhig. Zu ruhig sogar, denn die Fl\u00fcge gingen nur zwischen 4 &#8211; maximal 7 Minuten. Egal &#8211; &hellip; <a href=\"https:\/\/fliegerblog.rjs.de\/?p=348\" class=\"more-link\"><span class=\"screen-reader-text\">\u201e3. Schlepp in Obernhain\u201c<\/span> weiterlesen<\/a><\/p>\n","protected":false},"author":1,"featured_media":0,"comment_status":"open","ping_status":"open","sticky":false,"template":"","format":"standard","meta":{"jetpack_post_was_ever_published":false,"footnotes":"","jetpack_publicize_message":"","jetpack_is_tweetstorm":false,"jetpack_publicize_feature_enabled":true,"jetpack_social_options":[]},"categories":[2],"tags":[],"class_list":["post-348","post","type-post","status-publish","format-standard","hentry","category-allgemein"],"jetpack_publicize_connections":[],"jetpack_featured_media_url":"","jetpack_shortlink":"https:\/\/wp.me\/p788kK-5C","jetpack-related-posts":[{"id":342,"url":"https:\/\/fliegerblog.rjs.de\/?p=342","url_meta":{"origin":348,"position":0},"title":"Schleppende Schlepps","date":"Juni 24, 2010","format":false,"excerpt":"Ich war heute ab 16:00 Uhr in Obernhain auf dem Flugplatz zum Schleppen. Aber die Sache heute lief auch ziemlich schleppend. Unser etatm\u00e4\u00dfiger Windenfahrer ist krank und deshalb konnte wir erst sp\u00e4t (eben 16:00 Uhr) anfangen. Und dann lief es heute auch nicht rund. Wir hatte Mischbetrieb mit Segelfliegern, die\u2026","rel":"","context":"In &quot;Allgemein&quot;","img":{"alt_text":"","src":"","width":0,"height":0},"classes":[]},{"id":223,"url":"https:\/\/fliegerblog.rjs.de\/?p=223","url_meta":{"origin":348,"position":1},"title":"Schleppen mit Seilriss","date":"August 27, 2009","format":false,"excerpt":"War heute um 15:00 Uhr auf dem Flugplatz in Neu-Anspach zum Schleppen. Aber es gab verdammt heftigen Wind auf dem Platz. Dem Dummy ist auch gleich beim ersten Schlepp das Seil gerissen. Als dann Warnungen von einigen Local Heros kamen, haben wir erstmal gewartet. Der erste Flieger ist dann gegen\u2026","rel":"","context":"In &quot;Allgemein&quot;","img":{"alt_text":"","src":"","width":0,"height":0},"classes":[]},{"id":797,"url":"https:\/\/fliegerblog.rjs.de\/?p=797","url_meta":{"origin":348,"position":2},"title":"Windenfliegen in Obernhain","date":"Juni 26, 2014","format":false,"excerpt":"Da ich gegen 12:30 Uhr mein Auto aus der Werkstatt zur\u00fcck bekommen habe, bin ich heute mal wieder nach Obernhain zum Schleppen gefahren. So gegen 14:30 Uhr war ich da. Die Bedingungen waren gut, aber ich habe heute nur einen Flug gemacht. Der war recht lange,hoch und auch sch\u00f6n. Aber\u2026","rel":"","context":"In &quot;Allgemein&quot;","img":{"alt_text":"","src":"","width":0,"height":0},"classes":[]},{"id":330,"url":"https:\/\/fliegerblog.rjs.de\/?p=330","url_meta":{"origin":348,"position":3},"title":"Rekordanzahl an Schlepps","date":"Juni 10, 2010","format":false,"excerpt":"Nachdem wir letzten Freitag endlich in meinem Gleitschirmverein die Schleppsaison er\u00f6ffnen konnten, ist auch heute das Donnerstags-Schleppen auf dem Flugplatz Neu-Anspach\/Obernhain angelaufen. Auch hier ging bisher nichts. Die letzten zwei Jahre war ich \u00fcber die Saison h\u00e4ufiger da am Schleppen als bei unseren Vereinsschlepps. Von daher wollte ich auch heute\u2026","rel":"","context":"In &quot;Allgemein&quot;","img":{"alt_text":"","src":"","width":0,"height":0},"classes":[]},{"id":1711,"url":"https:\/\/fliegerblog.rjs.de\/?p=1711","url_meta":{"origin":348,"position":4},"title":"Endlich die Schleppsaison 2020 begonnen","date":"Juni 13, 2020","format":false,"excerpt":"\u00a0 Heute war ich in Singhofen bei meinem Verein zum Schleppen. Es ist unfassbar, wie lange ich nicht mehr an der Winde geflogen bin. Am\u00a0 10. Nov 2019\u00a0 gab es meinen letzten Versuch, bei dem ich als Dummy in Singhofen in einer kombinierten Sache mit einer Flugschulung und Freifliegern getestet\u2026","rel":"","context":"\u00c4hnlicher Beitrag","img":{"alt_text":"","src":"https:\/\/i0.wp.com\/1.bp.blogspot.com\/-iUkodBEHi10\/XuUDSAmcxLI\/AAAAAAAAFcM\/ITLEXcNSll8mQhnc-g_kh5IK2vWG9DK6gCLcBGAsYHQ\/s320\/GOPR4263.JPG?resize=350%2C200&ssl=1","width":350,"height":200},"classes":[]},{"id":1315,"url":"https:\/\/fliegerblog.rjs.de\/?p=1315","url_meta":{"origin":348,"position":5},"title":"Erst Parawaiting, aber dann doch noch gut","date":"September 3, 2017","format":false,"excerpt":"Um 11:30 Uhr war heute Treffen bei der Windenschleppgemeinschaft Rheinhessen. Schleppstrecke war nach S\u00fcden Richtung Flonheim. Die Prognosen hatten Wind aus S\u00fcd angek\u00fcndigt. Es war heute auch ungew\u00f6hnlich viel los. Wir waren 10 Leute vor Ort.\u00a0 Die Bedingungen versprachen Sonne und recht ruhige Thermik. Zumindest was ich gesehen hatte. Aber\u2026","rel":"","context":"\u00c4hnlicher Beitrag","img":{"alt_text":"","src":"https:\/\/i0.wp.com\/4.bp.blogspot.com\/-KoF5Y0EYIiU\/WaxPoPENCLI\/AAAAAAAADkQ\/LmY13dMWxigkwiE6TdPuwvzYLON0FQlPQCLcBGAs\/s320\/GOPR5613.JPG?resize=350%2C200&ssl=1","width":350,"height":200},"classes":[]}],"_links":{"self":[{"href":"https:\/\/fliegerblog.rjs.de\/index.php?rest_route=\/wp\/v2\/posts\/348","targetHints":{"allow":["GET"]}}],"collection":[{"href":"https:\/\/fliegerblog.rjs.de\/index.php?rest_route=\/wp\/v2\/posts"}],"about":[{"href":"https:\/\/fliegerblog.rjs.de\/index.php?rest_route=\/wp\/v2\/types\/post"}],"author":[{"embeddable":true,"href":"https:\/\/fliegerblog.rjs.de\/index.php?rest_route=\/wp\/v2\/users\/1"}],"replies":[{"embeddable":true,"href":"https:\/\/fliegerblog.rjs.de\/index.php?rest_route=%2Fwp%2Fv2%2Fcomments&post=348"}],"version-history":[{"count":0,"href":"https:\/\/fliegerblog.rjs.de\/index.php?rest_route=\/wp\/v2\/posts\/348\/revisions"}],"wp:attachment":[{"href":"https:\/\/fliegerblog.rjs.de\/index.php?rest_route=%2Fwp%2Fv2%2Fmedia&parent=348"}],"wp:term":[{"taxonomy":"category","embeddable":true,"href":"https:\/\/fliegerblog.rjs.de\/index.php?rest_route=%2Fwp%2Fv2%2Fcategories&post=348"},{"taxonomy":"post_tag","embeddable":true,"href":"https:\/\/fliegerblog.rjs.de\/index.php?rest_route=%2Fwp%2Fv2%2Ftags&post=348"}],"curies":[{"name":"wp","href":"https:\/\/api.w.org\/{rel}","templated":true}]}}