{"id":347,"date":"2010-06-25T22:28:45","date_gmt":"2010-06-25T21:28:45","guid":{"rendered":"http:\/\/www.rjs.de\/fliegerblog\/?p=347"},"modified":"2010-06-25T22:28:45","modified_gmt":"2010-06-25T21:28:45","slug":"erst-schleppversuche-und-dann-mfk","status":"publish","type":"post","link":"https:\/\/fliegerblog.rjs.de\/?p=347","title":{"rendered":"Erst Schleppversuche und dann MFK"},"content":{"rendered":"<p><a onblur=\"try {parent.deselectBloggerImageGracefully();} catch(e) {}\" href=\"https:\/\/i0.wp.com\/4.bp.blogspot.com\/_lY4VOIwoBZk\/TCUc0h1aIAI\/AAAAAAAAAcE\/apDZmv3yWTQ\/s1600\/Foto051.jpg\"><img decoding=\"async\" style=\"float:right; margin:0 0 10px 10px;cursor:pointer; cursor:hand;width: 320px; height: 240px;\" src=\"https:\/\/i0.wp.com\/4.bp.blogspot.com\/_lY4VOIwoBZk\/TCUc0h1aIAI\/AAAAAAAAAcE\/apDZmv3yWTQ\/s320\/Foto051.jpg?w=840\" border=\"0\" alt=\"\"id=\"BLOGGER_PHOTO_ID_5486823409781972994\" data-recalc-dims=\"1\" \/><\/a><br \/>\n<a onblur=\"try {parent.deselectBloggerImageGracefully();} catch(e) {}\" href=\"https:\/\/i0.wp.com\/1.bp.blogspot.com\/_lY4VOIwoBZk\/TCUcz2yucGI\/AAAAAAAAAb8\/C2n2RNWP0Uo\/s1600\/Foto050.jpg\"><img decoding=\"async\" style=\"float:right; margin:0 0 10px 10px;cursor:pointer; cursor:hand;width: 320px; height: 240px;\" src=\"https:\/\/i0.wp.com\/1.bp.blogspot.com\/_lY4VOIwoBZk\/TCUcz2yucGI\/AAAAAAAAAb8\/C2n2RNWP0Uo\/s320\/Foto050.jpg?w=840\" border=\"0\" alt=\"\"id=\"BLOGGER_PHOTO_ID_5486823398227996770\" data-recalc-dims=\"1\" \/><\/a><br \/>\n<a onblur=\"try {parent.deselectBloggerImageGracefully();} catch(e) {}\" href=\"https:\/\/i0.wp.com\/4.bp.blogspot.com\/_lY4VOIwoBZk\/TCUczWu3dfI\/AAAAAAAAAb0\/FiWXDi2IjBs\/s1600\/Foto049.jpg\"><img decoding=\"async\" style=\"float:right; margin:0 0 10px 10px;cursor:pointer; cursor:hand;width: 320px; height: 240px;\" src=\"https:\/\/i0.wp.com\/4.bp.blogspot.com\/_lY4VOIwoBZk\/TCUczWu3dfI\/AAAAAAAAAb0\/FiWXDi2IjBs\/s320\/Foto049.jpg?w=840\" border=\"0\" alt=\"\"id=\"BLOGGER_PHOTO_ID_5486823389621876210\" data-recalc-dims=\"1\" \/><\/a><br \/>\nHeute war in Laufenselden Schleppen von meinem Verein angesetzt. War etwa ab 14:45 Uhr da. Die Bedingungen waren allerdings nicht berauschend. Der Wind kam aus NW und das bedeutet quer zur Schleppstrecke. Wir haben lange gewartet und dann bin ich als Dummy raus. Am Anfang ging alles gut, aber so ab 100 Meter hat sich mein Schirm immer mehr quer zu Bahn in den Wind gestellt. Aber komischer Weise hat es mich gleichzeitig auch nach NW gezogen. Ich hatte erwartet, dass es mich nach SO versetzt, aber doch nicht in die Richtung, aus der der Wind kam. Da mein Schirm immer weiter rum kam und ich kaum die Richtung auf die Wind halten konnte, habe ich fr\u00fch Signal zum Seilnachlassen gegeben und habe ausgeklinkt. Die Fahne hat deutlich NW angezeigt und mich hat es nach NW gezogen. Sowas habe ich noch nie erlebt. Kann mir das nur so erkl\u00e4ren, dass entweder ein Rotor auf der Bahn gestanden hat oder ein Bart abgegangen ist, der mich gezogen hat. <\/p>\n<p>Nach meinem Flug ist dann lange keiner mehr gestartet, zumal wir permanent R\u00fcckenwind hatten. Wir haben dann die Winde gedreht, aber mit dem Effekt, dass wir da auch R\u00fcckenwind hatten :-(.<\/p>\n<p>Nach l\u00e4ngerer Zeit ist dann wieder ein Flieger raus mit \u00e4hnlichen Problemen wie bei mir. Auch die nachfolgenden 3 Schlepps hatten mit Turbulenzen und quer stehenden Schirmen samt seltsamen seitlichen Versatz zu k\u00e4mpfen. Bis 18:15 Uhr hatten wir so nur insgesamt 5 Schlepps und dann aufgegeben. <\/p>\n<p>Ich bin dann noch nach MFK gefahren, denn von da kamen gute Nachrichten. Um 19:00 Uhr war ich da und bin bis zum Sunset um 22:00 Uhr geblieben. Denn da ging es richtig nett zu fliegen. Das hat den Flugtag wirklich gerettet.<\/p>\n","protected":false},"excerpt":{"rendered":"<p>Heute war in Laufenselden Schleppen von meinem Verein angesetzt. War etwa ab 14:45 Uhr da. Die Bedingungen waren allerdings nicht berauschend. Der Wind kam aus NW und das bedeutet quer zur Schleppstrecke. Wir haben lange gewartet und dann bin ich als Dummy raus. Am Anfang ging alles gut, aber so ab 100 Meter hat sich &hellip; <a href=\"https:\/\/fliegerblog.rjs.de\/?p=347\" class=\"more-link\"><span class=\"screen-reader-text\">\u201eErst Schleppversuche und dann MFK\u201c<\/span> weiterlesen<\/a><\/p>\n","protected":false},"author":1,"featured_media":0,"comment_status":"open","ping_status":"open","sticky":false,"template":"","format":"standard","meta":{"jetpack_post_was_ever_published":false,"footnotes":"","jetpack_publicize_message":"","jetpack_is_tweetstorm":false,"jetpack_publicize_feature_enabled":true,"jetpack_social_options":[]},"categories":[2],"tags":[],"class_list":["post-347","post","type-post","status-publish","format-standard","hentry","category-allgemein"],"jetpack_publicize_connections":[],"jetpack_featured_media_url":"","jetpack_shortlink":"https:\/\/wp.me\/p788kK-5B","jetpack-related-posts":[{"id":789,"url":"https:\/\/fliegerblog.rjs.de\/?p=789","url_meta":{"origin":347,"position":0},"title":"Abendstund &#8230;","date":"Juni 12, 2014","format":false,"excerpt":"...Fliegerstund. Zumindest an einem Nordhang. Heute war wieder die Auswahl zwischen Winde (Obernhain) oder Hang (MFK) schwierig. Der Wind sollte eigentlich mehr aus NO kommen (Winde), aber auch in B\u00f6en sehr kr\u00e4ftig (MFK). Dazu haben andere Prognosen eine gewisse Tendenz zu richtigem Nord vorausgesagt (MFK). Deshalb bin ich um 14:00\u2026","rel":"","context":"In &quot;Allgemein&quot;","img":{"alt_text":"","src":"","width":0,"height":0},"classes":[]},{"id":694,"url":"https:\/\/fliegerblog.rjs.de\/?p=694","url_meta":{"origin":347,"position":1},"title":"Top-(Lande-)Bedingungen am MFK","date":"September 1, 2013","format":false,"excerpt":"Heute morgen musste ich mit der Familie an einem Wohlt\u00e4tigkeitslauf teilnehmen. Zwar nur Walking, aber ich war dennoch gebunden. Und das bei super Aussichten f\u00fcr den MFK. So kam ich erst um 14:00 Uhr am Hang an. Schon bei der Anfahrt habe ich Schirme hoch \u00fcber dem Kopf gesehen und\u2026","rel":"","context":"In &quot;Allgemein&quot;","img":{"alt_text":"","src":"","width":0,"height":0},"classes":[]},{"id":742,"url":"https:\/\/fliegerblog.rjs.de\/?p=742","url_meta":{"origin":347,"position":2},"title":"2014-Premiere am MFK","date":"M\u00e4rz 5, 2014","format":false,"excerpt":"Irgendwie hatten wir verdammt lange keinen Nordwind mehr. Oder ich hatte einfach keine Zeit, wenn es welchen gab. Keine Ahnung. Auf jeden Fall war ich viel zu lange nicht mehr am MFK. Mindestens 4 Monate ist das her. Heute war aber Wind aus NW angesagt und zudem noch recht warm\u2026","rel":"","context":"In &quot;Allgemein&quot;","img":{"alt_text":"","src":"https:\/\/i0.wp.com\/3.bp.blogspot.com\/-Ak8EhlNBrYk\/UxeAYo_p4rI\/AAAAAAAABr4\/vQy7mqK4-OY\/s1600\/GOPR3044.JPG?resize=350%2C200","width":350,"height":200},"classes":[]},{"id":672,"url":"https:\/\/fliegerblog.rjs.de\/?p=672","url_meta":{"origin":347,"position":3},"title":"Saisonpremiere in Laufenselden","date":"Juli 12, 2013","format":false,"excerpt":"Dieses Jahr haben wir recht fr\u00fch Schlepptermine in meinem Gleitschirmverein in Laufenselden angsetzt. Und ich hatte mich - glaube ich - f\u00fcr alle au\u00dfer einem angemeldet. Und alle sind ausgefallen - au\u00dfer einem ;-(. N\u00e4mlich genau dem, an dem ich nicht konnte. Heute war wieder ein Schlepptermin angesetzt, aber die\u2026","rel":"","context":"In &quot;Allgemein&quot;","img":{"alt_text":"","src":"","width":0,"height":0},"classes":[]},{"id":354,"url":"https:\/\/fliegerblog.rjs.de\/?p=354","url_meta":{"origin":347,"position":4},"title":"Abendsession am MFK","date":"Juli 6, 2010","format":false,"excerpt":"Obwohl ich mir heute eigentlich keine Zeit nehmen wollte, bin ich doch um 16:00 Uhr an den Hang in MF gefahren. Die Bedingungen schienen einfach zu gut zu sein. Vor Ort war der Wind allerdings ziemlich kr\u00e4ftig und es gab immer wieder b\u00f6ige thermische Abl\u00f6sungen. Ich habe daher erst unten\u2026","rel":"","context":"In &quot;Allgemein&quot;","img":{"alt_text":"","src":"","width":0,"height":0},"classes":[]},{"id":382,"url":"https:\/\/fliegerblog.rjs.de\/?p=382","url_meta":{"origin":347,"position":5},"title":"Erst Flop und dann Top","date":"Dezember 15, 2010","format":false,"excerpt":"Endlich hat es mal wieder geklappt. Nachdem 6 lange Wochen rein gar nix mit Fliegen ging, sind wir heute zu 2. gegen 12:00 Uhr am MFK gewesen. Die Messwerte zeigten zwar B\u00f6en \u00fcber 40 Km\/h, aber wie immer am Hang schauen. Und was war? Windstille. Ziemlich frustrierend. M\u00fchsam konnte man\u2026","rel":"","context":"In &quot;Allgemein&quot;","img":{"alt_text":"","src":"","width":0,"height":0},"classes":[]}],"_links":{"self":[{"href":"https:\/\/fliegerblog.rjs.de\/index.php?rest_route=\/wp\/v2\/posts\/347","targetHints":{"allow":["GET"]}}],"collection":[{"href":"https:\/\/fliegerblog.rjs.de\/index.php?rest_route=\/wp\/v2\/posts"}],"about":[{"href":"https:\/\/fliegerblog.rjs.de\/index.php?rest_route=\/wp\/v2\/types\/post"}],"author":[{"embeddable":true,"href":"https:\/\/fliegerblog.rjs.de\/index.php?rest_route=\/wp\/v2\/users\/1"}],"replies":[{"embeddable":true,"href":"https:\/\/fliegerblog.rjs.de\/index.php?rest_route=%2Fwp%2Fv2%2Fcomments&post=347"}],"version-history":[{"count":0,"href":"https:\/\/fliegerblog.rjs.de\/index.php?rest_route=\/wp\/v2\/posts\/347\/revisions"}],"wp:attachment":[{"href":"https:\/\/fliegerblog.rjs.de\/index.php?rest_route=%2Fwp%2Fv2%2Fmedia&parent=347"}],"wp:term":[{"taxonomy":"category","embeddable":true,"href":"https:\/\/fliegerblog.rjs.de\/index.php?rest_route=%2Fwp%2Fv2%2Fcategories&post=347"},{"taxonomy":"post_tag","embeddable":true,"href":"https:\/\/fliegerblog.rjs.de\/index.php?rest_route=%2Fwp%2Fv2%2Ftags&post=347"}],"curies":[{"name":"wp","href":"https:\/\/api.w.org\/{rel}","templated":true}]}}