{"id":34,"date":"2008-09-04T20:47:00","date_gmt":"2008-09-04T20:47:00","guid":{"rendered":"http:\/\/www.rjs.de\/fliegerblog\/?p=34"},"modified":"2008-09-04T20:47:00","modified_gmt":"2008-09-04T20:47:00","slug":"hang-statt-winde","status":"publish","type":"post","link":"https:\/\/fliegerblog.rjs.de\/?p=34","title":{"rendered":"Hang statt Winde"},"content":{"rendered":"<p>Heute wollten sich recht viele Leute um 16:00 Uhr zum Windenschlepp in Neu-Anspach treffen. P\u00fcnktlich um 15:00 Uhr hat der Regen eingesetzt. Also Absage. Aber gegen 16:00 Uhr kam doch wieder die Sonne. Ab 17:00 Uhr waren wir dann doch f\u00fcr 2 Stunden an den Hang gegangen. Seit Monaten endlich mal wieder am SW-Hang in Reichenbach. War gar nicht schlecht.<br \/><div class=\"jetpack-video-wrapper\"><span class=\"embed-youtube\" style=\"text-align:center; display: block;\"><iframe loading=\"lazy\" class=\"youtube-player\" width=\"840\" height=\"473\" src=\"https:\/\/www.youtube.com\/embed\/VnNY4NTMwPU?version=3&#038;rel=1&#038;showsearch=0&#038;showinfo=1&#038;iv_load_policy=1&#038;fs=1&#038;hl=de-DE&#038;autohide=2&#038;wmode=transparent\" allowfullscreen=\"true\" style=\"border:0;\" sandbox=\"allow-scripts allow-same-origin allow-popups allow-presentation\"><\/iframe><\/span><\/div><\/p>\n<div class=\"blogger-post-footer\"><script type=\"text\/javascript\"><!--\ngoogle_ad_client = \"pub-4702984279656494\";\ngoogle_ad_width = 468;\ngoogle_ad_height = 60;\ngoogle_ad_format = \"468x60_as_rimg\";\ngoogle_cpa_choice = \"CAAQlNHphwIaCFxy_-mnISvEKNDv6n4\";\ngoogle_ad_channel = \"0174140724\";\n\/\/--><\/script><br \/>\n<script type=\"text\/javascript\" src=\"http:\/\/pagead2.googlesyndication.com\/pagead\/show_ads.js\">\n<\/script><\/div>\n","protected":false},"excerpt":{"rendered":"<p>Heute wollten sich recht viele Leute um 16:00 Uhr zum Windenschlepp in Neu-Anspach treffen. P\u00fcnktlich um 15:00 Uhr hat der Regen eingesetzt. Also Absage. Aber gegen 16:00 Uhr kam doch wieder die Sonne. Ab 17:00 Uhr waren wir dann doch f\u00fcr 2 Stunden an den Hang gegangen. Seit Monaten endlich mal wieder am SW-Hang in &hellip; <a href=\"https:\/\/fliegerblog.rjs.de\/?p=34\" class=\"more-link\"><span class=\"screen-reader-text\">\u201eHang statt Winde\u201c<\/span> weiterlesen<\/a><\/p>\n","protected":false},"author":1,"featured_media":0,"comment_status":"open","ping_status":"open","sticky":false,"template":"","format":"standard","meta":{"jetpack_post_was_ever_published":false,"footnotes":"","jetpack_publicize_message":"","jetpack_is_tweetstorm":false,"jetpack_publicize_feature_enabled":true,"jetpack_social_options":[]},"categories":[2],"tags":[],"class_list":["post-34","post","type-post","status-publish","format-standard","hentry","category-allgemein"],"jetpack_publicize_connections":[],"jetpack_featured_media_url":"","jetpack_shortlink":"https:\/\/wp.me\/p788kK-y","jetpack-related-posts":[{"id":1110,"url":"https:\/\/fliegerblog.rjs.de\/?p=1110","url_meta":{"origin":34,"position":0},"title":"Schwach begonnen, aber dann ging es doch gut ab","date":"Februar 12, 2016","format":false,"excerpt":"Als ich kurz vor 12:00 Uhr in Eschbach am Hang ankam, war da nur ein Flieger vor Ort. Der hatte schon eine Weile gewartet und da gerade erst ausgepackt. Ich habe daher sogar den ersten Versuch des Tages gestartet. Der Wind war allerdings ziemlich schwach und ab 13:00 Uhr war\u2026","rel":"","context":"\u00c4hnlicher Beitrag","img":{"alt_text":"","src":"https:\/\/i0.wp.com\/1.bp.blogspot.com\/-9pFG-kaDAQ0\/Vr4bgqCahYI\/AAAAAAAAC2k\/RRVBTot1jrM\/s320\/IMG_20160212_125430.jpg?resize=350%2C200&ssl=1","width":350,"height":200},"classes":[]},{"id":765,"url":"https:\/\/fliegerblog.rjs.de\/?p=765","url_meta":{"origin":34,"position":1},"title":"Mal wieder MFK","date":"Mai 14, 2014","format":false,"excerpt":"Seit heute steht f\u00fcr einige Tage Nordwind an. Wir hatten uns von dem heutigen Tag eine Menge versprochen, aber schon am Morgen war der Wind ziemlich kr\u00e4ftig. Daher haben wir ewig diskutiert, ob wir zum MFK gehen. Die Sache schiem mir schon erledigt als wir uns um 14:45 Uhr doch\u2026","rel":"","context":"In &quot;Allgemein&quot;","img":{"alt_text":"","src":"","width":0,"height":0},"classes":[]},{"id":68,"url":"https:\/\/fliegerblog.rjs.de\/?p=68","url_meta":{"origin":34,"position":2},"title":"Da schau an","date":"November 24, 2007","format":false,"excerpt":"Der November macht dieses Jahr seinem Ruf Ehre. Grau, kalt, nass. Nachdem ich gestern abend in str\u00f6mendem Regen aus Freiburg zur\u00fcckkam, wo ich ein paar Tage ohne Internet-Zugang gearbeitet hatte, war ich vollkommen au\u00dfen vor bzgl Wochenendplanung und Fliegen. Aber es hatte sowieso keiner den Ansporn was zu machen. Und\u2026","rel":"","context":"In &quot;Allgemein&quot;","img":{"alt_text":"","src":"","width":0,"height":0},"classes":[]},{"id":826,"url":"https:\/\/fliegerblog.rjs.de\/?p=826","url_meta":{"origin":34,"position":3},"title":"Das sah lange Zeit nach einem Satz mit X aus&#8230;","date":"September 13, 2014","format":false,"excerpt":"..., aber gegen Abend wurde es doch noch ganz nett. Die Prognosen f\u00fcr heute hatten laut DWD ziemlichen starken H\u00f6henwind und auch in niedrigen Regionen heftige B\u00f6en vorausgesagt. Nach WF und WZ hingegen sah es nicht so stark aus. Aber nachdem es gestern bei WF und WZ genauso ausgesehen hatte\u2026","rel":"","context":"In &quot;Allgemein&quot;","img":{"alt_text":"","src":"","width":0,"height":0},"classes":[]},{"id":852,"url":"https:\/\/fliegerblog.rjs.de\/?p=852","url_meta":{"origin":34,"position":4},"title":"Wow","date":"Oktober 19, 2014","format":false,"excerpt":"Es sah heute nach einem supersonnigen Sonntag aus und da wollte ich unbedingt nochmal in die Luft. Die Prognosen haben S\u00fcdwind angesagt. So ganz schl\u00fcssig waren die Vorhersagen aber nicht, welche Unterrichtung es geben sollte. Ein Teil hat SW, ein Teil aber auch SO vorhergesagt. Ziemlich eindeutig aber allerdings, dass\u2026","rel":"","context":"In &quot;Allgemein&quot;","img":{"alt_text":"","src":"","width":0,"height":0},"classes":[]},{"id":1257,"url":"https:\/\/fliegerblog.rjs.de\/?p=1257","url_meta":{"origin":34,"position":5},"title":"Sportlich und kurz","date":"Mai 17, 2017","format":false,"excerpt":"Der Wind kam heute aus SO und es war angek\u00fcndigt, dass er \u00fcber den Tag zunehmen sollte. Auch waren die angek\u00fcndigten B\u00f6en nicht ohne und \u00a0die sollten im Laufe des Tages nicht nachlassen, sondern eher sogar zunehmen. Ich war deshalb schon 11:30 Uhr in Eschbach am Hang. Der Wind stand\u2026","rel":"","context":"\u00c4hnlicher Beitrag","img":{"alt_text":"","src":"https:\/\/i0.wp.com\/1.bp.blogspot.com\/-n1p3mMWmRkI\/WRxqZbqIBFI\/AAAAAAAADaQ\/iR-IlpGE9UA2cuykm7RKxTYWC8HVChJCgCLcB\/s400\/GOPR2727.JPG?resize=350%2C200&ssl=1","width":350,"height":200},"classes":[]}],"_links":{"self":[{"href":"https:\/\/fliegerblog.rjs.de\/index.php?rest_route=\/wp\/v2\/posts\/34","targetHints":{"allow":["GET"]}}],"collection":[{"href":"https:\/\/fliegerblog.rjs.de\/index.php?rest_route=\/wp\/v2\/posts"}],"about":[{"href":"https:\/\/fliegerblog.rjs.de\/index.php?rest_route=\/wp\/v2\/types\/post"}],"author":[{"embeddable":true,"href":"https:\/\/fliegerblog.rjs.de\/index.php?rest_route=\/wp\/v2\/users\/1"}],"replies":[{"embeddable":true,"href":"https:\/\/fliegerblog.rjs.de\/index.php?rest_route=%2Fwp%2Fv2%2Fcomments&post=34"}],"version-history":[{"count":0,"href":"https:\/\/fliegerblog.rjs.de\/index.php?rest_route=\/wp\/v2\/posts\/34\/revisions"}],"wp:attachment":[{"href":"https:\/\/fliegerblog.rjs.de\/index.php?rest_route=%2Fwp%2Fv2%2Fmedia&parent=34"}],"wp:term":[{"taxonomy":"category","embeddable":true,"href":"https:\/\/fliegerblog.rjs.de\/index.php?rest_route=%2Fwp%2Fv2%2Fcategories&post=34"},{"taxonomy":"post_tag","embeddable":true,"href":"https:\/\/fliegerblog.rjs.de\/index.php?rest_route=%2Fwp%2Fv2%2Ftags&post=34"}],"curies":[{"name":"wp","href":"https:\/\/api.w.org\/{rel}","templated":true}]}}