{"id":338,"date":"2010-06-20T21:16:48","date_gmt":"2010-06-20T20:16:48","guid":{"rendered":"http:\/\/www.rjs.de\/fliegerblog\/?p=338"},"modified":"2010-06-20T21:16:48","modified_gmt":"2010-06-20T20:16:48","slug":"sportliche-bedingungen","status":"publish","type":"post","link":"https:\/\/fliegerblog.rjs.de\/?p=338","title":{"rendered":"Sportliche Bedingungen"},"content":{"rendered":"<p>Nachdem es jetzt schon ein paar Tage Nordwind gab, wollten wir es heute am MFK probieren (war ab etwa 14:30 Uhr da). Die letzten Tage hat es derma\u00dfen die B\u00e4ume geschlagen bzw. die Fahnen fast abgerissen, dass es m.E. unfliegbar war. Zudem standen Schafe auf der mittleren Wiese. Aber heute sollte es schwachwindig werden und allgemein haben wir erwartet, dass die Schafe weitergezogen w\u00e4ren. <\/p>\n<p>Letzteres war auch der Fall, Ersteres nicht. Obwohl die Windprognosen gerade mal 6 &#8211; 7 Knoten prognostiziert haben, war es am Hang teilweise extrem sportlich und bockig (teils auch thermisch). Ich habe versucht meine Fl\u00fcge nicht in die Windspitzen zu legen und bin zudem oft nur von unten gestartet. Durchaus auch deshalb, weil ich noch mit meinem neuen Gurtzeug experimentieren wollte. Ich habe gestern meinen neuen Beschleuniger bekommen und heute vor dem ersten Flug eingebaut. Und ich bin heute auch das erste Mal bewusst mit dem Beinstrecker geflogen (hatte an meinem alten Gurtzeug keinen). Das ist gar nicht schlecht.<\/p>\n<p>Ansonsten ist mir aber leider wieder ein Fehler im Flug unterlaufen, der mich ziemlich \u00e4rgert (zumal er h\u00e4tte \u00fcbel ausgehen k\u00f6nnen). Ich bin bei relativ starkem Wind von der kleinen Kuppe unterhalb der eigentlichen Startwiese gestartet und pl\u00f6tzlich wie ein Sektkorken nach oben katapultiert worden. Der Wind hatte unmittelbar nach meinem Start brutal zugenommen. Mir war das gar nicht recht. Aber wenn schon so eine Situation, wollte ich das zum Anlass nehmen und mal die Ohren anlegen und dabei schauen, ob der neue Beschleuniger richtig eingestellt ist. Und dabei besser wieder runter kommen, denn ich hatte Bedenken ob weiter zunehmendem Wind. Soweit hat das Man\u00f6ver funktioniert, aber als ich dann Richtung Startplatz auf den Hang abgedreht bin, habe ich &#8211; keine Ahnung warum &#8211; die linke A-Leine festgehalten. Totaler Bl\u00f6dsinn. Bin also mit R\u00fcckenwind und mit eingeklapptem linken Ohr Richtung Hang gedonnert. Von unten sah das wohl heftig aus, aber gl\u00fccklicher Weise hab ich meinen Unsinn kurz vor dem Hang bemerkt, den Schirm entfaltet und dann sauber zur Toplandung wieder in den Wind gedreht. <\/p>\n<p>Einerseits war das meine erste echte Toplandung an dem Hang, andererseits merke ich wieder, dass ich in ungewohnten Situationen unvern\u00fcnftig reagiere. Frage mich wie lange ich fliegen muss, bis ich so einen Mist nicht mehr anstelle? <\/p>\n<p>Aber trotzdem war der Flugtag gut und ich bin erst 20:45 Uhr weg.<\/p>\n<p>PS: Die Leinen vom Schirm haben durch die niedrigere Aufh\u00e4ngung eine andere Position wegen dem neuen Gurtzeug. Ich habe an den Oberarmen blaue Flecken, wie ich sie sonst nur in meiner Ausbildung hatte. Da muss ich was \u00e4ndern. Entweder in der Einstellung von dem Gurtzeug oder in einer Technik den Schirm zu f\u00fchren.<\/p>\n","protected":false},"excerpt":{"rendered":"<p>Nachdem es jetzt schon ein paar Tage Nordwind gab, wollten wir es heute am MFK probieren (war ab etwa 14:30 Uhr da). Die letzten Tage hat es derma\u00dfen die B\u00e4ume geschlagen bzw. die Fahnen fast abgerissen, dass es m.E. unfliegbar war. Zudem standen Schafe auf der mittleren Wiese. Aber heute sollte es schwachwindig werden und &hellip; <a href=\"https:\/\/fliegerblog.rjs.de\/?p=338\" class=\"more-link\"><span class=\"screen-reader-text\">\u201eSportliche Bedingungen\u201c<\/span> weiterlesen<\/a><\/p>\n","protected":false},"author":1,"featured_media":0,"comment_status":"open","ping_status":"open","sticky":false,"template":"","format":"standard","meta":{"jetpack_post_was_ever_published":false,"footnotes":"","jetpack_publicize_message":"","jetpack_is_tweetstorm":false,"jetpack_publicize_feature_enabled":true,"jetpack_social_options":[]},"categories":[2],"tags":[],"class_list":["post-338","post","type-post","status-publish","format-standard","hentry","category-allgemein"],"jetpack_publicize_connections":[],"jetpack_featured_media_url":"","jetpack_shortlink":"https:\/\/wp.me\/p788kK-5s","jetpack-related-posts":[{"id":363,"url":"https:\/\/fliegerblog.rjs.de\/?p=363","url_meta":{"origin":338,"position":0},"title":"Experimente an der Winde","date":"August 19, 2010","format":false,"excerpt":"War heute ab etwa 15:15 Uhr in Neu-Anspach zum Windenfliegen. Ist zwar von meinem neuen Wohnort eine ziemliche Anfahrt und zudem hatte ich Stau (auf dem Hinweg gut ne Stunde gebraucht), aber immerhin habe ich 6 Fl\u00fcge mit etwa 45 Minuten Flugzeit gesamt hinbekommen. Die Bedingungen waren sogar so gut,\u2026","rel":"","context":"In &quot;Allgemein&quot;","img":{"alt_text":"","src":"","width":0,"height":0},"classes":[]},{"id":507,"url":"https:\/\/fliegerblog.rjs.de\/?p=507","url_meta":{"origin":338,"position":1},"title":"Zwischen den Jahren","date":"Dezember 28, 2011","format":false,"excerpt":"Jetzt ist es auf den Tag genau einen Monat her, seit ich den Schirm das letzte Mal in die Luft bekommen habe. Winterzeit ist leider eine maue Phase. Die wenigen Chance, die sich den Monat geboten haben, habe ich verpasst oder dummer Weise nicht genutzt. Heute gab es ein Chance\u2026","rel":"","context":"In &quot;Allgemein&quot;","img":{"alt_text":"","src":"","width":0,"height":0},"classes":[]},{"id":1911,"url":"https:\/\/fliegerblog.rjs.de\/?p=1911","url_meta":{"origin":338,"position":2},"title":"Alles neu, macht der &#8230; M\u00e4rz. Er\u00f6ffnung Windensaison 2022","date":"M\u00e4rz 27, 2022","format":false,"excerpt":"Heute habe ich f\u00fcr mich die Windensaision 2022 in Singhofen er\u00f6ffnet. Allerdings unter etwas ungew\u00f6hnlichen Umst\u00e4nden. Denn ich hatte sowohl einen neuen Schirm, aber auch eine neue Kamera und auch ein neues Auto dabei. Sogar eine neue \"Action\"-Hose, die ich mir auf Wunsch meiner Kidds (da 3 St\u00fcck Rabatt bedeutet\u2026","rel":"","context":"\u00c4hnlicher Beitrag","img":{"alt_text":"","src":"https:\/\/i0.wp.com\/blogger.googleusercontent.com\/img\/b\/R29vZ2xl\/AVvXsEi864OWRj-ZZ5yDK107RTv7R-X7EvhttzNKdecKQghEYUnf3hGOSBVFBEfzvYW8-AMQz88I5doVnDx1EsrakiPCOovnf2ibtjB7QOpCZBMiwzShdSfmzk1GDkA8JuFoBZW85_9g8CaNnG-A-8slcRT4wcIdWkDCGgC1YvyDXUuQYZ9IpKSJh4vF5O_Fmg\/s320\/SING0002.JPG?resize=350%2C200&ssl=1","width":350,"height":200},"classes":[]},{"id":1482,"url":"https:\/\/fliegerblog.rjs.de\/?p=1482","url_meta":{"origin":338,"position":3},"title":"Probeschleppen in Oberems","date":"Juli 18, 2018","format":false,"excerpt":"Heute war ziemlich kurzfristig Probeschleppen auf dem Segelflugplatz in Oberems angesetzt worden. Das Gel\u00e4nde steht schon einige Jahre zur Diskussion, ob es nicht auch f\u00fcr Gleitschirmflieger freigegeben werden kann und m.W. sind auch mehrere Vereine da dran gewesen oder eben immer noch dran. Letztes Jahr gab es ein erstes Probeschleppen\u2026","rel":"","context":"\u00c4hnlicher Beitrag","img":{"alt_text":"","src":"https:\/\/i0.wp.com\/4.bp.blogspot.com\/-O2Nm1dQKGTs\/W13aZvgz5YI\/AAAAAAAAEC8\/0gnwZhm-43YRgsy_KpqsfIU_OSwalMpqwCLcBGAs\/s400\/IMG_20180718_140014.jpg?resize=350%2C200&ssl=1","width":350,"height":200},"classes":[]},{"id":35,"url":"https:\/\/fliegerblog.rjs.de\/?p=35","url_meta":{"origin":338,"position":4},"title":"Schlepp in Strinz","date":"August 30, 2008","format":false,"excerpt":"Endlich. Wir haben am 30. August die Schleppsaison im Verein er\u00f6ffnet. Und das am einzigen Tag rund um das Wochenende, wo ich kaum Zeit hatte. Waren heute Hessische Meisterschaften im Rasenkraftsport angesetzt und da musste ich in F\u00fcrth im Odenwald meine Titel verteidigen. Dementsprechend war ich erst um 15:30 Uhr\u2026","rel":"","context":"In &quot;Allgemein&quot;","img":{"alt_text":"","src":"","width":0,"height":0},"classes":[]},{"id":1155,"url":"https:\/\/fliegerblog.rjs.de\/?p=1155","url_meta":{"origin":338,"position":5},"title":"Erstes 2016er-Schleppen in Laufenselden","date":"Juni 10, 2016","format":false,"excerpt":"Heute war ich seit mehreren Monaten mal wieder in Laufenselden. So richtig gut sahen die Bedingungen nicht aus, aber wenn schon mal ein Schlepptermin bei meinem Taunussteiner Gleitschirmverein angesetzt war, wollte ich nicht fehlen. Der Wind sollte quer zur Bahn kommen, aber schwach. Von daher habe ich die Chance gesehen,\u2026","rel":"","context":"\u00c4hnlicher Beitrag","img":{"alt_text":"","src":"","width":0,"height":0},"classes":[]}],"_links":{"self":[{"href":"https:\/\/fliegerblog.rjs.de\/index.php?rest_route=\/wp\/v2\/posts\/338","targetHints":{"allow":["GET"]}}],"collection":[{"href":"https:\/\/fliegerblog.rjs.de\/index.php?rest_route=\/wp\/v2\/posts"}],"about":[{"href":"https:\/\/fliegerblog.rjs.de\/index.php?rest_route=\/wp\/v2\/types\/post"}],"author":[{"embeddable":true,"href":"https:\/\/fliegerblog.rjs.de\/index.php?rest_route=\/wp\/v2\/users\/1"}],"replies":[{"embeddable":true,"href":"https:\/\/fliegerblog.rjs.de\/index.php?rest_route=%2Fwp%2Fv2%2Fcomments&post=338"}],"version-history":[{"count":0,"href":"https:\/\/fliegerblog.rjs.de\/index.php?rest_route=\/wp\/v2\/posts\/338\/revisions"}],"wp:attachment":[{"href":"https:\/\/fliegerblog.rjs.de\/index.php?rest_route=%2Fwp%2Fv2%2Fmedia&parent=338"}],"wp:term":[{"taxonomy":"category","embeddable":true,"href":"https:\/\/fliegerblog.rjs.de\/index.php?rest_route=%2Fwp%2Fv2%2Fcategories&post=338"},{"taxonomy":"post_tag","embeddable":true,"href":"https:\/\/fliegerblog.rjs.de\/index.php?rest_route=%2Fwp%2Fv2%2Ftags&post=338"}],"curies":[{"name":"wp","href":"https:\/\/api.w.org\/{rel}","templated":true}]}}