{"id":330,"date":"2010-06-10T20:33:59","date_gmt":"2010-06-10T19:33:59","guid":{"rendered":"http:\/\/www.rjs.de\/fliegerblog\/?p=330"},"modified":"2010-06-10T20:33:59","modified_gmt":"2010-06-10T19:33:59","slug":"rekordanzahl-an-schlepps","status":"publish","type":"post","link":"https:\/\/fliegerblog.rjs.de\/?p=330","title":{"rendered":"Rekordanzahl an Schlepps"},"content":{"rendered":"<p>Nachdem wir letzten Freitag endlich in meinem Gleitschirmverein die Schleppsaison er\u00f6ffnen konnten, ist auch heute das Donnerstags-Schleppen auf dem Flugplatz Neu-Anspach\/Obernhain angelaufen. Auch hier ging bisher nichts. Die letzten zwei Jahre war ich \u00fcber die Saison h\u00e4ufiger da am Schleppen als bei unseren Vereinsschlepps. Von daher wollte ich auch heute dabei sein, obwohl ich wegen der Bedingungen sehr pessimistisch war. Es ist schon einige Tage gewittrig und gestern Nacht sind richtige Unwetter runter gekommen. F\u00fcr heute Nachmittag hatte ich ebenfalls Bef\u00fcrchtungen und ebenso labile Luft erwartet. Zudem sollte der Wind 90 Grad quer zur Startbahn und \u00fcber die B\u00e4ume (Lee) kommen. Als es dann auf der Fahrt zum Flugplatz noch leicht geregnet hat, habe ich die Sache mehr oder weniger schon abgehakt. <\/p>\n<p>Tja, aber dann war wieder mal alles ganz anders. Als ich gegen 14:30 Uhr ankam waren wir gerade mal 3 Flieger. Also flott in die Luft gekommen und die Bedingungen waren ganz und gar nicht \u00fcbel. Zwar hat es am Seil gerupft, aber beim freien Fliegen war es total ruhig. Mit dem Nachteil, dass nirgends Steigen zu finden war. Aber Nullschieber und nur sehr leichtes Sinken all around haben angenehm ruhige und gar nicht so kurze Fl\u00fcge erm\u00f6glicht. So zwischen 6 bis 8 Minuten waren meine Fl\u00fcge allesamt. Und da \u00fcber den Nachmittag nur wenige weitere Flieger dazu kamen, hatten wir mit 3 bis maximal 8 Fliegern einen optimalen Turn-around zwischen Fliegen, Startleitert\u00e4tigkeit und wieder Fertigmachen. Ich kam auf 6 Schlepps, was &#8211; soweit ich mich entsinne &#8211; meine Rekordzahl an Schlepps an einem Nachmittag bedeutet (au\u00dfer bei der Ausbildung). Das bedeutet etwa ne 3\/4 Stunde in der Luft und das ist f\u00fcr meine Verh\u00e4ltnisse schon eine echte Hausnummer. Bin bis ca 19:45 Uhr geblieben. Da sind die letzten 2 Schlepps gerade gelaufen mit den Fliegern, die erst sp\u00e4t kamen.<br \/>\n<object width=\"425\" height=\"344\"><param name=\"movie\" value=\"http:\/\/www.youtube.com\/v\/XVmPNrCfVEE&#038;hl=de&#038;fs=1\"><\/param><param name=\"allowFullScreen\" value=\"true\"><\/param><param name=\"allowscriptaccess\" value=\"always\"><\/param><\/object><\/p>\n<p>Nett war auch, dass ich mal wieder 2 Fahrten mit dem Quad gehabt hab. Nur nass bin ich geworden, weil die Startbahn teilweise richtig unter Wasser stand und dieses beim Durchpfl\u00fcgen mit dem Quad wie Harry gespritzt hat. Was aber bei der extremen Hitze heute nicht weiter schlimm war. Und ich konnte beim Weg zum Start in dem Schlammbes den Vierradantrieb meines Autos mal wieder gut brauchen. Oder anders ausgedr\u00fcckt &#8211; der Forester durfte mal wieder in dem Umfeld fahren, f\u00fcr das SUVs und Gel\u00e4ndewagen eigentlich gebaut sind.<\/p>\n<p>Hat heute m.E. alles in Allem perfekt gepasst. Mal sehen, ob morgen was geht. Da ist in Laufenselden Schleppen von meinem Verein angesetzt. Bin aber pessimistisch, was die Windst\u00e4rke angeht (soll recht kr\u00e4ftig werden &#8211; aber wie ich heute gesehen habe, bedeutet mein Pessimismus nicht viel). Ich muss aber auch sehen, ob ich das morgen auch zeitlich hin bekomme. Morgens halte ich ne Vorlesung an der FH in Wiesbaden und dann m\u00fcsste ich nochmal heimfahren, um 2 Stunden sp\u00e4ter wieder in die Richtung zur\u00fcck zu fahren. Und abends will ich mit meinen Kidds zelten. Das wird alles in Allem eng mit der Zeit. Mal sehen.<\/p>\n","protected":false},"excerpt":{"rendered":"<p>Nachdem wir letzten Freitag endlich in meinem Gleitschirmverein die Schleppsaison er\u00f6ffnen konnten, ist auch heute das Donnerstags-Schleppen auf dem Flugplatz Neu-Anspach\/Obernhain angelaufen. Auch hier ging bisher nichts. Die letzten zwei Jahre war ich \u00fcber die Saison h\u00e4ufiger da am Schleppen als bei unseren Vereinsschlepps. Von daher wollte ich auch heute dabei sein, obwohl ich wegen &hellip; <a href=\"https:\/\/fliegerblog.rjs.de\/?p=330\" class=\"more-link\"><span class=\"screen-reader-text\">\u201eRekordanzahl an Schlepps\u201c<\/span> weiterlesen<\/a><\/p>\n","protected":false},"author":1,"featured_media":0,"comment_status":"open","ping_status":"open","sticky":false,"template":"","format":"standard","meta":{"jetpack_post_was_ever_published":false,"footnotes":"","jetpack_publicize_message":"","jetpack_is_tweetstorm":false,"jetpack_publicize_feature_enabled":true,"jetpack_social_options":[]},"categories":[2],"tags":[],"class_list":["post-330","post","type-post","status-publish","format-standard","hentry","category-allgemein"],"jetpack_publicize_connections":[],"jetpack_featured_media_url":"","jetpack_shortlink":"https:\/\/wp.me\/p788kK-5k","jetpack-related-posts":[{"id":921,"url":"https:\/\/fliegerblog.rjs.de\/?p=921","url_meta":{"origin":330,"position":0},"title":"Mein erster 2015-Schlepp in Laufenselden","date":"April 24, 2015","format":false,"excerpt":"Letzten Freitag haben die Gleitschirmfreunde Taunusstein die Schlepp-Saison 2015 in Laufenselden er\u00f6ffnet. Mir waren f\u00fcr den Tag die Prognosen und dann am Vormittag auch die Messwerte zu heftig und ich bin deshalb nicht hin. War wohl auch berechtigt, denn da kamen den ganzen Nachmittag nur 2 Schlepps unter wohl recht\u2026","rel":"","context":"In &quot;Allgemein&quot;","img":{"alt_text":"","src":"","width":0,"height":0},"classes":[]},{"id":1165,"url":"https:\/\/fliegerblog.rjs.de\/?p=1165","url_meta":{"origin":330,"position":1},"title":"Recht ergiebiger Schlepp-Samstag","date":"Juli 16, 2016","format":false,"excerpt":"Ich hatte mich schon fr\u00fch in der Woche zum Schleppen in Wallertheim angemeldet. Nur ist der Schlepptermin heute leider nicht zustande gekommen. Vollkommen \u00fcberraschend hat aber mein Gleitschirmverein f\u00fcr heute ebenfalls einen Schlepptermin angesetzt. Ganz kurzfristig. Normalerweise k\u00f6nnen wir am Wochenende nicht auf dem Flugplatz in Laufenselden schleppen, weil da\u2026","rel":"","context":"\u00c4hnlicher Beitrag","img":{"alt_text":"","src":"","width":0,"height":0},"classes":[]},{"id":1448,"url":"https:\/\/fliegerblog.rjs.de\/?p=1448","url_meta":{"origin":330,"position":2},"title":"Singhofen x 6","date":"Mai 26, 2018","format":false,"excerpt":"Das war heute verdammt hei\u00df auf der Piste. Fast 30 Grad im Schatten, aber es gab keinen solchen. Aber es war auch cool, denn mit 6 Fl\u00fcgen habe ich mein bisher ziemlich mageres Schleppkonto 2018 doch etwas gef\u00fcllt. Dabei war es eine verdammt schwere Entscheidung, wo ich heute hin gehen\u2026","rel":"","context":"\u00c4hnlicher Beitrag","img":{"alt_text":"","src":"https:\/\/i0.wp.com\/1.bp.blogspot.com\/-EDYGHWSzmLI\/Wwme0IKxMII\/AAAAAAAAD8c\/mu8Eo9IurNc2q-y9HFBKWTzY2ucdze6uQCLcBGAs\/s320\/GOPR1881.JPG?resize=350%2C200&ssl=1","width":350,"height":200},"classes":[]},{"id":980,"url":"https:\/\/fliegerblog.rjs.de\/?p=980","url_meta":{"origin":330,"position":3},"title":"Endlich mal wieder zum Schleppen in Neu-Anspach geschafft","date":"September 3, 2015","format":false,"excerpt":"Die letzten Jahre war ich sehr oft zum Windenfliegen in Neu-Anspach. Aber dieses Jahr war bei mir der Wurm drin, wenn da Schleppen angesetzt war. Ich war in 2015 erst 2x da gewesen und das ist auch schon ein paar Monate her. Heute hat es aber mal wieder geklappt. Dabei\u2026","rel":"","context":"In &quot;Allgemein&quot;","img":{"alt_text":"","src":"https:\/\/i0.wp.com\/4.bp.blogspot.com\/-gshbww5IkV8\/VeiaGzJpJ-I\/AAAAAAAACps\/1muvDR-5DhU\/s400\/IMG_20150903_153851.jpg?resize=350%2C200","width":350,"height":200},"classes":[]},{"id":777,"url":"https:\/\/fliegerblog.rjs.de\/?p=777","url_meta":{"origin":330,"position":4},"title":"Jubil\u00e4ums-Schlepp","date":"Mai 30, 2014","format":false,"excerpt":"Als ich heute in Laufenselden am Start stand kam von der Winde der Hinweis, dass ich einen Jubil\u00e4ums-Schlepp machen w\u00fcrde - Nummer 2.500 seit Beginn des Schleppens im Verein. Ich hab mir da auch m\u00e4chtig M\u00fche gegeben, dass der kein Startabbruch wurde. Ansonsten war das Schleppen heute etwas ungew\u00f6hnlich, da\u2026","rel":"","context":"In &quot;Allgemein&quot;","img":{"alt_text":"","src":"","width":0,"height":0},"classes":[]},{"id":342,"url":"https:\/\/fliegerblog.rjs.de\/?p=342","url_meta":{"origin":330,"position":5},"title":"Schleppende Schlepps","date":"Juni 24, 2010","format":false,"excerpt":"Ich war heute ab 16:00 Uhr in Obernhain auf dem Flugplatz zum Schleppen. Aber die Sache heute lief auch ziemlich schleppend. Unser etatm\u00e4\u00dfiger Windenfahrer ist krank und deshalb konnte wir erst sp\u00e4t (eben 16:00 Uhr) anfangen. Und dann lief es heute auch nicht rund. Wir hatte Mischbetrieb mit Segelfliegern, die\u2026","rel":"","context":"In &quot;Allgemein&quot;","img":{"alt_text":"","src":"","width":0,"height":0},"classes":[]}],"_links":{"self":[{"href":"https:\/\/fliegerblog.rjs.de\/index.php?rest_route=\/wp\/v2\/posts\/330","targetHints":{"allow":["GET"]}}],"collection":[{"href":"https:\/\/fliegerblog.rjs.de\/index.php?rest_route=\/wp\/v2\/posts"}],"about":[{"href":"https:\/\/fliegerblog.rjs.de\/index.php?rest_route=\/wp\/v2\/types\/post"}],"author":[{"embeddable":true,"href":"https:\/\/fliegerblog.rjs.de\/index.php?rest_route=\/wp\/v2\/users\/1"}],"replies":[{"embeddable":true,"href":"https:\/\/fliegerblog.rjs.de\/index.php?rest_route=%2Fwp%2Fv2%2Fcomments&post=330"}],"version-history":[{"count":0,"href":"https:\/\/fliegerblog.rjs.de\/index.php?rest_route=\/wp\/v2\/posts\/330\/revisions"}],"wp:attachment":[{"href":"https:\/\/fliegerblog.rjs.de\/index.php?rest_route=%2Fwp%2Fv2%2Fmedia&parent=330"}],"wp:term":[{"taxonomy":"category","embeddable":true,"href":"https:\/\/fliegerblog.rjs.de\/index.php?rest_route=%2Fwp%2Fv2%2Fcategories&post=330"},{"taxonomy":"post_tag","embeddable":true,"href":"https:\/\/fliegerblog.rjs.de\/index.php?rest_route=%2Fwp%2Fv2%2Ftags&post=330"}],"curies":[{"name":"wp","href":"https:\/\/api.w.org\/{rel}","templated":true}]}}