{"id":32,"date":"2008-09-10T18:08:00","date_gmt":"2008-09-10T18:08:00","guid":{"rendered":"http:\/\/www.rjs.de\/fliegerblog\/?p=32"},"modified":"2008-09-10T18:08:00","modified_gmt":"2008-09-10T18:08:00","slug":"noch-ein-versuch","status":"publish","type":"post","link":"https:\/\/fliegerblog.rjs.de\/?p=32","title":{"rendered":"Noch ein Versuch"},"content":{"rendered":"<p>Heute nochmal 1,5 Stunden in RB probiert. Ein paar Minifl\u00fcge. That&#8217;s all.<\/p>\n<div class=\"blogger-post-footer\"><script type=\"text\/javascript\"><!--\ngoogle_ad_client = \"pub-4702984279656494\";\ngoogle_ad_width = 468;\ngoogle_ad_height = 60;\ngoogle_ad_format = \"468x60_as_rimg\";\ngoogle_cpa_choice = \"CAAQlNHphwIaCFxy_-mnISvEKNDv6n4\";\ngoogle_ad_channel = \"0174140724\";\n\/\/--><\/script><br \/>\n<script type=\"text\/javascript\" src=\"http:\/\/pagead2.googlesyndication.com\/pagead\/show_ads.js\">\n<\/script><\/div>\n","protected":false},"excerpt":{"rendered":"<p>Heute nochmal 1,5 Stunden in RB probiert. Ein paar Minifl\u00fcge. That&#8217;s all.<\/p>\n","protected":false},"author":1,"featured_media":0,"comment_status":"open","ping_status":"open","sticky":false,"template":"","format":"standard","meta":{"jetpack_post_was_ever_published":false,"footnotes":"","jetpack_publicize_message":"","jetpack_is_tweetstorm":false,"jetpack_publicize_feature_enabled":true,"jetpack_social_options":[]},"categories":[2],"tags":[],"class_list":["post-32","post","type-post","status-publish","format-standard","hentry","category-allgemein"],"jetpack_publicize_connections":[],"jetpack_featured_media_url":"","jetpack_shortlink":"https:\/\/wp.me\/p788kK-w","jetpack-related-posts":[{"id":193,"url":"https:\/\/fliegerblog.rjs.de\/?p=193","url_meta":{"origin":32,"position":0},"title":"Besser geflogen :-), aber im Busch gelandet :-(","date":"Juni 22, 2009","format":false,"excerpt":"Heute gab es zwischen 9:00 - 12:00 Uhr noch einen Versuch in MF (andere sind vielleicht noch sp\u00e4ter geflogen, aber ich muss ab Nachmittag arbeiten). Und es ging auch recht gut. Das war mal wieder richtiges Fliegen ;-). Nur bin ich direkt \u00fcber einem riesigen Geb\u00fcsch durchgesackt und von oben\u2026","rel":"","context":"In &quot;Allgemein&quot;","img":{"alt_text":"","src":"","width":0,"height":0},"classes":[]},{"id":180,"url":"https:\/\/fliegerblog.rjs.de\/?p=180","url_meta":{"origin":32,"position":1},"title":"Nochmal den Schirm gel\u00fcftet","date":"Mai 16, 2009","format":false,"excerpt":"Die n\u00e4chsten Tage soll es zum Fliegen in die Alpen gehen. Die anderen sind heute schon los, aber ich muss noch was schaffen. Heute hab ich nochmal den Schirm in RB gel\u00fcftet und durchgechecked. Interessanter Weise waren es richtig gute Flugbedingungen und ich dennoch erst alleine am Hang. Dann kam\u2026","rel":"","context":"In &quot;Allgemein&quot;","img":{"alt_text":"","src":"","width":0,"height":0},"classes":[]},{"id":456,"url":"https:\/\/fliegerblog.rjs.de\/?p=456","url_meta":{"origin":32,"position":2},"title":"\u00dcberbr\u00fcckungstag","date":"August 20, 2011","format":false,"excerpt":"Die letzten M\u00f6glichkeiten mit guten Flugbedingungen habe ich mich oft falsch entschieden und bin nicht hin. Heute war zwar nur ganz wenig Wind aus SW angesagt, aber da ich schon wieder in Spukweite von Reichenbach am Abend einen Auftritt mit der Band hatte, bin ich auf dem Weg dahin gegen\u2026","rel":"","context":"In &quot;Allgemein&quot;","img":{"alt_text":"","src":"","width":0,"height":0},"classes":[]},{"id":202,"url":"https:\/\/fliegerblog.rjs.de\/?p=202","url_meta":{"origin":32,"position":3},"title":"Hangh\u00fcpfen","date":"Juli 29, 2009","format":false,"excerpt":"Nachdem die Wetterzentrale S\u00fcd f\u00fcr RB vorhergesagt, waren wir gegen 16:00 Uhr mal am Hang. Aber es kam doch viel Ost durch. Sind ein paar mal abgehoben, aber selbst f\u00fcr RB-Verh\u00e4ltnisse mehr H\u00fcpfer als Fl\u00fcge. 1,5 Stunden Sport mit Schirm ;-)","rel":"","context":"In &quot;Allgemein&quot;","img":{"alt_text":"","src":"","width":0,"height":0},"classes":[]},{"id":68,"url":"https:\/\/fliegerblog.rjs.de\/?p=68","url_meta":{"origin":32,"position":4},"title":"Da schau an","date":"November 24, 2007","format":false,"excerpt":"Der November macht dieses Jahr seinem Ruf Ehre. Grau, kalt, nass. Nachdem ich gestern abend in str\u00f6mendem Regen aus Freiburg zur\u00fcckkam, wo ich ein paar Tage ohne Internet-Zugang gearbeitet hatte, war ich vollkommen au\u00dfen vor bzgl Wochenendplanung und Fliegen. Aber es hatte sowieso keiner den Ansporn was zu machen. Und\u2026","rel":"","context":"In &quot;Allgemein&quot;","img":{"alt_text":"","src":"","width":0,"height":0},"classes":[]},{"id":991,"url":"https:\/\/fliegerblog.rjs.de\/?p=991","url_meta":{"origin":32,"position":5},"title":"Nochmal das Wetter ausgenutzt","date":"September 21, 2015","format":false,"excerpt":"Die kommenden Tage plane ich eigentlich ein paar Tage zum Fliegen zu gehen. Die D\u00fcne in Holland ist mein Hauptfokus, aber auch Elsass oder zur Not Waku w\u00e4ren nett. Aber wie eigentlich immer wird es wohl wieder nichts :-(. Ich komme einfach nicht mehrere Tage am St\u00fcck weg zum Fliegen.\u2026","rel":"","context":"In &quot;Allgemein&quot;","img":{"alt_text":"","src":"","width":0,"height":0},"classes":[]}],"_links":{"self":[{"href":"https:\/\/fliegerblog.rjs.de\/index.php?rest_route=\/wp\/v2\/posts\/32","targetHints":{"allow":["GET"]}}],"collection":[{"href":"https:\/\/fliegerblog.rjs.de\/index.php?rest_route=\/wp\/v2\/posts"}],"about":[{"href":"https:\/\/fliegerblog.rjs.de\/index.php?rest_route=\/wp\/v2\/types\/post"}],"author":[{"embeddable":true,"href":"https:\/\/fliegerblog.rjs.de\/index.php?rest_route=\/wp\/v2\/users\/1"}],"replies":[{"embeddable":true,"href":"https:\/\/fliegerblog.rjs.de\/index.php?rest_route=%2Fwp%2Fv2%2Fcomments&post=32"}],"version-history":[{"count":0,"href":"https:\/\/fliegerblog.rjs.de\/index.php?rest_route=\/wp\/v2\/posts\/32\/revisions"}],"wp:attachment":[{"href":"https:\/\/fliegerblog.rjs.de\/index.php?rest_route=%2Fwp%2Fv2%2Fmedia&parent=32"}],"wp:term":[{"taxonomy":"category","embeddable":true,"href":"https:\/\/fliegerblog.rjs.de\/index.php?rest_route=%2Fwp%2Fv2%2Fcategories&post=32"},{"taxonomy":"post_tag","embeddable":true,"href":"https:\/\/fliegerblog.rjs.de\/index.php?rest_route=%2Fwp%2Fv2%2Ftags&post=32"}],"curies":[{"name":"wp","href":"https:\/\/api.w.org\/{rel}","templated":true}]}}