{"id":31,"date":"2008-09-11T21:38:00","date_gmt":"2008-09-11T21:38:00","guid":{"rendered":"http:\/\/www.rjs.de\/fliegerblog\/?p=31"},"modified":"2008-09-11T21:38:00","modified_gmt":"2008-09-11T21:38:00","slug":"schee-wars-und-abendteuerlich","status":"publish","type":"post","link":"https:\/\/fliegerblog.rjs.de\/?p=31","title":{"rendered":"Schee wars &#8211; und abendteuerlich"},"content":{"rendered":"<p>Heute war wohl der letzte Hochsommertag. Viel Sonne und Temperaturen nahe an 30 Grad. In Neu-Anspach wurde bereits ab 12:00 Uhr geschleppt und ob der schlechten Prognosen f\u00fcr die n\u00e4chsten Tage habe ich mir den Nachmittag frei genommen und war kurz vor 14:00 Uhr da. Da war der erste Flieger gerade in der Luft und hatte ziemlich gute Thermik. <br \/>Vor Ort kam der Wind da aber mehr und mehr etwas zu quer zur Startbahn. <br \/>Deshalb mussten wir versetzt schleppen, um beim Start nicht im Lee der B\u00e4ume zu sein. <\/p>\n<p>Dummer Weise hat sich nach meinem ersten Flug der n\u00e4chste Flieger 2x mit dem Seil am Boden (Heuballen) verh\u00e4ngt. Wir haben \u00fcber ne Stunde gebraucht, um das Seil wieder flott zu bekommen. War eine verteufelte Fuddelei das Seil frei zu bekommen und neu auszurichten. So hatte ich bis 17:00 Uhr erst einen Flug.<\/p>\n<p>Und es wurde immer wolkiger und die meisten wollten aufh\u00f6ren. Die Sache stand ziemlich auf der Kippe. Aber zu 3. haben wir dennoch weiter gemacht und ich hatte noch 3 richtig sch\u00f6ne Fl\u00fcge. Nicht sonderlich lang, weil sowohl Wind als auch Thermik weg waren, aber so jeweils 5 Minuten und zwischen 230 &#8211; knapp 300 Meter Ausklinkh\u00f6he kamen raus. Und da es total ruhig in der Luft war, konnte man einfach nur die Aussicht auf Frankfurt und den Feldberg sowie die Fl\u00fcge allgemein genie\u00dfen. So was nett man wohl Genu\u00dffliegen.<\/p>\n<p>Mein neues Auto hat sich zudem als Schleppfahrzeug f\u00fcr das Seil bew\u00e4hrt. In den Wiesen und Feldwegen auf und um die Startbahn braucht es wirklich ein Fahrzeug mit ziemlicher Bodenfreiheit und m\u00f6glich 4-Rad (und Anh\u00e4ngerkupplung). So gesehen habe ich mit dem Forester mittlerweile im Rahmen meiner Flugtripps den Sommer wohl mehr Gel\u00e4nde unter den R\u00e4dern gehabt als manche Pseudo-SVUs f\u00fcrs Eiskaffee in ihrer gesamten Karriere.<\/p>\n<div class=\"blogger-post-footer\"><script type=\"text\/javascript\"><!--\ngoogle_ad_client = \"pub-4702984279656494\";\ngoogle_ad_width = 468;\ngoogle_ad_height = 60;\ngoogle_ad_format = \"468x60_as_rimg\";\ngoogle_cpa_choice = \"CAAQlNHphwIaCFxy_-mnISvEKNDv6n4\";\ngoogle_ad_channel = \"0174140724\";\n\/\/--><\/script><br \/>\n<script type=\"text\/javascript\" src=\"http:\/\/pagead2.googlesyndication.com\/pagead\/show_ads.js\">\n<\/script><\/div>\n","protected":false},"excerpt":{"rendered":"<p>Heute war wohl der letzte Hochsommertag. Viel Sonne und Temperaturen nahe an 30 Grad. In Neu-Anspach wurde bereits ab 12:00 Uhr geschleppt und ob der schlechten Prognosen f\u00fcr die n\u00e4chsten Tage habe ich mir den Nachmittag frei genommen und war kurz vor 14:00 Uhr da. Da war der erste Flieger gerade in der Luft und &hellip; <a href=\"https:\/\/fliegerblog.rjs.de\/?p=31\" class=\"more-link\"><span class=\"screen-reader-text\">\u201eSchee wars &#8211; und abendteuerlich\u201c<\/span> weiterlesen<\/a><\/p>\n","protected":false},"author":1,"featured_media":0,"comment_status":"open","ping_status":"open","sticky":false,"template":"","format":"standard","meta":{"jetpack_post_was_ever_published":false,"footnotes":"","jetpack_publicize_message":"","jetpack_is_tweetstorm":false,"jetpack_publicize_feature_enabled":true,"jetpack_social_options":[]},"categories":[2],"tags":[],"class_list":["post-31","post","type-post","status-publish","format-standard","hentry","category-allgemein"],"jetpack_publicize_connections":[],"jetpack_featured_media_url":"","jetpack_shortlink":"https:\/\/wp.me\/p788kK-v","jetpack-related-posts":[{"id":246,"url":"https:\/\/fliegerblog.rjs.de\/?p=246","url_meta":{"origin":31,"position":0},"title":"Nordwindtag am Hang","date":"Oktober 15, 2009","format":false,"excerpt":"Die letzten Tage stand schon Nordwind an. Und gestern sind sie hervorragend geflogen, wie ich geh\u00f6rt habe. Musste allerdings arbeiten. Heute hatte ich aber den ganzen Tag freigehalten und war schon um 11:00 Uhr am Hang. Ging auch ne gute Stunde richtig gut zu fliegen. Dann ist der Wind zu\u2026","rel":"","context":"In &quot;Allgemein&quot;","img":{"alt_text":"","src":"","width":0,"height":0},"classes":[]},{"id":1925,"url":"https:\/\/fliegerblog.rjs.de\/?p=1925","url_meta":{"origin":31,"position":1},"title":"Tricky Wetterbedingungen, aber sch\u00f6ne 2 Fl\u00fcge","date":"Mai 8, 2022","format":false,"excerpt":"Heute war ich wieder beim Schleppen in Singhofen und mit zwei gar nicht so schlechten Fl\u00fcgen recht zufrieden. Insbesondere der 2. Flug war gut. Sehr gute Ausklinkh\u00f6he, dann auch weiter Steigen und ich bin bis r\u00fcber zum Dorf geflogen. Da ging es aber abw\u00e4rts und\u00a0 ich habe mich zur\u00fcck zum\u2026","rel":"","context":"\u00c4hnlicher Beitrag","img":{"alt_text":"","src":"https:\/\/i0.wp.com\/blogger.googleusercontent.com\/img\/b\/R29vZ2xl\/AVvXsEhCRnPGmQgrGLL3iEKgtLtpjxSnd2668PQYYTVnJHFr8CQUqBDeEgLn7y3B4tt_xP6f85bXnIp7q26jKlbtn9B84tpEMb64dpJjBSEX40ZP4UrgTfkvRy8IRFOFPbrVtvWPFypO_vlR4qhg8hKmnNsv0QG911Q9Ewth4yCNz9NhfmsvBlBuc9cOFjZJsA\/w400-h200\/IMG_20220508_134814.jpg?resize=350%2C200&ssl=1","width":350,"height":200},"classes":[]},{"id":1482,"url":"https:\/\/fliegerblog.rjs.de\/?p=1482","url_meta":{"origin":31,"position":2},"title":"Probeschleppen in Oberems","date":"Juli 18, 2018","format":false,"excerpt":"Heute war ziemlich kurzfristig Probeschleppen auf dem Segelflugplatz in Oberems angesetzt worden. Das Gel\u00e4nde steht schon einige Jahre zur Diskussion, ob es nicht auch f\u00fcr Gleitschirmflieger freigegeben werden kann und m.W. sind auch mehrere Vereine da dran gewesen oder eben immer noch dran. Letztes Jahr gab es ein erstes Probeschleppen\u2026","rel":"","context":"\u00c4hnlicher Beitrag","img":{"alt_text":"","src":"https:\/\/i0.wp.com\/4.bp.blogspot.com\/-O2Nm1dQKGTs\/W13aZvgz5YI\/AAAAAAAAEC8\/0gnwZhm-43YRgsy_KpqsfIU_OSwalMpqwCLcBGAs\/s400\/IMG_20180718_140014.jpg?resize=350%2C200&ssl=1","width":350,"height":200},"classes":[]},{"id":1853,"url":"https:\/\/fliegerblog.rjs.de\/?p=1853","url_meta":{"origin":31,"position":3},"title":"Seit langer Zeit mal wieder ein Vierer","date":"September 18, 2021","format":false,"excerpt":"Das war heute ein wirklich feiner Flugtag an der Winde in Singhofen. Super Sp\u00e4tsommerwetter, aber seltsamer Weise nur ziemlich wenige Flieger. Wir waren gerade mal zu 6. Um 11 Uhr haben wir uns getroffen und ich hab gleich den Er\u00f6ffungsflug gemacht - wie so oft. Zu der Zeit waren die\u2026","rel":"","context":"\u00c4hnlicher Beitrag","img":{"alt_text":"","src":"https:\/\/i0.wp.com\/1.bp.blogspot.com\/-RJY-PjV7xkg\/YUYaEE6bxgI\/AAAAAAAAGUY\/HwqXQhBLhp83QvWgwjdhPXkDQt0lZNl1gCLcBGAsYHQ\/s320\/GOPR9906.JPG?resize=350%2C200&ssl=1","width":350,"height":200},"classes":[]},{"id":1748,"url":"https:\/\/fliegerblog.rjs.de\/?p=1748","url_meta":{"origin":31,"position":4},"title":"Wandertag","date":"Oktober 11, 2020","format":false,"excerpt":"Jetzt habe ich es doch noch ein zweites Mal diese Saison zum Schleppen nach Wallertheim zur Windenschleppgemeinschaft RheinHessen geschafft. Und vielleicht geht es dieses Jahr nochmal. Wobei es heute knapp war. Um 9:00 Uhr heute morgen war noch keine Ank\u00fcndigung zu sehen, dass\u00a0 geschleppt werden sollte. Ich hatte schon mehr\u2026","rel":"","context":"\u00c4hnlicher Beitrag","img":{"alt_text":"","src":"","width":0,"height":0},"classes":[]},{"id":1346,"url":"https:\/\/fliegerblog.rjs.de\/?p=1346","url_meta":{"origin":31,"position":5},"title":"Nochmal Schleppen in Singhofen","date":"Oktober 31, 2017","format":false,"excerpt":"Wegen des Feiertags konnten wir heute noch einmal Schleppen in Singhofen. Wir waren seit der Freigabe des Platzes f\u00fcr uns vor einige Wochen jetzt schon 3x da, aber heute sollte es das meines Erachtens f\u00fcr die Schleppsaison da gewesen sein. Auch die anderen Schlepplocations d\u00fcrften so langsam die Winterpause einl\u00e4uten\u2026","rel":"","context":"\u00c4hnlicher Beitrag","img":{"alt_text":"","src":"https:\/\/i0.wp.com\/2.bp.blogspot.com\/-N9TR-rtmOYA\/Wfia7jDmOPI\/AAAAAAAADp0\/iDigFGKYqqkuqxwTBXEJa6XPmIHRnCPogCLcBGAs\/s320\/GOPR7766.JPG?resize=350%2C200&ssl=1","width":350,"height":200},"classes":[]}],"_links":{"self":[{"href":"https:\/\/fliegerblog.rjs.de\/index.php?rest_route=\/wp\/v2\/posts\/31","targetHints":{"allow":["GET"]}}],"collection":[{"href":"https:\/\/fliegerblog.rjs.de\/index.php?rest_route=\/wp\/v2\/posts"}],"about":[{"href":"https:\/\/fliegerblog.rjs.de\/index.php?rest_route=\/wp\/v2\/types\/post"}],"author":[{"embeddable":true,"href":"https:\/\/fliegerblog.rjs.de\/index.php?rest_route=\/wp\/v2\/users\/1"}],"replies":[{"embeddable":true,"href":"https:\/\/fliegerblog.rjs.de\/index.php?rest_route=%2Fwp%2Fv2%2Fcomments&post=31"}],"version-history":[{"count":0,"href":"https:\/\/fliegerblog.rjs.de\/index.php?rest_route=\/wp\/v2\/posts\/31\/revisions"}],"wp:attachment":[{"href":"https:\/\/fliegerblog.rjs.de\/index.php?rest_route=%2Fwp%2Fv2%2Fmedia&parent=31"}],"wp:term":[{"taxonomy":"category","embeddable":true,"href":"https:\/\/fliegerblog.rjs.de\/index.php?rest_route=%2Fwp%2Fv2%2Fcategories&post=31"},{"taxonomy":"post_tag","embeddable":true,"href":"https:\/\/fliegerblog.rjs.de\/index.php?rest_route=%2Fwp%2Fv2%2Ftags&post=31"}],"curies":[{"name":"wp","href":"https:\/\/api.w.org\/{rel}","templated":true}]}}