{"id":303,"date":"2010-03-18T19:18:17","date_gmt":"2010-03-18T18:18:17","guid":{"rendered":"http:\/\/www.rjs.de\/fliegerblog\/?p=303"},"modified":"2010-03-18T19:18:17","modified_gmt":"2010-03-18T18:18:17","slug":"sonne-und-guter-wind","status":"publish","type":"post","link":"https:\/\/fliegerblog.rjs.de\/?p=303","title":{"rendered":"Sonne und guter Wind"},"content":{"rendered":"<p>Heute war wohl der erste Fr\u00fchlingstag in dem Jahr und dementsprechend \u00fcber ein Duzend Flieger am Hang in Reichenbach. Und es hat sich gelohnt. Der Wind stand \u00fcberwiegend gut auf dem Hang. Start\u00fcberh\u00f6hung und Soaren auf der oberen Kante waren die Regel. Ich war von ca 12:45 &#8211; 17:00 Uhr da und hab wirklich nette Fl\u00fcge gehabt. Selbst mein abschlie\u00dfender Abgleiter war was besonders, denn ich hatte so ne H\u00f6he, dass ich erstmal mehr oder weniger \u00fcber mein Auto geflogen bin, um dann zur\u00fcck auf dem Betonweg zu landen.<\/p>\n<p><object id=\"BLOG_video-eff6964e9ededbc6\" class=\"BLOG_video_class\" contentid=\"eff6964e9ededbc6\" width=\"320\" height=\"266\"><\/object><\/p>\n","protected":false},"excerpt":{"rendered":"<p>Heute war wohl der erste Fr\u00fchlingstag in dem Jahr und dementsprechend \u00fcber ein Duzend Flieger am Hang in Reichenbach. Und es hat sich gelohnt. Der Wind stand \u00fcberwiegend gut auf dem Hang. Start\u00fcberh\u00f6hung und Soaren auf der oberen Kante waren die Regel. Ich war von ca 12:45 &#8211; 17:00 Uhr da und hab wirklich nette &hellip; <a href=\"https:\/\/fliegerblog.rjs.de\/?p=303\" class=\"more-link\"><span class=\"screen-reader-text\">\u201eSonne und guter Wind\u201c<\/span> weiterlesen<\/a><\/p>\n","protected":false},"author":1,"featured_media":0,"comment_status":"open","ping_status":"open","sticky":false,"template":"","format":"standard","meta":{"jetpack_post_was_ever_published":false,"footnotes":"","jetpack_publicize_message":"","jetpack_is_tweetstorm":false,"jetpack_publicize_feature_enabled":true,"jetpack_social_options":[]},"categories":[2],"tags":[],"class_list":["post-303","post","type-post","status-publish","format-standard","hentry","category-allgemein"],"jetpack_publicize_connections":[],"jetpack_featured_media_url":"","jetpack_shortlink":"https:\/\/wp.me\/p788kK-4T","jetpack-related-posts":[{"id":888,"url":"https:\/\/fliegerblog.rjs.de\/?p=888","url_meta":{"origin":303,"position":0},"title":"H\u00e4ngchen wechsel Dich","date":"Februar 4, 2015","format":false,"excerpt":"Es war schon am Wochenende absehbar, dass es heute Nordwind gibt. Und ich einen Werkstatttermin f\u00fcr mein Auto :-(. Ich hatte einen ziemlichen Hals, aber die Werkstatt hat fix gearbeitet und ich konnte um 12:00 Uhr mein Auto wieder abholen. Um 13:30 Uhr war ich also doch noch in MFK\u2026","rel":"","context":"In &quot;Allgemein&quot;","img":{"alt_text":"","src":"https:\/\/i0.wp.com\/1.bp.blogspot.com\/-oRthbNSgfaA\/VNJWY7YLLiI\/AAAAAAAACTc\/tsJs6V1JdTQ\/s1600\/IMG_20150204_141754.jpg?resize=350%2C200","width":350,"height":200},"classes":[]},{"id":246,"url":"https:\/\/fliegerblog.rjs.de\/?p=246","url_meta":{"origin":303,"position":1},"title":"Nordwindtag am Hang","date":"Oktober 15, 2009","format":false,"excerpt":"Die letzten Tage stand schon Nordwind an. Und gestern sind sie hervorragend geflogen, wie ich geh\u00f6rt habe. Musste allerdings arbeiten. Heute hatte ich aber den ganzen Tag freigehalten und war schon um 11:00 Uhr am Hang. Ging auch ne gute Stunde richtig gut zu fliegen. Dann ist der Wind zu\u2026","rel":"","context":"In &quot;Allgemein&quot;","img":{"alt_text":"","src":"","width":0,"height":0},"classes":[]},{"id":1551,"url":"https:\/\/fliegerblog.rjs.de\/?p=1551","url_meta":{"origin":303,"position":2},"title":"Heute mal 15 Grad+","date":"Februar 16, 2019","format":false,"excerpt":"Nachdem ich gestern f\u00fcr den Tripp auf die Waku doch ein paar Kilometer runtergeschrubbt und zudem wegen dem super Wetter einen riesigen Andrang (Flieger, aber auch Touris und Skifahrer) erwartet hatte, wollte ich heute in der N\u00e4he bleiben und eine eher ruhige Location nutzen. Ich musste sowieso in den Taunus\u2026","rel":"","context":"\u00c4hnlicher Beitrag","img":{"alt_text":"","src":"https:\/\/i0.wp.com\/3.bp.blogspot.com\/-Ng2SIIPdG70\/XGhrOzAh5BI\/AAAAAAAAEbg\/cFPfGhTGM5glfQ8OqqAlNWwXEsLjAnQFACLcBGAs\/s320\/GOPR6004.JPG?resize=350%2C200&ssl=1","width":350,"height":200},"classes":[]},{"id":30,"url":"https:\/\/fliegerblog.rjs.de\/?p=30","url_meta":{"origin":303,"position":3},"title":"Endlich wieder :-)))","date":"September 21, 2008","format":false,"excerpt":"Ja!! Endlich hat der N-Hang in MF mal wieder sein Potential gezeigt. Zuerst habe ich \u00fcber die letzten Tage vorsichtig f\u00fcr heute wegen N-Wind im Forum angefragt, aber die Kommentaren waren sogar noch gegen 13:00 Uhr eher \"das Windrad in der Webcam steht voll auf Ost - ich w\u00fcrde es\u2026","rel":"","context":"In &quot;Allgemein&quot;","img":{"alt_text":"","src":"","width":0,"height":0},"classes":[]},{"id":594,"url":"https:\/\/fliegerblog.rjs.de\/?p=594","url_meta":{"origin":303,"position":4},"title":"Vollkreis in Reichenbach","date":"Oktober 1, 2012","format":false,"excerpt":"Was war das f\u00fcr ein geiler Altweibersommertag. Und es gab teilweise perfekte Bedingungen am Hang. Mein pers\u00f6nliches Highlight war ein Vollkreis \u00fcber der oberen Wiese. Das Ziel hatte ich schon lange, an so einem kleinen Hang mal einen Vollkreis hinzubekommen. Aber bisher habe ich mich nie getraut, wenn \u00fcberhaupt einmal\u2026","rel":"","context":"In &quot;Allgemein&quot;","img":{"alt_text":"","src":"https:\/\/i0.wp.com\/2.bp.blogspot.com\/-qNSAc5fIlNo\/UGnfjGRWwyI\/AAAAAAAABLQ\/DCOwg2apbos\/s320\/20121001_170526.jpg?resize=350%2C200","width":350,"height":200},"classes":[]},{"id":1553,"url":"https:\/\/fliegerblog.rjs.de\/?p=1553","url_meta":{"origin":303,"position":5},"title":"Mit dem Mopped zur Gel\u00e4ndeerprobung","date":"Februar 17, 2019","format":false,"excerpt":"Nachdem ich schon die letzten zwei Tage mit dem Schirm unterwegs war, wollte ich heute eigentlich nicht zum Fliegen raus. Mir stand der Sinn mehr nach Moppedfahren. Denn einmal musste die Batterie der W800 mal wieder geladen werden - das lange Stehen im Winter zollt Tribut. Und zudem bin ich\u2026","rel":"","context":"\u00c4hnlicher Beitrag","img":{"alt_text":"","src":"https:\/\/i0.wp.com\/2.bp.blogspot.com\/-An_D1bflYTM\/XGmD9sHcoFI\/AAAAAAAAEd0\/OaMIvhHhZ1UjOrj8e2Q_rqElq3pKks3ZQCLcBGAs\/s320\/GOPR6060.JPG?resize=350%2C200&ssl=1","width":350,"height":200},"classes":[]}],"_links":{"self":[{"href":"https:\/\/fliegerblog.rjs.de\/index.php?rest_route=\/wp\/v2\/posts\/303","targetHints":{"allow":["GET"]}}],"collection":[{"href":"https:\/\/fliegerblog.rjs.de\/index.php?rest_route=\/wp\/v2\/posts"}],"about":[{"href":"https:\/\/fliegerblog.rjs.de\/index.php?rest_route=\/wp\/v2\/types\/post"}],"author":[{"embeddable":true,"href":"https:\/\/fliegerblog.rjs.de\/index.php?rest_route=\/wp\/v2\/users\/1"}],"replies":[{"embeddable":true,"href":"https:\/\/fliegerblog.rjs.de\/index.php?rest_route=%2Fwp%2Fv2%2Fcomments&post=303"}],"version-history":[{"count":0,"href":"https:\/\/fliegerblog.rjs.de\/index.php?rest_route=\/wp\/v2\/posts\/303\/revisions"}],"wp:attachment":[{"href":"https:\/\/fliegerblog.rjs.de\/index.php?rest_route=%2Fwp%2Fv2%2Fmedia&parent=303"}],"wp:term":[{"taxonomy":"category","embeddable":true,"href":"https:\/\/fliegerblog.rjs.de\/index.php?rest_route=%2Fwp%2Fv2%2Fcategories&post=303"},{"taxonomy":"post_tag","embeddable":true,"href":"https:\/\/fliegerblog.rjs.de\/index.php?rest_route=%2Fwp%2Fv2%2Ftags&post=303"}],"curies":[{"name":"wp","href":"https:\/\/api.w.org\/{rel}","templated":true}]}}