{"id":301,"date":"2010-03-05T17:48:38","date_gmt":"2010-03-05T16:48:38","guid":{"rendered":"http:\/\/www.rjs.de\/fliegerblog\/?p=301"},"modified":"2010-03-05T17:48:38","modified_gmt":"2010-03-05T16:48:38","slug":"seit-langer-zeit-mal-wieder-nordwind","status":"publish","type":"post","link":"https:\/\/fliegerblog.rjs.de\/?p=301","title":{"rendered":"Seit langer Zeit mal wieder Nordwind"},"content":{"rendered":"<p>Fast w\u00e4re ich gestern schon am Hang gewesen, da 7 Sonnen am Himmel standen und Nordwind anstand. Nur bin ich am Tag zuvor auf der Cebit und damit 22 Stunden am St\u00fcck auf den Beinen gewesen. Von daher habe ich es gestern wegen akuter M\u00fcdigkeit gelassen (und zudem war der Wind nach den Messwerten recht kr\u00e4ftig &#8211; was sich auch wohl am Hang best\u00e4tigt hatte, wie die Flieger festgestellt haben, die am Hang waren).<\/p>\n<p>Heute war der Wind etwas moderater und von der Richtung noch besser f\u00fcr MF angek\u00fcndigt. NNW. Also ideal. Vor allen Dingen fr\u00fch. Wir waren auch schon kurz nach 10:00 Uhr am Hang. Und es ging wirklich gut. Am Anfang noch mit strahlendem Sonnenschein, aber auch als es sich bew\u00f6lkt hatte, stand der Wind gut an. Einmal bin ich oben am Start einfach 10 Meter hochgezogen worden und dann musste ich halt fliegen (war auch mein h\u00f6chster Flug heute). Oft bin ich jedoch auf der unteren Wiese gestartet, denn durch den D\u00fcseneffekt ging es ziemlich schwer mit dem Start von oben.<\/p>\n<p>Um 13:00 Uhr ist der Wind nach West gedreht und eingeschlafen. Meine 5 Mitstreiter haben eingepackt, aber da eine zweite Welle Flieger kam, bin ich noch ein bisschen geblieben. Und in der Tat ist der Wind wieder aufgefrischt und teils auch auf den Hang gedreht. Ging teils noch mal richtig gut mit Fliegen. Wobei es auch zeitweise sogar zu b\u00f6ig und zu stark war. Um 16:00 Uhr ist der Wind dann wieder ziemlich auf West gegangen und da ich wegen meinem Cebit-Tripp von Mittwoch doch noch m\u00fcde war, bin ich heim. Zumal heute Abend noch die Jahreshauptversammlung von unserem Gleitschirmverein ansteht. <\/p>\n","protected":false},"excerpt":{"rendered":"<p>Fast w\u00e4re ich gestern schon am Hang gewesen, da 7 Sonnen am Himmel standen und Nordwind anstand. Nur bin ich am Tag zuvor auf der Cebit und damit 22 Stunden am St\u00fcck auf den Beinen gewesen. Von daher habe ich es gestern wegen akuter M\u00fcdigkeit gelassen (und zudem war der Wind nach den Messwerten recht &hellip; <a href=\"https:\/\/fliegerblog.rjs.de\/?p=301\" class=\"more-link\"><span class=\"screen-reader-text\">\u201eSeit langer Zeit mal wieder Nordwind\u201c<\/span> weiterlesen<\/a><\/p>\n","protected":false},"author":1,"featured_media":0,"comment_status":"open","ping_status":"open","sticky":false,"template":"","format":"standard","meta":{"jetpack_post_was_ever_published":false,"footnotes":"","jetpack_publicize_message":"","jetpack_is_tweetstorm":false,"jetpack_publicize_feature_enabled":true,"jetpack_social_options":[]},"categories":[2],"tags":[],"class_list":["post-301","post","type-post","status-publish","format-standard","hentry","category-allgemein"],"jetpack_publicize_connections":[],"jetpack_featured_media_url":"","jetpack_shortlink":"https:\/\/wp.me\/p788kK-4R","jetpack-related-posts":[{"id":322,"url":"https:\/\/fliegerblog.rjs.de\/?p=322","url_meta":{"origin":301,"position":0},"title":"Beginn von Pfingsten","date":"Mai 22, 2010","format":false,"excerpt":"Seit gestern ist Nordwind angesagt und der Mai hat endlich die Temperaturen, die man erwarten kann. Gestern waren einige am Hang in MF, aber ich musste leider arbeiten. Hab mich ziemlich ge\u00e4rgert, aber im Nachhinein habe ich nix verpasst. Ging da wohl gar nicht. Selbst R\u00fcckenwind war am Hang, obwohl\u2026","rel":"","context":"In &quot;Allgemein&quot;","img":{"alt_text":"","src":"","width":0,"height":0},"classes":[]},{"id":310,"url":"https:\/\/fliegerblog.rjs.de\/?p=310","url_meta":{"origin":301,"position":1},"title":"Gut war es","date":"April 9, 2010","format":false,"excerpt":"Seit gestern ist Nordwind angesagt. Und wie ich mitbekommen habe, ging es auch gestern schon nett zu fliegen. War da aber anderweitig unterwegs. Aber heute waren wir gegen 13:15 Uhr am Hang in MF. Im Vorfeld wurde in der Diskussion zu heute vermutet, dass der Wind recht schwach w\u00fcrde. In\u2026","rel":"","context":"In &quot;Allgemein&quot;","img":{"alt_text":"","src":"","width":0,"height":0},"classes":[]},{"id":1615,"url":"https:\/\/fliegerblog.rjs.de\/?p=1615","url_meta":{"origin":301,"position":2},"title":"Hot &#038; Nice","date":"Juni 27, 2019","format":false,"excerpt":"Gestern schon war Nordwind angesagt, aber es sollte der hei\u00dfeste Tag des bisherigen Jahres werden. Da wollte ich nicht unbedingt am Hang in der prallen Sonne sein. Gut 39 Grad im Schatten ist definitiv zuviel, um mit der Ausr\u00fcstung immer wieder den Hang hochzulaufen. Auch heute sollte es \u00fcber 30\u2026","rel":"","context":"\u00c4hnlicher Beitrag","img":{"alt_text":"","src":"https:\/\/i0.wp.com\/1.bp.blogspot.com\/--dkIOD2EYr8\/XRXEN9vBH7I\/AAAAAAAAE38\/TBk6PJxw798q60DXYhqLg76zZR_xe_piACLcBGAs\/s640\/WhatsApp%2BImage%2B2019-06-28%2Bat%2B09.31.32.jpeg?resize=350%2C200&ssl=1","width":350,"height":200},"classes":[]},{"id":1216,"url":"https:\/\/fliegerblog.rjs.de\/?p=1216","url_meta":{"origin":301,"position":3},"title":"Besser als Zahnarzt &#8211; viel besser :-)","date":"Januar 5, 2017","format":false,"excerpt":"Bei mir war f\u00fcr heute Nachmittag eine Routineuntersuchung beim Zahnarzt angesetzt. Aber da es schon Anfang der Woche abzusehen war, dass es f\u00fcr den heutigen Donnerstag eine Chance auf Nordwind gab, habe ich den Termin verschoben. Kaum etwas ist \u00e4rgerlicher als wenn man einen guten Flugtag wegen nicht unbedingt notwendiger\u2026","rel":"","context":"\u00c4hnlicher Beitrag","img":{"alt_text":"","src":"https:\/\/i0.wp.com\/3.bp.blogspot.com\/-aYbRij_R0gU\/WG6WWaOvDmI\/AAAAAAAADP8\/-LD5WtacnBQVod0z1vEblrqOHDxTQnPcwCLcB\/s640\/GOPR0712.JPG?resize=350%2C200&ssl=1","width":350,"height":200},"classes":[]},{"id":1586,"url":"https:\/\/fliegerblog.rjs.de\/?p=1586","url_meta":{"origin":301,"position":4},"title":"Sprung in den Mai","date":"April 30, 2019","format":false,"excerpt":"Das war heute am Anfang echt mehr \"Gleitschirmspringen\" (wie es von vielen Zuschauern an den Hotspots immer genannt wird) als Gleitschirmfliegen - wenn \u00fcberhaupt was ging. Der Wind stand fast quer zum Hang und da war an Fliegen erstmal gar nicht zu denken. Ich musste gestern und heute in Wiesbaden\u2026","rel":"","context":"\u00c4hnlicher Beitrag","img":{"alt_text":"","src":"https:\/\/i0.wp.com\/1.bp.blogspot.com\/-z5ANJjGqcr8\/XMig6xVPvHI\/AAAAAAAAEr4\/BqJKrNSA_qEgz6TS5Ok0BxeArJETrd2ogCLcBGAs\/s320\/GOPR7324.JPG?resize=350%2C200&ssl=1","width":350,"height":200},"classes":[]},{"id":318,"url":"https:\/\/fliegerblog.rjs.de\/?p=318","url_meta":{"origin":301,"position":5},"title":"Am Ende war es doch gut","date":"Mai 15, 2010","format":false,"excerpt":"Die Prognosen f\u00fcr heute waren die letzten Tage ziemlich gut f\u00fcr MF. Zumindest in den Webdiensten, die ich angesehen habe. Nur die Wetterzentrale hatte f\u00fcr heute Nachmittag starken Nordwind mit B\u00f6en angesagt, der bis zum Abend auch noch zunehmen sollte. Heute morgen waren dann alle Prognosen darauf eingeschwenkt. Und so\u2026","rel":"","context":"In &quot;Allgemein&quot;","img":{"alt_text":"","src":"","width":0,"height":0},"classes":[]}],"_links":{"self":[{"href":"https:\/\/fliegerblog.rjs.de\/index.php?rest_route=\/wp\/v2\/posts\/301","targetHints":{"allow":["GET"]}}],"collection":[{"href":"https:\/\/fliegerblog.rjs.de\/index.php?rest_route=\/wp\/v2\/posts"}],"about":[{"href":"https:\/\/fliegerblog.rjs.de\/index.php?rest_route=\/wp\/v2\/types\/post"}],"author":[{"embeddable":true,"href":"https:\/\/fliegerblog.rjs.de\/index.php?rest_route=\/wp\/v2\/users\/1"}],"replies":[{"embeddable":true,"href":"https:\/\/fliegerblog.rjs.de\/index.php?rest_route=%2Fwp%2Fv2%2Fcomments&post=301"}],"version-history":[{"count":0,"href":"https:\/\/fliegerblog.rjs.de\/index.php?rest_route=\/wp\/v2\/posts\/301\/revisions"}],"wp:attachment":[{"href":"https:\/\/fliegerblog.rjs.de\/index.php?rest_route=%2Fwp%2Fv2%2Fmedia&parent=301"}],"wp:term":[{"taxonomy":"category","embeddable":true,"href":"https:\/\/fliegerblog.rjs.de\/index.php?rest_route=%2Fwp%2Fv2%2Fcategories&post=301"},{"taxonomy":"post_tag","embeddable":true,"href":"https:\/\/fliegerblog.rjs.de\/index.php?rest_route=%2Fwp%2Fv2%2Ftags&post=301"}],"curies":[{"name":"wp","href":"https:\/\/api.w.org\/{rel}","templated":true}]}}