{"id":298,"date":"2010-02-27T17:58:18","date_gmt":"2010-02-27T16:58:18","guid":{"rendered":"http:\/\/www.rjs.de\/fliegerblog\/?p=298"},"modified":"2010-02-27T17:58:18","modified_gmt":"2010-02-27T16:58:18","slug":"verdammt-sportlich","status":"publish","type":"post","link":"https:\/\/fliegerblog.rjs.de\/?p=298","title":{"rendered":"Verdammt sportlich"},"content":{"rendered":"<p>Heut stand der Wind ganz sch\u00f6n stramm an. Bin erst um 15:00 Uhr an den Hang in RB, da der Wind gegen Nachmittag nachlassen sollte. Zu dem Zeitpunkt waren aber schon Flieger da und sind auch toll geflogen.<\/p>\n<p><object width=\"425\" height=\"344\"><param name=\"movie\" value=\"http:\/\/www.youtube.com\/v\/PGKR2HN-Jh4&#038;hl=de&#038;fs=1\"><\/param><param name=\"allowFullScreen\" value=\"true\"><\/param><param name=\"allowscriptaccess\" value=\"always\"><\/param><\/object><\/p>\n<p>Mir war das aber nicht ganz geheuer. Hab noch ein bisschen gewartet. Und bin nach meinem ersten Flug direkt bei der Landung wieder ausgehoben und mit den Leinen in einen Minibaum gezogen worden ;-(.<\/p>\n<p>Insgesamt waren mir die Bedingungen zu sportlich und leider auch von der Richtung nicht ganz koscher. Bin also nur 3x geflogen. <\/p>\n","protected":false},"excerpt":{"rendered":"<p>Heut stand der Wind ganz sch\u00f6n stramm an. Bin erst um 15:00 Uhr an den Hang in RB, da der Wind gegen Nachmittag nachlassen sollte. Zu dem Zeitpunkt waren aber schon Flieger da und sind auch toll geflogen. Mir war das aber nicht ganz geheuer. Hab noch ein bisschen gewartet. Und bin nach meinem ersten &hellip; <a href=\"https:\/\/fliegerblog.rjs.de\/?p=298\" class=\"more-link\"><span class=\"screen-reader-text\">\u201eVerdammt sportlich\u201c<\/span> weiterlesen<\/a><\/p>\n","protected":false},"author":1,"featured_media":0,"comment_status":"open","ping_status":"open","sticky":false,"template":"","format":"standard","meta":{"jetpack_post_was_ever_published":false,"footnotes":"","jetpack_publicize_message":"","jetpack_is_tweetstorm":false,"jetpack_publicize_feature_enabled":true,"jetpack_social_options":[]},"categories":[2],"tags":[],"class_list":["post-298","post","type-post","status-publish","format-standard","hentry","category-allgemein"],"jetpack_publicize_connections":[],"jetpack_featured_media_url":"","jetpack_shortlink":"https:\/\/wp.me\/p788kK-4O","jetpack-related-posts":[{"id":1257,"url":"https:\/\/fliegerblog.rjs.de\/?p=1257","url_meta":{"origin":298,"position":0},"title":"Sportlich und kurz","date":"Mai 17, 2017","format":false,"excerpt":"Der Wind kam heute aus SO und es war angek\u00fcndigt, dass er \u00fcber den Tag zunehmen sollte. Auch waren die angek\u00fcndigten B\u00f6en nicht ohne und \u00a0die sollten im Laufe des Tages nicht nachlassen, sondern eher sogar zunehmen. Ich war deshalb schon 11:30 Uhr in Eschbach am Hang. Der Wind stand\u2026","rel":"","context":"\u00c4hnlicher Beitrag","img":{"alt_text":"","src":"https:\/\/i0.wp.com\/1.bp.blogspot.com\/-n1p3mMWmRkI\/WRxqZbqIBFI\/AAAAAAAADaQ\/iR-IlpGE9UA2cuykm7RKxTYWC8HVChJCgCLcB\/s400\/GOPR2727.JPG?resize=350%2C200&ssl=1","width":350,"height":200},"classes":[]},{"id":1594,"url":"https:\/\/fliegerblog.rjs.de\/?p=1594","url_meta":{"origin":298,"position":1},"title":"So ganz sicher bin ich nicht, wie ich das heute werten soll","date":"Mai 12, 2019","format":false,"excerpt":"Die letzten Tage hatten viel f\u00fcr heute versprochen. Direkter Nordwind. Nur sah es heute morgen nach ziemlich viel Wind aus. Zumindest war es die letzten Male am Hang immer zu heftig, wenn man diese Vorhersagen hatte. Aber man muss einfach hinfahren. Ich war sowieso schon in Eppstein und nach vielen\u2026","rel":"","context":"\u00c4hnlicher Beitrag","img":{"alt_text":"","src":"https:\/\/i0.wp.com\/3.bp.blogspot.com\/-O677hnOF1y8\/XNhtOIHYXgI\/AAAAAAAAEt4\/I9wFkC2wNDM6aYO-ghM_PBV80AEye2ZggCLcBGAs\/s320\/WhatsApp%2BImage%2B2019-05-12%2Bat%2B19.02.37.jpeg?resize=350%2C200&ssl=1","width":350,"height":200},"classes":[]},{"id":955,"url":"https:\/\/fliegerblog.rjs.de\/?p=955","url_meta":{"origin":298,"position":2},"title":"36 Grad und es wird noch hei\u00dfer &#8230;","date":"Juli 2, 2015","format":false,"excerpt":"...wobei es heute vermutlich in Eschbach am Hang noch deutlich w\u00e4rmer war. Im Schatten! Allerdings ging den ganzen Tag ein recht kr\u00e4ftiger Wind, der zumindest etwas Linderung gebracht hatte. Insgesamt waren die Bedinungen heute\u00a0 sportlich. Als ich gegen 11:45 Uhr ankam, waren manche Piloten schon den ganzen Vormittag geflogen. Ich\u2026","rel":"","context":"In &quot;Allgemein&quot;","img":{"alt_text":"","src":"","width":0,"height":0},"classes":[]},{"id":1502,"url":"https:\/\/fliegerblog.rjs.de\/?p=1502","url_meta":{"origin":298,"position":3},"title":"Der Abschluss hat es gerettet","date":"September 28, 2018","format":false,"excerpt":"\u00a0 War ja klar - ich habe endlich mal einige Tage Zeit zum Fliegen und dann passen die Umst\u00e4nde nicht ;-(. Morgen wird das Schleppen mangels Interesse abgesagt und die n\u00e4chsten Tage sind wohl nicht wirklich berauschend hinsichtlich der Flugbedingungen. Aus dem Grund bin ich heute an den MFK, obwohl\u2026","rel":"","context":"\u00c4hnlicher Beitrag","img":{"alt_text":"","src":"https:\/\/i0.wp.com\/2.bp.blogspot.com\/-rdQPPNsTm6E\/W65QlVhICpI\/AAAAAAAAEIE\/TgTr_Mrh_JMu-BoajuQ--uxb0W7u3vUpgCLcBGAs\/s320\/GOPR3932.JPG?resize=350%2C200&ssl=1","width":350,"height":200},"classes":[]},{"id":1678,"url":"https:\/\/fliegerblog.rjs.de\/?p=1678","url_meta":{"origin":298,"position":4},"title":"Phasenverschoben","date":"November 14, 2019","format":false,"excerpt":"Irgendwie waren der Flugtag und ich heute \"phasenverschoben\". Obwohl die meisten anderen Piloten heute von einem Superflugtag gesprochen haben, bin ich nicht richtig \"reingekommen\". Ich war schon kurz nach 9:00 Uhr am Hang in Eschbach angekommen und hab gleich meine ersten Versuche gemacht. Aber schon noch kurzer Zeit ist der\u2026","rel":"","context":"\u00c4hnlicher Beitrag","img":{"alt_text":"","src":"https:\/\/i0.wp.com\/1.bp.blogspot.com\/-wJo0bOIaDIo\/Xc1zW1ArWBI\/AAAAAAAAFJw\/8gSiBb8khWEI_OGMTwN8lKZbDZezyPLdACLcBGAsYHQ\/s400\/IMG_20191114_102043.jpg?resize=350%2C200&ssl=1","width":350,"height":200},"classes":[]},{"id":1999,"url":"https:\/\/fliegerblog.rjs.de\/?p=1999","url_meta":{"origin":298,"position":5},"title":"Endlich mal wieder &#8222;wirkliches&#8220; Fliegen","date":"Mai 4, 2023","format":false,"excerpt":"Es ist gef\u00fchlte Ewigkeiten her, seit ich das letzte Mal so wirklich mit dem Gleitschirm geflogen bin. Kleinere H\u00fcpfer in Reichenbach, Groundhandling, G-Force-Training etc. ja. Aber es hat lange nicht mehr an der Winde noch sonst einem \"richtigen\" Flughang gepasst. Auch in Eschbach war ich schon viel zu lange nicht\u2026","rel":"","context":"\u00c4hnlicher Beitrag","img":{"alt_text":"","src":"https:\/\/i0.wp.com\/blogger.googleusercontent.com\/img\/b\/R29vZ2xl\/AVvXsEhpUW7OiRQ7DLpp3mBWOFhKPNED_Tr-ESi-h9IDMXleoAV2a_oPRLWsLjwacbX5PneFv7YxXs1vXIJnY8AZHRakmWVlVN9N4Vy6_tSLCPhqBoYJSvhuQii527uBmX9iHobt8O6vF67Hv97k3U9Oy7CIm9VWMwEWGGUiXXzIVfBo6iRDsoqlkO-2fFFeAQ\/w400-h300\/20230504_160124.jpg?resize=350%2C200&ssl=1","width":350,"height":200},"classes":[]}],"_links":{"self":[{"href":"https:\/\/fliegerblog.rjs.de\/index.php?rest_route=\/wp\/v2\/posts\/298","targetHints":{"allow":["GET"]}}],"collection":[{"href":"https:\/\/fliegerblog.rjs.de\/index.php?rest_route=\/wp\/v2\/posts"}],"about":[{"href":"https:\/\/fliegerblog.rjs.de\/index.php?rest_route=\/wp\/v2\/types\/post"}],"author":[{"embeddable":true,"href":"https:\/\/fliegerblog.rjs.de\/index.php?rest_route=\/wp\/v2\/users\/1"}],"replies":[{"embeddable":true,"href":"https:\/\/fliegerblog.rjs.de\/index.php?rest_route=%2Fwp%2Fv2%2Fcomments&post=298"}],"version-history":[{"count":0,"href":"https:\/\/fliegerblog.rjs.de\/index.php?rest_route=\/wp\/v2\/posts\/298\/revisions"}],"wp:attachment":[{"href":"https:\/\/fliegerblog.rjs.de\/index.php?rest_route=%2Fwp%2Fv2%2Fmedia&parent=298"}],"wp:term":[{"taxonomy":"category","embeddable":true,"href":"https:\/\/fliegerblog.rjs.de\/index.php?rest_route=%2Fwp%2Fv2%2Fcategories&post=298"},{"taxonomy":"post_tag","embeddable":true,"href":"https:\/\/fliegerblog.rjs.de\/index.php?rest_route=%2Fwp%2Fv2%2Ftags&post=298"}],"curies":[{"name":"wp","href":"https:\/\/api.w.org\/{rel}","templated":true}]}}