{"id":291,"date":"2010-02-20T16:31:46","date_gmt":"2010-02-20T15:31:46","guid":{"rendered":"http:\/\/www.rjs.de\/fliegerblog\/?p=291"},"modified":"2010-02-20T16:31:46","modified_gmt":"2010-02-20T15:31:46","slug":"endlich-mal-wieder","status":"publish","type":"post","link":"https:\/\/fliegerblog.rjs.de\/?p=291","title":{"rendered":"Endlich mal wieder"},"content":{"rendered":"<p>Heute ging es seit langen Wochen endlich mal wieder gut am Hang. Wir waren so ab etwa 10:30 Uhr in Reichenbach. Insgesamt 5 Flieger. Laut Prognose und Messwerten war zwar zuviel West angesagt, aber in den letzten vergleichbaren Situationen kam der Wind immer viel weniger aus West als es sein d\u00fcrfte. So auch heute. Das Gegenteil war der Fall &#8211; am Anfang kam der Wind viel zu weit aus Ost. Gegenteil trifft also voll &#8211; 180 Grad! Sch&#8230; auf Prognosen und Messwerte auf dem Feldberg \ud83d\ude09<\/p>\n<p>Und obwohl der Wind auch viel schw\u00e4cher als angek\u00fcndigt war, ging es recht gut mit Fliegen. Der Schnee ist durch die 2 &#8211; 3 etwas w\u00e4rmeren Tage zusammengesunken, dann die letzte kalte Nacht gefroren und damit konnte man recht gut drauf laufen. Viel besser als neulich im Tiefschnee. Und durch den Wind ist der Schnee zu einem richtig str\u00f6mungsoptimierten Profil f\u00fcr den Hang geformt worden. Von daher hat es insbesondere dann saugut getragen, wenn der Wind direkt auf dem Hang stand. Dazu hat es auch mal wieder gut getan, dass die Sonne voll durch kam.<\/p>\n<p>Und da der Wind so ab 12:00 Uhr zugenommen hat und dann auch wirklich mehr auf West ging, bin ich zeitweise ungew\u00f6hnlich hoch f\u00fcr den Hang gekommen. Vor allen Dingen bereits direkt beim Start. Das war richtig nett. So gegen 13:00 Uhr haben wir aber dennoch aufgeh\u00f6rt. Nicht weil es nicht mehr ging &#8211; im Gegenteil &#8211; trotz zunehmender Westtendenz ging es wegen zunehmendem Wind immer besser (fast schon wieder zuviel Wind), aber der eine musste gehen, der andere war m\u00fcde vom Hochlaufen im Schnee und mir machte meine Grippe von den letzten Tagen noch zu schaffen. Die anderen beiden haben aber irgendwie auch eingepackt und dann sind wir ab. Sp\u00e4ter habe ich mitbekommen, dass der Wind wohl dann auf zu weit W gegangen und b\u00f6ig geworden ist.<br \/>\n<object width=\"425\" height=\"344\"><param name=\"movie\" value=\"http:\/\/www.youtube.com\/v\/bMbsxUAJgVg&#038;hl=de_DE&#038;fs=1&#038;\"><\/param><param name=\"allowFullScreen\" value=\"true\"><\/param><param name=\"allowscriptaccess\" value=\"always\"><\/param><\/object><\/p>\n","protected":false},"excerpt":{"rendered":"<p>Heute ging es seit langen Wochen endlich mal wieder gut am Hang. Wir waren so ab etwa 10:30 Uhr in Reichenbach. Insgesamt 5 Flieger. Laut Prognose und Messwerten war zwar zuviel West angesagt, aber in den letzten vergleichbaren Situationen kam der Wind immer viel weniger aus West als es sein d\u00fcrfte. So auch heute. Das &hellip; <a href=\"https:\/\/fliegerblog.rjs.de\/?p=291\" class=\"more-link\"><span class=\"screen-reader-text\">\u201eEndlich mal wieder\u201c<\/span> weiterlesen<\/a><\/p>\n","protected":false},"author":1,"featured_media":0,"comment_status":"open","ping_status":"open","sticky":false,"template":"","format":"standard","meta":{"jetpack_post_was_ever_published":false,"footnotes":"","jetpack_publicize_message":"","jetpack_is_tweetstorm":false,"jetpack_publicize_feature_enabled":true,"jetpack_social_options":[]},"categories":[2],"tags":[],"class_list":["post-291","post","type-post","status-publish","format-standard","hentry","category-allgemein"],"jetpack_publicize_connections":[],"jetpack_featured_media_url":"","jetpack_shortlink":"https:\/\/wp.me\/p788kK-4H","jetpack-related-posts":[{"id":269,"url":"https:\/\/fliegerblog.rjs.de\/?p=269","url_meta":{"origin":291,"position":0},"title":"Weihnachtsnachlese","date":"Dezember 27, 2009","format":false,"excerpt":"Gestern ging es wohl ziemlich gut mit Fliegen in Reichenbach. Nur haben mich die \u00fcblichen Weihnachtsverpflichtungen gehindert. Da die Prognosen aber f\u00fcr heute sogar fast noch besser waren, habe ich auf den heutigen Tag Hoffnung gesetzt. Und fr\u00fch am Morgen war in der Webcam auf dem Feldberg auch schon strahlender\u2026","rel":"","context":"In &quot;Allgemein&quot;","img":{"alt_text":"","src":"","width":0,"height":0},"classes":[]},{"id":64,"url":"https:\/\/fliegerblog.rjs.de\/?p=64","url_meta":{"origin":291,"position":1},"title":"Richtig geiler Flugnachmittag","date":"Oktober 30, 2007","format":false,"excerpt":"Mein Schirm ist endlich wieder geflickt :-) und f\u00fcr heute stand NW als Prognose im Windfinder. Klarer Fall f\u00fcr MFK, wenn Zeit ist. Die letzten Tage waren nur Stress. Selbst das Wochenende habe ich 10 - 12 Stunden pro Tag gearbeitet. Musste neben der \u00fcblichen Arbeit im B\u00fcro eine Schulung\u2026","rel":"","context":"In &quot;Allgemein&quot;","img":{"alt_text":"","src":"https:\/\/i0.wp.com\/img.youtube.com\/vi\/xviKIiB3uxg\/0.jpg?resize=350%2C200","width":350,"height":200},"classes":[]},{"id":844,"url":"https:\/\/fliegerblog.rjs.de\/?p=844","url_meta":{"origin":291,"position":2},"title":"Suppe umr\u00fchren","date":"Oktober 12, 2014","format":false,"excerpt":"Heute gab es Wind aus \u00f6stlichen Richtungen und da geht Eschbach sehr oft ziemlich gut, wenn da noch etwas S\u00fcdwind einflie\u00dft. Gegen 12:30 Uhr war ich am Hang, aber es hat tr\u00fcbe Suppe auf dem Hang gehangen und der Wind kam genau aus Ost. Dazu war er nicht sonderlich stark.\u2026","rel":"","context":"In &quot;Allgemein&quot;","img":{"alt_text":"","src":"","width":0,"height":0},"classes":[]},{"id":301,"url":"https:\/\/fliegerblog.rjs.de\/?p=301","url_meta":{"origin":291,"position":3},"title":"Seit langer Zeit mal wieder Nordwind","date":"M\u00e4rz 5, 2010","format":false,"excerpt":"Fast w\u00e4re ich gestern schon am Hang gewesen, da 7 Sonnen am Himmel standen und Nordwind anstand. Nur bin ich am Tag zuvor auf der Cebit und damit 22 Stunden am St\u00fcck auf den Beinen gewesen. Von daher habe ich es gestern wegen akuter M\u00fcdigkeit gelassen (und zudem war der\u2026","rel":"","context":"In &quot;Allgemein&quot;","img":{"alt_text":"","src":"","width":0,"height":0},"classes":[]},{"id":755,"url":"https:\/\/fliegerblog.rjs.de\/?p=755","url_meta":{"origin":291,"position":4},"title":"Stramme Sache","date":"April 7, 2014","format":false,"excerpt":"Nachdem es gestern so nett in Reichenbach war, ich mir seit ein paar Tagen (endlich) meine Arbeitszeiten wieder frei einteilen kann und das Wetter richtig sch\u00f6n aussah, bin ich gegen 13:00 uhr auch heute nochmal in Reichenbach am Hang gewesen. Als ich kam, stand der Wind genau auf den Hang.\u2026","rel":"","context":"In &quot;Allgemein&quot;","img":{"alt_text":"","src":"","width":0,"height":0},"classes":[]},{"id":784,"url":"https:\/\/fliegerblog.rjs.de\/?p=784","url_meta":{"origin":291,"position":5},"title":"Pfingsten, gute Bedinungen und kaum jemand in Eschbach","date":"Juni 7, 2014","format":false,"excerpt":"Das war heute recht seltsam. Normalerweise ist es an einem Wochenend- oder Feiertag in Eschbach extrem voll, wenn die Bedingungen einen Flugtag versprechen. Heute war es aber leerer als an einem normalen Arbeitstag. Nach den Prognosen schien mir der Wind nur Vormittags bis vielleicht 13:00 Uhr von der Richtung zu\u2026","rel":"","context":"In &quot;Allgemein&quot;","img":{"alt_text":"","src":"https:\/\/i0.wp.com\/2.bp.blogspot.com\/-cLihO-L1IP8\/U9_Rzez_TkI\/AAAAAAAAB4g\/8vgfNOD3wzY\/s1600\/P1010234.JPG?resize=350%2C200","width":350,"height":200},"classes":[]}],"_links":{"self":[{"href":"https:\/\/fliegerblog.rjs.de\/index.php?rest_route=\/wp\/v2\/posts\/291","targetHints":{"allow":["GET"]}}],"collection":[{"href":"https:\/\/fliegerblog.rjs.de\/index.php?rest_route=\/wp\/v2\/posts"}],"about":[{"href":"https:\/\/fliegerblog.rjs.de\/index.php?rest_route=\/wp\/v2\/types\/post"}],"author":[{"embeddable":true,"href":"https:\/\/fliegerblog.rjs.de\/index.php?rest_route=\/wp\/v2\/users\/1"}],"replies":[{"embeddable":true,"href":"https:\/\/fliegerblog.rjs.de\/index.php?rest_route=%2Fwp%2Fv2%2Fcomments&post=291"}],"version-history":[{"count":0,"href":"https:\/\/fliegerblog.rjs.de\/index.php?rest_route=\/wp\/v2\/posts\/291\/revisions"}],"wp:attachment":[{"href":"https:\/\/fliegerblog.rjs.de\/index.php?rest_route=%2Fwp%2Fv2%2Fmedia&parent=291"}],"wp:term":[{"taxonomy":"category","embeddable":true,"href":"https:\/\/fliegerblog.rjs.de\/index.php?rest_route=%2Fwp%2Fv2%2Fcategories&post=291"},{"taxonomy":"post_tag","embeddable":true,"href":"https:\/\/fliegerblog.rjs.de\/index.php?rest_route=%2Fwp%2Fv2%2Ftags&post=291"}],"curies":[{"name":"wp","href":"https:\/\/api.w.org\/{rel}","templated":true}]}}