{"id":286,"date":"2010-02-08T21:46:32","date_gmt":"2010-02-08T20:46:32","guid":{"rendered":"http:\/\/www.rjs.de\/fliegerblog\/?p=286"},"modified":"2010-02-08T21:46:32","modified_gmt":"2010-02-08T20:46:32","slug":"und-zruuck-uber-die-alpen","status":"publish","type":"post","link":"https:\/\/fliegerblog.rjs.de\/?p=286","title":{"rendered":"Und zru\u00fcck \u00fcber die Alpen"},"content":{"rendered":"<p>Am Montagmittag bin ich wieder von Graz nach Hause geflogen. Zwar ist zur Zeit kaum Flugwetter f\u00fcr den Gleitschirm, aber es ist auch mal ganz nett aus 10.000 Meter H\u00f6he auf die Alpen zu schauen.<br \/>\n<a onblur=\"try {parent.deselectBloggerImageGracefully();} catch(e) {}\" href=\"https:\/\/i0.wp.com\/3.bp.blogspot.com\/_lY4VOIwoBZk\/S3BqXYA_WEI\/AAAAAAAAAZ0\/QpcXJQznWPs\/s1600-h\/08022010.jpg\"><img decoding=\"async\" style=\"float:right; margin:0 0 10px 10px;cursor:pointer; cursor:hand;width: 320px; height: 240px;\" src=\"https:\/\/i0.wp.com\/3.bp.blogspot.com\/_lY4VOIwoBZk\/S3BqXYA_WEI\/AAAAAAAAAZ0\/QpcXJQznWPs\/s320\/08022010.jpg?w=840\" border=\"0\" alt=\"\"id=\"BLOGGER_PHOTO_ID_5435961700052326466\" data-recalc-dims=\"1\" \/><\/a><br \/>\nFast der gesamte Alpenkamm lag unter Wolken, aber die Spitzen der Berge haben rausgeschaut. Faszinierendes Bild.<\/p>\n<p><a onblur=\"try {parent.deselectBloggerImageGracefully();} catch(e) {}\" href=\"https:\/\/i0.wp.com\/3.bp.blogspot.com\/_lY4VOIwoBZk\/S3BqXOFk82I\/AAAAAAAAAZs\/IJRhT7r_S7M\/s1600-h\/08022010(001).jpg\"><img decoding=\"async\" style=\"float:right; margin:0 0 10px 10px;cursor:pointer; cursor:hand;width: 320px; height: 240px;\" src=\"https:\/\/i0.wp.com\/3.bp.blogspot.com\/_lY4VOIwoBZk\/S3BqXOFk82I\/AAAAAAAAAZs\/IJRhT7r_S7M\/s320\/08022010(001).jpg?w=840\" border=\"0\" alt=\"\"id=\"BLOGGER_PHOTO_ID_5435961697387213666\" data-recalc-dims=\"1\" \/><\/a><\/p>\n","protected":false},"excerpt":{"rendered":"<p>Am Montagmittag bin ich wieder von Graz nach Hause geflogen. Zwar ist zur Zeit kaum Flugwetter f\u00fcr den Gleitschirm, aber es ist auch mal ganz nett aus 10.000 Meter H\u00f6he auf die Alpen zu schauen. Fast der gesamte Alpenkamm lag unter Wolken, aber die Spitzen der Berge haben rausgeschaut. Faszinierendes Bild.<\/p>\n","protected":false},"author":1,"featured_media":0,"comment_status":"open","ping_status":"open","sticky":false,"template":"","format":"standard","meta":{"jetpack_post_was_ever_published":false,"footnotes":"","jetpack_publicize_message":"","jetpack_is_tweetstorm":false,"jetpack_publicize_feature_enabled":true,"jetpack_social_options":[]},"categories":[2],"tags":[],"class_list":["post-286","post","type-post","status-publish","format-standard","hentry","category-allgemein"],"jetpack_publicize_connections":[],"jetpack_featured_media_url":"","jetpack_shortlink":"https:\/\/wp.me\/p788kK-4C","jetpack-related-posts":[{"id":830,"url":"https:\/\/fliegerblog.rjs.de\/?p=830","url_meta":{"origin":286,"position":0},"title":"Winde statt K\u00fcste und Alpen","date":"September 25, 2014","format":false,"excerpt":"Diese Woche wollte ich eigentlich zum Soaren nach Holland an die K\u00fcste. Aber da ist mir ein Auftrag in die Quere gekommen, dessen Bestechungsgeld auf dem Level war, dass ich als vern\u00fcnftiger Freiberufler einfach nicht ablehnen konnte. Selbst wenn die \u00dcberschneidung aus letzter Woche nur den Montag beinhaltet hatte, war\u2026","rel":"","context":"In &quot;Allgemein&quot;","img":{"alt_text":"","src":"https:\/\/i0.wp.com\/4.bp.blogspot.com\/-r4Te6B60YIk\/VCRiv49th9I\/AAAAAAAAB6I\/evYucpZbpRM\/s1600\/GOPR5768.JPG?resize=350%2C200","width":350,"height":200},"classes":[]},{"id":558,"url":"https:\/\/fliegerblog.rjs.de\/?p=558","url_meta":{"origin":286,"position":1},"title":"Besser als nichts &#8211; aber auch nicht mehr","date":"August 3, 2012","format":false,"excerpt":"Die letzten Tage war ich ohne Schirm mit der Familie in den Alpen, aber ich konnte mir am ersten Tag einen Leihschirm organisieren. Am Startplatz ging es dann aber nicht. Wie schon die ganze Saison l\u00e4uft es mies mit Fliegen. Dazu sind im Moment meine zwei Flugpl\u00e4tze wegen Fliegerlagern der\u2026","rel":"","context":"In &quot;Allgemein&quot;","img":{"alt_text":"","src":"","width":0,"height":0},"classes":[]},{"id":181,"url":"https:\/\/fliegerblog.rjs.de\/?p=181","url_meta":{"origin":286,"position":2},"title":"Sonnentag in K\u00f6ssen","date":"Mai 20, 2009","format":false,"excerpt":"Bin gestern abend in die Alpen gefahren. Nach K\u00f6ssen. Da sind schon ein paar Fliegerkollegen seit Samstag da. Heute war den ganzen Tag strahlender Sonnenschein und warm. Bin 3x geflogen. Aber erstmal piano, denn obwohl ich jetzt seit etwa 4 Jahren fliege, war ich seit meiner Ausbildung nicht mehr in\u2026","rel":"","context":"In &quot;Allgemein&quot;","img":{"alt_text":"","src":"","width":0,"height":0},"classes":[]},{"id":977,"url":"https:\/\/fliegerblog.rjs.de\/?p=977","url_meta":{"origin":286,"position":3},"title":"Der Hang tut im \u00f6fter so als w\u00e4re er ein Flughang","date":"August 30, 2015","format":false,"excerpt":"Ich bin gestern aus dem Urlaub in den Alpen zur\u00fcck gekommen. Aber da ich mit der Familie Urlaub gemacht hatte, hatte ich keinen Schirm dabei. Von daher muss ich zum Fliegen mit den M\u00f6glichkeiten vorlieb nehmen, die sich hier in der Gegend bieten. Nach der langen Autofahrt gestern wollte ich\u2026","rel":"","context":"In &quot;Allgemein&quot;","img":{"alt_text":"","src":"","width":0,"height":0},"classes":[]},{"id":112,"url":"https:\/\/fliegerblog.rjs.de\/?p=112","url_meta":{"origin":286,"position":4},"title":"Schneisenflug im Urlaub","date":"April 6, 2007","format":false,"excerpt":"Irgendwie war wohl die ganze Woche super Flugwetter im Taunus und \u00fcber Ostern sind ein paar von uns ab in die Alpen. Und in bin in Familienurlaub im Fichtelgebirge :-(. Ist zwar auch sch\u00f6n - da will ich gar nix sagen, aber wenn alle anderen fliegen, wird man schon neidisch.\u2026","rel":"","context":"In &quot;Allgemein&quot;","img":{"alt_text":"","src":"","width":0,"height":0},"classes":[]},{"id":1291,"url":"https:\/\/fliegerblog.rjs.de\/?p=1291","url_meta":{"origin":286,"position":5},"title":"Sixpack","date":"Juli 21, 2017","format":false,"excerpt":"Jetzt war ich doch einige Zeit nicht mehr in der Luft. Viel Arbeit, schlechte Bedingungen und dann auch noch Urlaub ohne Schirm (obwohl ich in den Alpen war - aber bei mir vertragen sich Familienurlaub und Fliegen gehen einfach nicht). Heute hat es aber mal wieder gepasst mit Schleppen. Ich\u2026","rel":"","context":"\u00c4hnlicher Beitrag","img":{"alt_text":"","src":"https:\/\/i0.wp.com\/2.bp.blogspot.com\/-oHCipdrKs0w\/WXNMZPhSoeI\/AAAAAAAADfs\/jDHlBf2yCd42AvRV3PncDgMfLLkwWpKpwCLcBGAs\/s640\/IMG_20170721_162922.jpg?resize=350%2C200&ssl=1","width":350,"height":200},"classes":[]}],"_links":{"self":[{"href":"https:\/\/fliegerblog.rjs.de\/index.php?rest_route=\/wp\/v2\/posts\/286","targetHints":{"allow":["GET"]}}],"collection":[{"href":"https:\/\/fliegerblog.rjs.de\/index.php?rest_route=\/wp\/v2\/posts"}],"about":[{"href":"https:\/\/fliegerblog.rjs.de\/index.php?rest_route=\/wp\/v2\/types\/post"}],"author":[{"embeddable":true,"href":"https:\/\/fliegerblog.rjs.de\/index.php?rest_route=\/wp\/v2\/users\/1"}],"replies":[{"embeddable":true,"href":"https:\/\/fliegerblog.rjs.de\/index.php?rest_route=%2Fwp%2Fv2%2Fcomments&post=286"}],"version-history":[{"count":0,"href":"https:\/\/fliegerblog.rjs.de\/index.php?rest_route=\/wp\/v2\/posts\/286\/revisions"}],"wp:attachment":[{"href":"https:\/\/fliegerblog.rjs.de\/index.php?rest_route=%2Fwp%2Fv2%2Fmedia&parent=286"}],"wp:term":[{"taxonomy":"category","embeddable":true,"href":"https:\/\/fliegerblog.rjs.de\/index.php?rest_route=%2Fwp%2Fv2%2Fcategories&post=286"},{"taxonomy":"post_tag","embeddable":true,"href":"https:\/\/fliegerblog.rjs.de\/index.php?rest_route=%2Fwp%2Fv2%2Ftags&post=286"}],"curies":[{"name":"wp","href":"https:\/\/api.w.org\/{rel}","templated":true}]}}