{"id":285,"date":"2010-02-02T17:29:20","date_gmt":"2010-02-02T16:29:20","guid":{"rendered":"http:\/\/www.rjs.de\/fliegerblog\/?p=285"},"modified":"2010-02-02T17:29:20","modified_gmt":"2010-02-02T16:29:20","slug":"mal-wieder-mit-einem-verkehrsflugzeug-in-der-luft-gewesen","status":"publish","type":"post","link":"https:\/\/fliegerblog.rjs.de\/?p=285","title":{"rendered":"Mal wieder mit einem Verkehrsflugzeug in der Luft gewesen"},"content":{"rendered":"<p>Bin gerade mal wieder nach Graz zu Video2Brain geflogen, um ein Videotraining (zu jQuery) aufzunehmen. Wie immer Busfahren in der H\u00f6he ;-). Der Flug hierher war wieder Erwarten total ruhig. Hatte eigentlich mit starkem Wind gerechnet. Daf\u00fcr sparen sie beim Catering auf dem Flug. Nur ne halbe Stulle gab es. Aber ich hatte Gl\u00fcck mit dem Flug, denn ich bin noch vor dem (wieder mal) gro\u00dfen Schnee von FFM weggekommen. Heute Nachmittag sind wohl wieder diverse Fl\u00fcge ausgefallen. Daf\u00fcr ist hier in Graz strahlender Sonnenschein. Aber davon habe ich sowieso nicht viel, da ich im dunklen Tonstudio hocke. <\/p>\n","protected":false},"excerpt":{"rendered":"<p>Bin gerade mal wieder nach Graz zu Video2Brain geflogen, um ein Videotraining (zu jQuery) aufzunehmen. Wie immer Busfahren in der H\u00f6he ;-). Der Flug hierher war wieder Erwarten total ruhig. Hatte eigentlich mit starkem Wind gerechnet. Daf\u00fcr sparen sie beim Catering auf dem Flug. Nur ne halbe Stulle gab es. Aber ich hatte Gl\u00fcck mit &hellip; <a href=\"https:\/\/fliegerblog.rjs.de\/?p=285\" class=\"more-link\"><span class=\"screen-reader-text\">\u201eMal wieder mit einem Verkehrsflugzeug in der Luft gewesen\u201c<\/span> weiterlesen<\/a><\/p>\n","protected":false},"author":1,"featured_media":0,"comment_status":"open","ping_status":"open","sticky":false,"template":"","format":"standard","meta":{"jetpack_post_was_ever_published":false,"footnotes":"","jetpack_publicize_message":"","jetpack_is_tweetstorm":false,"jetpack_publicize_feature_enabled":true,"jetpack_social_options":[]},"categories":[2],"tags":[],"class_list":["post-285","post","type-post","status-publish","format-standard","hentry","category-allgemein"],"jetpack_publicize_connections":[],"jetpack_featured_media_url":"","jetpack_shortlink":"https:\/\/wp.me\/p788kK-4B","jetpack-related-posts":[{"id":1982,"url":"https:\/\/fliegerblog.rjs.de\/?p=1982","url_meta":{"origin":285,"position":0},"title":"In die Luft geht es im Moment nur noch im Flieger :-(","date":"Dezember 23, 2022","format":false,"excerpt":"Es ist jedes Jahr \u00e4hnlich - um die Jahreszeit geht es fast nur noch mit dem Flieger in die Luft - was in 2021 wegen Corona aber weggebrochen war. Dieser Winter ist jedoch aus anderen Gr\u00fcnden definitiv schlechter als es fr\u00fcher war, denn sonst war ich um den Jahreswechsel h\u00e4ufiger\u2026","rel":"","context":"\u00c4hnlicher Beitrag","img":{"alt_text":"","src":"https:\/\/i0.wp.com\/fliegerblog.rjs.de\/wp-content\/uploads\/2022\/12\/WhatsApp-Image-2022-12-12-at-09.41.15-300x225.webp?resize=350%2C200&ssl=1","width":350,"height":200},"classes":[]},{"id":630,"url":"https:\/\/fliegerblog.rjs.de\/?p=630","url_meta":{"origin":285,"position":1},"title":"Flug nach Graz","date":"M\u00e4rz 17, 2013","format":false,"excerpt":"\u00a0 Tja, wenn ich in die Luft gehe, ist das in den letzten Monaten fast mehr mit dem Linienflugzeug als mit dem Gleitschirm. Heute war es mal wieder soweit, dass ich meine Regelstrecke nach Graz geflogen bin. Ich nehme bei Video2Brain wieder ein neues Training auf, wobei ich am Donnerstag\u2026","rel":"","context":"In &quot;Allgemein&quot;","img":{"alt_text":"","src":"","width":0,"height":0},"classes":[]},{"id":1431,"url":"https:\/\/fliegerblog.rjs.de\/?p=1431","url_meta":{"origin":285,"position":2},"title":"Meine Saisoner\u00f6ffnung 2018 an der Winde","date":"April 21, 2018","format":false,"excerpt":"Da die Bedingungen die letzte Zeit h\u00e4ufiger recht gut waren, hat die Schleppsaison 2018 schon vor einigen Wochen begonnen. Nur hatte ich noch keine Gelegenheiten teilzunehmen. Letztes Wochenende, an dem wohl \u00fcberall geschleppt wurde, war ich beruflich in Graz, davor hatte ich mich einmal bei Schleppm\u00f6glichkeiten f\u00fcr den Hang entschieden\u2026","rel":"","context":"\u00c4hnlicher Beitrag","img":{"alt_text":"","src":"https:\/\/i0.wp.com\/1.bp.blogspot.com\/-r_xksVnKiX4\/Wtt5XueLRfI\/AAAAAAAAD5Y\/1fx7ddf185w3TU2y_uerAmPEBYw_P2snwCLcBGAs\/s320\/GOPR0345.JPG?resize=350%2C200&ssl=1","width":350,"height":200},"classes":[]},{"id":1113,"url":"https:\/\/fliegerblog.rjs.de\/?p=1113","url_meta":{"origin":285,"position":3},"title":"Die andere Art zu fliegen","date":"Februar 19, 2016","format":false,"excerpt":"Nicht so sch\u00f6n, wie dem Gleitschirm, aber deutlich h\u00f6her. Ich bin endlich mal wieder nach Graz zu Video2Brain geflogen. Ich war schon so oft am Flughafen in FFM, aber heute morgen bin ich das erste Mal bei der Sicherheitskontrolle durch diese neuen Scanner. Der Flug selbst war ziemlich uninteressant, da\u2026","rel":"","context":"\u00c4hnlicher Beitrag","img":{"alt_text":"","src":"","width":0,"height":0},"classes":[]},{"id":1853,"url":"https:\/\/fliegerblog.rjs.de\/?p=1853","url_meta":{"origin":285,"position":4},"title":"Seit langer Zeit mal wieder ein Vierer","date":"September 18, 2021","format":false,"excerpt":"Das war heute ein wirklich feiner Flugtag an der Winde in Singhofen. Super Sp\u00e4tsommerwetter, aber seltsamer Weise nur ziemlich wenige Flieger. Wir waren gerade mal zu 6. Um 11 Uhr haben wir uns getroffen und ich hab gleich den Er\u00f6ffungsflug gemacht - wie so oft. Zu der Zeit waren die\u2026","rel":"","context":"\u00c4hnlicher Beitrag","img":{"alt_text":"","src":"https:\/\/i0.wp.com\/1.bp.blogspot.com\/-RJY-PjV7xkg\/YUYaEE6bxgI\/AAAAAAAAGUY\/HwqXQhBLhp83QvWgwjdhPXkDQt0lZNl1gCLcBGAsYHQ\/s320\/GOPR9906.JPG?resize=350%2C200&ssl=1","width":350,"height":200},"classes":[]},{"id":1928,"url":"https:\/\/fliegerblog.rjs.de\/?p=1928","url_meta":{"origin":285,"position":5},"title":"Labile Sache","date":"Juni 4, 2022","format":false,"excerpt":"\u00dcber Pfingsten sahen die langfristigen Flugprognosen eher schlecht aus. Nur f\u00fcr den Samstag habe ich die Chancen nicht schlecht eingesch\u00e4tzt und mich auch in der Gruppe der GFT daf\u00fcr ausgesprochen, einen Schlepptag zu versuchen. Um 11:00 Uhr haben wir angefangen und ich - wie meistens - den 1. Flug des\u2026","rel":"","context":"\u00c4hnlicher Beitrag","img":{"alt_text":"","src":"https:\/\/i0.wp.com\/blogger.googleusercontent.com\/img\/b\/R29vZ2xl\/AVvXsEgX7woHW3V9FVnqxL1Gs1uun09YOvF3Rjr8AazadwsIzE6W1XGJt0y2DnKor1MyQjI0uy_NxLh0roq4T5Ea6snsNga7epYsbXFplT4mGGel2EHZh54de8cd92MagIFv_NZNrM4IB52X3eaBFDJ-rtPEDtFElLtHIFA-cl31B8rdWF5b1O53uLyOGhKexQ\/w640-h320\/IMG_20220604_134403.jpg?resize=350%2C200&ssl=1","width":350,"height":200},"classes":[]}],"_links":{"self":[{"href":"https:\/\/fliegerblog.rjs.de\/index.php?rest_route=\/wp\/v2\/posts\/285","targetHints":{"allow":["GET"]}}],"collection":[{"href":"https:\/\/fliegerblog.rjs.de\/index.php?rest_route=\/wp\/v2\/posts"}],"about":[{"href":"https:\/\/fliegerblog.rjs.de\/index.php?rest_route=\/wp\/v2\/types\/post"}],"author":[{"embeddable":true,"href":"https:\/\/fliegerblog.rjs.de\/index.php?rest_route=\/wp\/v2\/users\/1"}],"replies":[{"embeddable":true,"href":"https:\/\/fliegerblog.rjs.de\/index.php?rest_route=%2Fwp%2Fv2%2Fcomments&post=285"}],"version-history":[{"count":0,"href":"https:\/\/fliegerblog.rjs.de\/index.php?rest_route=\/wp\/v2\/posts\/285\/revisions"}],"wp:attachment":[{"href":"https:\/\/fliegerblog.rjs.de\/index.php?rest_route=%2Fwp%2Fv2%2Fmedia&parent=285"}],"wp:term":[{"taxonomy":"category","embeddable":true,"href":"https:\/\/fliegerblog.rjs.de\/index.php?rest_route=%2Fwp%2Fv2%2Fcategories&post=285"},{"taxonomy":"post_tag","embeddable":true,"href":"https:\/\/fliegerblog.rjs.de\/index.php?rest_route=%2Fwp%2Fv2%2Ftags&post=285"}],"curies":[{"name":"wp","href":"https:\/\/api.w.org\/{rel}","templated":true}]}}