{"id":284,"date":"2010-01-29T08:17:50","date_gmt":"2010-01-29T07:17:50","guid":{"rendered":"http:\/\/www.rjs.de\/fliegerblog\/?p=284"},"modified":"2010-01-29T08:17:50","modified_gmt":"2010-01-29T07:17:50","slug":"air-berlin-boykottieren","status":"publish","type":"post","link":"https:\/\/fliegerblog.rjs.de\/?p=284","title":{"rendered":"Air Berlin boykottieren"},"content":{"rendered":"<p>Drachen und Gleitschirm gelten bei Air Berlin nicht mehr als Sportgep\u00e4ck! Bisher gab es die<br \/>\nM\u00f6glichkeit, Gleitschirme oder Drachen als &#8222;Sportgep\u00e4ck&#8220; f\u00fcr 25 \u20ac pro Strecke<br \/>\nmitzuf\u00fchren. Anfang des Jahres hat Air Berlin die<br \/>\nGep\u00e4ckregelung ge\u00e4ndert und die Kosten um 400 Prozent erh\u00f6ht. Surf-, Golf- und Taucherausr\u00fcstungen d\u00fcrfen wie bisher f\u00fcr 25 Euro pro Flug mitgenommen werden.<br \/>\nDiese Konditionen gelten f\u00fcr die gesamte Air Berlin Gruppe, zu der auch LTU, Belair und NIKI<br \/>\ngeh\u00f6ren. Also gibt es nur 1 &#8211; Boykott. Auch bei allen Gesch\u00e4ftsfl\u00fcgen und sonstigen Fl\u00fcgen.<\/p>\n","protected":false},"excerpt":{"rendered":"<p>Drachen und Gleitschirm gelten bei Air Berlin nicht mehr als Sportgep\u00e4ck! Bisher gab es die M\u00f6glichkeit, Gleitschirme oder Drachen als &#8222;Sportgep\u00e4ck&#8220; f\u00fcr 25 \u20ac pro Strecke mitzuf\u00fchren. Anfang des Jahres hat Air Berlin die Gep\u00e4ckregelung ge\u00e4ndert und die Kosten um 400 Prozent erh\u00f6ht. Surf-, Golf- und Taucherausr\u00fcstungen d\u00fcrfen wie bisher f\u00fcr 25 Euro pro Flug &hellip; <a href=\"https:\/\/fliegerblog.rjs.de\/?p=284\" class=\"more-link\"><span class=\"screen-reader-text\">\u201eAir Berlin boykottieren\u201c<\/span> weiterlesen<\/a><\/p>\n","protected":false},"author":1,"featured_media":0,"comment_status":"open","ping_status":"open","sticky":false,"template":"","format":"standard","meta":{"jetpack_post_was_ever_published":false,"footnotes":"","jetpack_publicize_message":"","jetpack_is_tweetstorm":false,"jetpack_publicize_feature_enabled":true,"jetpack_social_options":[]},"categories":[2],"tags":[],"class_list":["post-284","post","type-post","status-publish","format-standard","hentry","category-allgemein"],"jetpack_publicize_connections":[],"jetpack_featured_media_url":"","jetpack_shortlink":"https:\/\/wp.me\/p788kK-4A","jetpack-related-posts":[{"id":1744,"url":"https:\/\/fliegerblog.rjs.de\/?p=1744","url_meta":{"origin":284,"position":0},"title":"Erste Fl\u00fcge in 2020 an der Abrollwinde","date":"September 19, 2020","format":false,"excerpt":"\u00a0 Nachdem mir die Windprognosen f\u00fcr Singhofen heute sowohl von der Richtung als auch St\u00e4rke nicht geheuer waren und zudem sowieso zu wenige Leute zusammen kamen, bin ich endlich mal wieder nach Wallertheim zur Windenschleppgemeinschaft RheinHessen. Da habe ich es dieses Jahr noch gar nicht hin geschafft (ich bin dieses\u2026","rel":"","context":"\u00c4hnlicher Beitrag","img":{"alt_text":"","src":"","width":0,"height":0},"classes":[]},{"id":1150,"url":"https:\/\/fliegerblog.rjs.de\/?p=1150","url_meta":{"origin":284,"position":1},"title":"Gleich nochmal zur Schleppgemeinschaft Rheinhessen","date":"Mai 26, 2016","format":false,"excerpt":"Da heute Feiertag war und das Wetter gepasst hat, wurde in Wallertheim Schleppen angesetzt. Ich bin nach dem letzten Samstag auch heute wieder hingefahren. Der Wind war viel zu schwach f\u00fcr den Hang, Schleppen in Neu-Anspach ging wegen Belegung vom Flugplatz sowieso nicht und zudem gef\u00e4llt es mir da wirklich\u2026","rel":"","context":"\u00c4hnlicher Beitrag","img":{"alt_text":"","src":"https:\/\/i0.wp.com\/4.bp.blogspot.com\/-ATcv0EMYgAw\/V0dH9mKbmMI\/AAAAAAAAC90\/K0nthaMQnOkFU7KN98KjJR6t37EhkdXsgCLcB\/s320\/GOPR5308.JPG?resize=350%2C200&ssl=1","width":350,"height":200},"classes":[]},{"id":836,"url":"https:\/\/fliegerblog.rjs.de\/?p=836","url_meta":{"origin":284,"position":2},"title":"Abenteuerliche Fliegerei an der Abrollwinde zwischen Windr\u00e4dern","date":"September 28, 2014","format":false,"excerpt":"Vor gut einem Jahr war ich das erste (und bisher einzige) Mal bei der Windenschleppgemeinschaft Rheinhessen. Hat mir damals aber gut gefallen. Dort nutzen Sie zum Schleppen eine Abrollwinde, die einfach auf der Anh\u00e4ngerkupplung eines Autos montiert wird. Das d\u00fcst dann einen Feldweg lang und zieht den Schirm oder Drachen\u2026","rel":"","context":"In &quot;Allgemein&quot;","img":{"alt_text":"","src":"","width":0,"height":0},"classes":[]},{"id":1849,"url":"https:\/\/fliegerblog.rjs.de\/?p=1849","url_meta":{"origin":284,"position":3},"title":"Erstmals in Boos geflogen","date":"September 2, 2021","format":false,"excerpt":"Seit etwa Mai habe ich eine Jahreskarte f\u00fcr 5 H\u00e4nge in der Gegend von Bad Kreuznach, aber ausser in Auen bin ich bisher nach der Einweisung noch nicht dahin gekommen. Da wir leider an einigen meiner Stammh\u00e4nge Stress haben bzw. die im Moment gar nicht genutzt werden k\u00f6nnen, will ich\u2026","rel":"","context":"\u00c4hnlicher Beitrag","img":{"alt_text":"","src":"https:\/\/i0.wp.com\/1.bp.blogspot.com\/-RKydpWKO75k\/YTD3P_bimaI\/AAAAAAAAGS0\/MxI4CVe2INQkUxcJxZKpiOuJOKxQx2CYgCLcBGAsYHQ\/w400-h300\/GOPR9773.JPG?resize=350%2C200&ssl=1","width":350,"height":200},"classes":[]},{"id":631,"url":"https:\/\/fliegerblog.rjs.de\/?p=631","url_meta":{"origin":284,"position":4},"title":"Weitere Erfahrungen mit der Wildkatze","date":"M\u00e4rz 30, 2013","format":false,"excerpt":"Heute gab es seit langem wieder Nordwind. Um 12:00 Uhr waren wir am MFK. Nach Monaten endlich mal wieder. Allerdings kam der Wind mehr aus Nordost als es f\u00fcr den Hang taugt. Wir sind deshalb an den 50 Meter weiter gelegenen Hang gegangen, den wir im Winter - wenn keine\u2026","rel":"","context":"In &quot;Allgemein&quot;","img":{"alt_text":"","src":"https:\/\/i0.wp.com\/3.bp.blogspot.com\/-SqR7npnah38\/UVdDkFsMFYI\/AAAAAAAABTQ\/jAqn3EumFs0\/s320\/GOPR2426.JPG?resize=350%2C200","width":350,"height":200},"classes":[]},{"id":1448,"url":"https:\/\/fliegerblog.rjs.de\/?p=1448","url_meta":{"origin":284,"position":5},"title":"Singhofen x 6","date":"Mai 26, 2018","format":false,"excerpt":"Das war heute verdammt hei\u00df auf der Piste. Fast 30 Grad im Schatten, aber es gab keinen solchen. Aber es war auch cool, denn mit 6 Fl\u00fcgen habe ich mein bisher ziemlich mageres Schleppkonto 2018 doch etwas gef\u00fcllt. Dabei war es eine verdammt schwere Entscheidung, wo ich heute hin gehen\u2026","rel":"","context":"\u00c4hnlicher Beitrag","img":{"alt_text":"","src":"https:\/\/i0.wp.com\/1.bp.blogspot.com\/-EDYGHWSzmLI\/Wwme0IKxMII\/AAAAAAAAD8c\/mu8Eo9IurNc2q-y9HFBKWTzY2ucdze6uQCLcBGAs\/s320\/GOPR1881.JPG?resize=350%2C200&ssl=1","width":350,"height":200},"classes":[]}],"_links":{"self":[{"href":"https:\/\/fliegerblog.rjs.de\/index.php?rest_route=\/wp\/v2\/posts\/284","targetHints":{"allow":["GET"]}}],"collection":[{"href":"https:\/\/fliegerblog.rjs.de\/index.php?rest_route=\/wp\/v2\/posts"}],"about":[{"href":"https:\/\/fliegerblog.rjs.de\/index.php?rest_route=\/wp\/v2\/types\/post"}],"author":[{"embeddable":true,"href":"https:\/\/fliegerblog.rjs.de\/index.php?rest_route=\/wp\/v2\/users\/1"}],"replies":[{"embeddable":true,"href":"https:\/\/fliegerblog.rjs.de\/index.php?rest_route=%2Fwp%2Fv2%2Fcomments&post=284"}],"version-history":[{"count":0,"href":"https:\/\/fliegerblog.rjs.de\/index.php?rest_route=\/wp\/v2\/posts\/284\/revisions"}],"wp:attachment":[{"href":"https:\/\/fliegerblog.rjs.de\/index.php?rest_route=%2Fwp%2Fv2%2Fmedia&parent=284"}],"wp:term":[{"taxonomy":"category","embeddable":true,"href":"https:\/\/fliegerblog.rjs.de\/index.php?rest_route=%2Fwp%2Fv2%2Fcategories&post=284"},{"taxonomy":"post_tag","embeddable":true,"href":"https:\/\/fliegerblog.rjs.de\/index.php?rest_route=%2Fwp%2Fv2%2Ftags&post=284"}],"curies":[{"name":"wp","href":"https:\/\/api.w.org\/{rel}","templated":true}]}}