{"id":282,"date":"2010-01-27T18:00:59","date_gmt":"2010-01-27T17:00:59","guid":{"rendered":"http:\/\/www.rjs.de\/fliegerblog\/?p=282"},"modified":"2010-01-27T18:00:59","modified_gmt":"2010-01-27T17:00:59","slug":"tiefschneefliegen","status":"publish","type":"post","link":"https:\/\/fliegerblog.rjs.de\/?p=282","title":{"rendered":"Tiefschneefliegen"},"content":{"rendered":"<p>Bei den mauen Bedingungen in den vergangenen Wochen wollten heute gleich 7 Flieger die kleine Chance auf Airtime in Reichnbach nutzen. War zwar nur schwacher Wind, aber 7 &#8211; 8 Abgleiter hab ich hinbekommen. Nur war das ein m\u00fchseeliges Geschleppen den Hang hoch durch den tiefen Schnee.<\/p>\n","protected":false},"excerpt":{"rendered":"<p>Bei den mauen Bedingungen in den vergangenen Wochen wollten heute gleich 7 Flieger die kleine Chance auf Airtime in Reichnbach nutzen. War zwar nur schwacher Wind, aber 7 &#8211; 8 Abgleiter hab ich hinbekommen. Nur war das ein m\u00fchseeliges Geschleppen den Hang hoch durch den tiefen Schnee.<\/p>\n","protected":false},"author":1,"featured_media":0,"comment_status":"open","ping_status":"open","sticky":false,"template":"","format":"standard","meta":{"jetpack_post_was_ever_published":false,"footnotes":"","jetpack_publicize_message":"","jetpack_is_tweetstorm":false,"jetpack_publicize_feature_enabled":true,"jetpack_social_options":[]},"categories":[2],"tags":[],"class_list":["post-282","post","type-post","status-publish","format-standard","hentry","category-allgemein"],"jetpack_publicize_connections":[],"jetpack_featured_media_url":"","jetpack_shortlink":"https:\/\/wp.me\/p788kK-4y","jetpack-related-posts":[{"id":744,"url":"https:\/\/fliegerblog.rjs.de\/?p=744","url_meta":{"origin":282,"position":0},"title":"Er\u00f6ffnung der Windensaison","date":"M\u00e4rz 6, 2014","format":false,"excerpt":"Eigentlich war ich heute noch richtig platt von dem guten Flugtag gestern am Hang in MF. So oft, wie ich bei guten Bedingungen da immer den Hang hochhetze, bezahle ich das am n\u00e4chsten Tag immer mit Muskelkater und eben einer gewissen Schlappheit. Ebenso habe ich nicht im Geringsten damit gerechnet,\u2026","rel":"","context":"In &quot;Allgemein&quot;","img":{"alt_text":"","src":"","width":0,"height":0},"classes":[]},{"id":1126,"url":"https:\/\/fliegerblog.rjs.de\/?p=1126","url_meta":{"origin":282,"position":1},"title":"Nur ein bisschen Handeln","date":"M\u00e4rz 26, 2016","format":false,"excerpt":"Da w\u00e4hrend der Osterntage nur heute das Wetter halbwegs brauchbar werden sollte und ich sowieso nach Eppstein wollte, bin ich heute morgen nach Reichenbach an den Hang. Gegen Mittag hatte ich nach den Prognosen recht kr\u00e4ftigen, b\u00f6igen Wind erwartet, aber am Vormittag auf noch fliegbare Bedingungen gehofft. Leider war es\u2026","rel":"","context":"\u00c4hnlicher Beitrag","img":{"alt_text":"","src":"","width":0,"height":0},"classes":[]},{"id":669,"url":"https:\/\/fliegerblog.rjs.de\/?p=669","url_meta":{"origin":282,"position":2},"title":"W&#038;W","date":"Juli 10, 2013","format":false,"excerpt":"Warm & Windig - das passt f\u00fcr den Flugtag heute am MFK. Kurz nach 12:00 Uhr waren wir zu dritt am Hang. Da stand der Wind schon recht stramm an. Die ersten vorsichtigen Versuche habe gezeigt, dass die Thermik durch den starken Wind ziemlich verblasen wurde und es auch wenig\u2026","rel":"","context":"In &quot;Allgemein&quot;","img":{"alt_text":"","src":"","width":0,"height":0},"classes":[]},{"id":1542,"url":"https:\/\/fliegerblog.rjs.de\/?p=1542","url_meta":{"origin":282,"position":3},"title":"Bombenflugphasen","date":"Februar 3, 2019","format":false,"excerpt":"Gegen 12:00 Uhr war ich heute am MFK. Den Tag \u00fcber war wirklich alles dabei. Von zuviel West, aber zu schwach bis zu heftig. Von Schneeregen bis strahlenden Sonnenschein. Aber zwischen den Extremen war das heute f\u00fcr mich nahe an den perfekten Bedingungen. Es gab so etwa 45 - 60\u2026","rel":"","context":"\u00c4hnlicher Beitrag","img":{"alt_text":"","src":"https:\/\/i0.wp.com\/4.bp.blogspot.com\/-6VWLXA1A4f8\/XFcly_NEIkI\/AAAAAAAAEZQ\/zYn88HmtsNswINSy5t9E6udXtCyD1uU2ACLcBGAs\/s400\/GOPR5680.JPG?resize=350%2C200&ssl=1","width":350,"height":200},"classes":[]},{"id":1586,"url":"https:\/\/fliegerblog.rjs.de\/?p=1586","url_meta":{"origin":282,"position":4},"title":"Sprung in den Mai","date":"April 30, 2019","format":false,"excerpt":"Das war heute am Anfang echt mehr \"Gleitschirmspringen\" (wie es von vielen Zuschauern an den Hotspots immer genannt wird) als Gleitschirmfliegen - wenn \u00fcberhaupt was ging. Der Wind stand fast quer zum Hang und da war an Fliegen erstmal gar nicht zu denken. Ich musste gestern und heute in Wiesbaden\u2026","rel":"","context":"\u00c4hnlicher Beitrag","img":{"alt_text":"","src":"https:\/\/i0.wp.com\/1.bp.blogspot.com\/-z5ANJjGqcr8\/XMig6xVPvHI\/AAAAAAAAEr4\/BqJKrNSA_qEgz6TS5Ok0BxeArJETrd2ogCLcBGAs\/s320\/GOPR7324.JPG?resize=350%2C200&ssl=1","width":350,"height":200},"classes":[]},{"id":1895,"url":"https:\/\/fliegerblog.rjs.de\/?p=1895","url_meta":{"origin":282,"position":5},"title":"Bockiger wie erwartet","date":"Februar 23, 2022","format":false,"excerpt":"Die letzten Tage sind gewaltige St\u00fcrme durch das Land gezogen und ab morgen sollten neue kommen. Aber f\u00fcr den heutigen Tag war eine Pause hinsichtlich des kr\u00e4ftigen Winds, Sonne und S\u00fcd angesagt. Es sah also in den meisten Progrnosen ziemlich gut f\u00fcr Reichenbach aus und da ich Zeit hatte, war\u2026","rel":"","context":"\u00c4hnlicher Beitrag","img":{"alt_text":"","src":"https:\/\/blogger.googleusercontent.com\/img\/a\/AVvXsEjhZfrM5TkfaeacX6nX3NtPTY8TNsWiXCvvfP7wTrgyW9rC83L57_TuLgla5AHhGD7xi06zRCWihVTf6O6Ev3p6HPwWeiiaEGlhr8Zac0q7-d-ZQKEHNhqP1TInlh85QlfY6sbVM1eqt-1Lfjaw_XbKGkLCT4sTfPtKbfY2zr6r1Stg_hsaJicc6lwbsA=w640-h480","width":350,"height":200},"classes":[]}],"_links":{"self":[{"href":"https:\/\/fliegerblog.rjs.de\/index.php?rest_route=\/wp\/v2\/posts\/282","targetHints":{"allow":["GET"]}}],"collection":[{"href":"https:\/\/fliegerblog.rjs.de\/index.php?rest_route=\/wp\/v2\/posts"}],"about":[{"href":"https:\/\/fliegerblog.rjs.de\/index.php?rest_route=\/wp\/v2\/types\/post"}],"author":[{"embeddable":true,"href":"https:\/\/fliegerblog.rjs.de\/index.php?rest_route=\/wp\/v2\/users\/1"}],"replies":[{"embeddable":true,"href":"https:\/\/fliegerblog.rjs.de\/index.php?rest_route=%2Fwp%2Fv2%2Fcomments&post=282"}],"version-history":[{"count":0,"href":"https:\/\/fliegerblog.rjs.de\/index.php?rest_route=\/wp\/v2\/posts\/282\/revisions"}],"wp:attachment":[{"href":"https:\/\/fliegerblog.rjs.de\/index.php?rest_route=%2Fwp%2Fv2%2Fmedia&parent=282"}],"wp:term":[{"taxonomy":"category","embeddable":true,"href":"https:\/\/fliegerblog.rjs.de\/index.php?rest_route=%2Fwp%2Fv2%2Fcategories&post=282"},{"taxonomy":"post_tag","embeddable":true,"href":"https:\/\/fliegerblog.rjs.de\/index.php?rest_route=%2Fwp%2Fv2%2Ftags&post=282"}],"curies":[{"name":"wp","href":"https:\/\/api.w.org\/{rel}","templated":true}]}}