{"id":266,"date":"2009-11-21T16:41:43","date_gmt":"2009-11-21T15:41:43","guid":{"rendered":"http:\/\/www.rjs.de\/fliegerblog\/?p=266"},"modified":"2009-11-21T16:41:43","modified_gmt":"2009-11-21T15:41:43","slug":"geile-route","status":"publish","type":"post","link":"https:\/\/fliegerblog.rjs.de\/?p=266","title":{"rendered":"Geile Route"},"content":{"rendered":"<p>Und gleich noch ein 3. Mal Reichenbach. Heute waren die Bedingungen zwar nicht so gut wie Donnerstag, aber etwas besser wie gestern. War von 11:30 Uhr &#8211; 14:00 Uhr am Hang. War wieder sch\u00f6n sonnig, aber der Wind kam meist &#8211; wie die letzten Tage &#8211; zu weit aus Ost. Und er war ziemlich schwach. Dennoch hat es besser als gestern getragen. Keine Ahnung, warum das heute trotz mauer Bedingungen teils gut ging und gestern bei meines Erachtens genau den gleichen Bedingungen nicht so toll. Das versteh mal einer. <\/p>\n<p>Der Tripp heute hat sich schon deswegen gelohnt, weil ich einmal eine geile Route zum Landeplatz geflogen bin, die mir bisher noch nie gelungen war. Nichts dass man lange in der Luft war, aber alleine das Kunstst\u00fcckchen fertig gebracht zu haben hat Spa\u00df gemacht. Ich bin ob des zu starken Osteinschlags genau die Falllinie nach unten zwischen den \u00c4ckern lang. Aber je weiter ich runter kam, desto mehr hat es getragen. Ich hatte \u00fcber dem Betonweg kaum H\u00f6he gegen\u00fcber dem Startplatz verloren und bin Richtung Osten in den Wind eingedreht. Und dann den Betonweg entlang gegen den Wind noch zum eigentlichen Landeplatz gekommen. Zwar immer mit der Option in die unteren B\u00e4ume zu geraten oder eine Ackerlandung zu riskieren, aber die H\u00f6he war einfach zu gut um es nicht zu probieren.<\/p>\n<p>Auch danach gingen noch ein paar gar nicht so schlechte Abgleiter, wobei man \u00fcberwiegend die Falllinie runter fliegen und ziemlich vorhalten musste. Als ich weg musste, hat der Wind auch mehr auf den Hang gedreht. Der Rest sollte noch ganz brauchbare Bedingungen gehabt haben.<br \/>\n<object width=\"425\" height=\"344\"><param name=\"movie\" value=\"http:\/\/www.youtube.com\/v\/31fp8_5pXnI&#038;hl=de&#038;fs=1\"><\/param><param name=\"allowFullScreen\" value=\"true\"><\/param><param name=\"allowscriptaccess\" value=\"always\"><\/param><\/object><\/p>\n","protected":false},"excerpt":{"rendered":"<p>Und gleich noch ein 3. Mal Reichenbach. Heute waren die Bedingungen zwar nicht so gut wie Donnerstag, aber etwas besser wie gestern. War von 11:30 Uhr &#8211; 14:00 Uhr am Hang. War wieder sch\u00f6n sonnig, aber der Wind kam meist &#8211; wie die letzten Tage &#8211; zu weit aus Ost. Und er war ziemlich schwach. &hellip; <a href=\"https:\/\/fliegerblog.rjs.de\/?p=266\" class=\"more-link\"><span class=\"screen-reader-text\">\u201eGeile Route\u201c<\/span> weiterlesen<\/a><\/p>\n","protected":false},"author":1,"featured_media":0,"comment_status":"open","ping_status":"open","sticky":false,"template":"","format":"standard","meta":{"jetpack_post_was_ever_published":false,"footnotes":"","jetpack_publicize_message":"","jetpack_is_tweetstorm":false,"jetpack_publicize_feature_enabled":true,"jetpack_social_options":[]},"categories":[2],"tags":[],"class_list":["post-266","post","type-post","status-publish","format-standard","hentry","category-allgemein"],"jetpack_publicize_connections":[],"jetpack_featured_media_url":"","jetpack_shortlink":"https:\/\/wp.me\/p788kK-4i","jetpack-related-posts":[{"id":755,"url":"https:\/\/fliegerblog.rjs.de\/?p=755","url_meta":{"origin":266,"position":0},"title":"Stramme Sache","date":"April 7, 2014","format":false,"excerpt":"Nachdem es gestern so nett in Reichenbach war, ich mir seit ein paar Tagen (endlich) meine Arbeitszeiten wieder frei einteilen kann und das Wetter richtig sch\u00f6n aussah, bin ich gegen 13:00 uhr auch heute nochmal in Reichenbach am Hang gewesen. Als ich kam, stand der Wind genau auf den Hang.\u2026","rel":"","context":"In &quot;Allgemein&quot;","img":{"alt_text":"","src":"","width":0,"height":0},"classes":[]},{"id":686,"url":"https:\/\/fliegerblog.rjs.de\/?p=686","url_meta":{"origin":266,"position":1},"title":"Testival in A\u00dflar","date":"August 24, 2013","format":false,"excerpt":"Ich war heute in A\u00dflar beim Fliegerfest bzw. Testival. Die Veranstaltung hat bereits gestern begonnen und geht bis Sonntag. Urspr\u00fcnglich wollte ich heute Abend sogar da \u00fcbernachten und 2 Tage fliegen. Aber zum einen kommt mir eine andere Feier heute Abend in die Quere und zum anderen soll es morgen\u2026","rel":"","context":"In &quot;Allgemein&quot;","img":{"alt_text":"","src":"","width":0,"height":0},"classes":[]},{"id":42,"url":"https:\/\/fliegerblog.rjs.de\/?p=42","url_meta":{"origin":266,"position":2},"title":"Reisebericht Husby, D\u00e4nemark","date":"Juni 29, 2008","format":false,"excerpt":"Flugtagebuch K\u00fcstensoaren in Husby - D\u00e4nemark im Juni 200821. JuniIch bin wieder zum K\u00fcstenfliegen in D\u00e4nemark. In Husby, etwa 150 Kilometer s\u00fcdlich von Loekken, wo ich letztes Jahr war. Nachdem der Trip letztes Jahr eigentlich ein Reinfall war und ich in einer Woche nur einen Tag zum Fliegen kam, wollte\u2026","rel":"","context":"In &quot;Allgemein&quot;","img":{"alt_text":"","src":"https:\/\/i0.wp.com\/img.youtube.com\/vi\/1PDZNyzILZw\/0.jpg?resize=350%2C200","width":350,"height":200},"classes":[]},{"id":694,"url":"https:\/\/fliegerblog.rjs.de\/?p=694","url_meta":{"origin":266,"position":3},"title":"Top-(Lande-)Bedingungen am MFK","date":"September 1, 2013","format":false,"excerpt":"Heute morgen musste ich mit der Familie an einem Wohlt\u00e4tigkeitslauf teilnehmen. Zwar nur Walking, aber ich war dennoch gebunden. Und das bei super Aussichten f\u00fcr den MFK. So kam ich erst um 14:00 Uhr am Hang an. Schon bei der Anfahrt habe ich Schirme hoch \u00fcber dem Kopf gesehen und\u2026","rel":"","context":"In &quot;Allgemein&quot;","img":{"alt_text":"","src":"","width":0,"height":0},"classes":[]},{"id":784,"url":"https:\/\/fliegerblog.rjs.de\/?p=784","url_meta":{"origin":266,"position":4},"title":"Pfingsten, gute Bedinungen und kaum jemand in Eschbach","date":"Juni 7, 2014","format":false,"excerpt":"Das war heute recht seltsam. Normalerweise ist es an einem Wochenend- oder Feiertag in Eschbach extrem voll, wenn die Bedingungen einen Flugtag versprechen. Heute war es aber leerer als an einem normalen Arbeitstag. Nach den Prognosen schien mir der Wind nur Vormittags bis vielleicht 13:00 Uhr von der Richtung zu\u2026","rel":"","context":"In &quot;Allgemein&quot;","img":{"alt_text":"","src":"https:\/\/i0.wp.com\/2.bp.blogspot.com\/-cLihO-L1IP8\/U9_Rzez_TkI\/AAAAAAAAB4g\/8vgfNOD3wzY\/s1600\/P1010234.JPG?resize=350%2C200","width":350,"height":200},"classes":[]},{"id":2121,"url":"https:\/\/fliegerblog.rjs.de\/?p=2121","url_meta":{"origin":266,"position":5},"title":"Kam, sah, flog","date":"Oktober 5, 2024","format":false,"excerpt":"Nachdem wir vorgestern in Singhofen die Hosen zu voll hatten, um bei den Bedingungen an der Winde zu starten, ging es gestern wohl gut da. Es war aber m.W. nur ein Flieger vor Ort. Der hatte wohl Spass und ich wieder einmal den A... nicht hochbekommen, um dahinzufahren. Aber Singhofen\u2026","rel":"","context":"\u00c4hnlicher Beitrag","img":{"alt_text":"","src":"https:\/\/i0.wp.com\/blogger.googleusercontent.com\/img\/b\/R29vZ2xl\/AVvXsEjEoETA-F4DR39FUO2c0nonrcXLn6k6vTBJ0MCeJ12X78XvleCvPxStXEWdXm4G-GT9nW4Edz_6WVq9ORE3AceDuX-PE9b5GJDEtN7rPnImcxbd2jix7YyjwrbraAKSle8oBLTo2in97v858DcrClYs1fiegr8-S0wQBkAzdXzF-X25iamFgf4Cwq_q3lTS\/s320\/WhatsApp%20Image%202024-10-05%20at%2016.41.20.jpeg?resize=350%2C200&ssl=1","width":350,"height":200},"classes":[]}],"_links":{"self":[{"href":"https:\/\/fliegerblog.rjs.de\/index.php?rest_route=\/wp\/v2\/posts\/266","targetHints":{"allow":["GET"]}}],"collection":[{"href":"https:\/\/fliegerblog.rjs.de\/index.php?rest_route=\/wp\/v2\/posts"}],"about":[{"href":"https:\/\/fliegerblog.rjs.de\/index.php?rest_route=\/wp\/v2\/types\/post"}],"author":[{"embeddable":true,"href":"https:\/\/fliegerblog.rjs.de\/index.php?rest_route=\/wp\/v2\/users\/1"}],"replies":[{"embeddable":true,"href":"https:\/\/fliegerblog.rjs.de\/index.php?rest_route=%2Fwp%2Fv2%2Fcomments&post=266"}],"version-history":[{"count":0,"href":"https:\/\/fliegerblog.rjs.de\/index.php?rest_route=\/wp\/v2\/posts\/266\/revisions"}],"wp:attachment":[{"href":"https:\/\/fliegerblog.rjs.de\/index.php?rest_route=%2Fwp%2Fv2%2Fmedia&parent=266"}],"wp:term":[{"taxonomy":"category","embeddable":true,"href":"https:\/\/fliegerblog.rjs.de\/index.php?rest_route=%2Fwp%2Fv2%2Fcategories&post=266"},{"taxonomy":"post_tag","embeddable":true,"href":"https:\/\/fliegerblog.rjs.de\/index.php?rest_route=%2Fwp%2Fv2%2Ftags&post=266"}],"curies":[{"name":"wp","href":"https:\/\/api.w.org\/{rel}","templated":true}]}}