{"id":265,"date":"2009-11-20T21:06:23","date_gmt":"2009-11-20T20:06:23","guid":{"rendered":"http:\/\/www.rjs.de\/fliegerblog\/?p=265"},"modified":"2009-11-20T21:06:23","modified_gmt":"2009-11-20T20:06:23","slug":"schade-schade","status":"publish","type":"post","link":"https:\/\/fliegerblog.rjs.de\/?p=265","title":{"rendered":"Schade, schade"},"content":{"rendered":"<p><a onblur=\"try {parent.deselectBloggerImageGracefully();} catch(e) {}\" href=\"https:\/\/i0.wp.com\/www.aerotic.de\/cms\/images\/fbfiles\/images\/mini_P1529_20_11_09-94c27ea6e3f419f4009530bd1d9dea3b.JPG\"><img decoding=\"async\" style=\"display:block; margin:0px auto 10px; text-align:center;cursor:pointer; cursor:hand;width: 300px; height: 225px;\" src=\"https:\/\/i0.wp.com\/www.aerotic.de\/cms\/images\/fbfiles\/images\/mini_P1529_20_11_09-94c27ea6e3f419f4009530bd1d9dea3b.JPG?w=840\" border=\"0\" alt=\"\" data-recalc-dims=\"1\" \/><\/a><br \/>\nWie immer, wenn man sich nach einem guten Flugtag am n\u00e4chsten eine Steigerung verspricht. Die Hoffnung wird nicht erf\u00fcllt. So auch heute. Es war zwar f\u00fcr Nov. mit fast 16 Grad tierisch warm und genauso sonnig wie gestern. Aber der Wind war schlechter. Kam auch ziemlich von Ost und recht schwach. Au\u00dfer ein paar Abgleitern gingen nur H\u00fcpfer. Aber wenn man es nicht probiert. Und voll war es wieder am Hang. 13 oder 14 Flieger waren \u00fcber den Nachmittag da.<\/p>\n","protected":false},"excerpt":{"rendered":"<p>Wie immer, wenn man sich nach einem guten Flugtag am n\u00e4chsten eine Steigerung verspricht. Die Hoffnung wird nicht erf\u00fcllt. So auch heute. Es war zwar f\u00fcr Nov. mit fast 16 Grad tierisch warm und genauso sonnig wie gestern. Aber der Wind war schlechter. Kam auch ziemlich von Ost und recht schwach. Au\u00dfer ein paar Abgleitern &hellip; <a href=\"https:\/\/fliegerblog.rjs.de\/?p=265\" class=\"more-link\"><span class=\"screen-reader-text\">\u201eSchade, schade\u201c<\/span> weiterlesen<\/a><\/p>\n","protected":false},"author":1,"featured_media":0,"comment_status":"open","ping_status":"open","sticky":false,"template":"","format":"standard","meta":{"jetpack_post_was_ever_published":false,"footnotes":"","jetpack_publicize_message":"","jetpack_is_tweetstorm":false,"jetpack_publicize_feature_enabled":true,"jetpack_social_options":[]},"categories":[2],"tags":[],"class_list":["post-265","post","type-post","status-publish","format-standard","hentry","category-allgemein"],"jetpack_publicize_connections":[],"jetpack_featured_media_url":"","jetpack_shortlink":"https:\/\/wp.me\/p788kK-4h","jetpack-related-posts":[{"id":2116,"url":"https:\/\/fliegerblog.rjs.de\/?p=2116","url_meta":{"origin":265,"position":0},"title":"Familientag GFT","date":"Oktober 3, 2024","format":false,"excerpt":"Vom heutigen Feiertag bis Sonntag sind in Sinhofen Schlepptermine angesetzt. Am Wochenende Windenschulungen, wobei erst ab 14:30 Freiflieger dazukommen d\u00fcrfen. Aber am heutigen Tag der Deutschen Einheit und morgen ist \"normales\" Schleppen angesetzt. Wobei der Feiertag sogar als Familientag ausgeschrieben war. Grillen, Schleppen und Familienangeh\u00f6rige sollten kostenlos am Tandem mitfliegen\u2026","rel":"","context":"\u00c4hnlicher Beitrag","img":{"alt_text":"","src":"https:\/\/i0.wp.com\/blogger.googleusercontent.com\/img\/b\/R29vZ2xl\/AVvXsEjxxLhVvPzxKFLfMfRhIRoBZGhijb_zwAqTu7QMVWrAUBPjDRGou0eNWlsgH3WoI1NiiJnUCXg_nba1rzvA5nn6zbYP4oSUB25va6ICY-FpeKJAn63LzbZMhH4Kg0dVHvioz8SpyvH9Kx3C8iXtoDyULvbL1jfqn-zGXWeMFyyzsIppsZcl16BpnSAmfeWj\/s320\/WhatsApp%20Image%202024-10-03%20at%2016.41.02.jpeg?resize=350%2C200&ssl=1","width":350,"height":200},"classes":[]},{"id":609,"url":"https:\/\/fliegerblog.rjs.de\/?p=609","url_meta":{"origin":265,"position":1},"title":"Das m\u00fcsste der Jahresabschluss gewesen sein &#8211; und der war gar nicht so schlecht","date":"Dezember 29, 2012","format":false,"excerpt":"Oh man, ich war ja ewig nicht mehr richtig mit dem Schirm in der Luft. Am 1. Dezember habe ich kurz am Hang gespielt und Mitte Oktober gab es einen mittelschwachen Flugtag in Reichenbach. Anfang Oktober war somit der letzte richtige Flugtag f\u00fcr mich gewesen. Klar - die Sp\u00e4therbst- und\u2026","rel":"","context":"In &quot;Allgemein&quot;","img":{"alt_text":"","src":"https:\/\/i0.wp.com\/3.bp.blogspot.com\/-S4EYK47t1Ak\/UN8gmXksVCI\/AAAAAAAABPY\/WTG5msR9GaY\/s320\/20121229_121349.jpg?resize=350%2C200","width":350,"height":200},"classes":[]},{"id":1551,"url":"https:\/\/fliegerblog.rjs.de\/?p=1551","url_meta":{"origin":265,"position":2},"title":"Heute mal 15 Grad+","date":"Februar 16, 2019","format":false,"excerpt":"Nachdem ich gestern f\u00fcr den Tripp auf die Waku doch ein paar Kilometer runtergeschrubbt und zudem wegen dem super Wetter einen riesigen Andrang (Flieger, aber auch Touris und Skifahrer) erwartet hatte, wollte ich heute in der N\u00e4he bleiben und eine eher ruhige Location nutzen. Ich musste sowieso in den Taunus\u2026","rel":"","context":"\u00c4hnlicher Beitrag","img":{"alt_text":"","src":"https:\/\/i0.wp.com\/3.bp.blogspot.com\/-Ng2SIIPdG70\/XGhrOzAh5BI\/AAAAAAAAEbg\/cFPfGhTGM5glfQ8OqqAlNWwXEsLjAnQFACLcBGAs\/s320\/GOPR6004.JPG?resize=350%2C200&ssl=1","width":350,"height":200},"classes":[]},{"id":2095,"url":"https:\/\/fliegerblog.rjs.de\/?p=2095","url_meta":{"origin":265,"position":3},"title":"Wildcat &#038; Minicamper","date":"Mai 18, 2024","format":false,"excerpt":"Heute war wieder NW angesagt und damit der gleiche Strand bei Westkapelle. Aber die Aktion von gestern, bei der ich die gesamte Strecke mit dem Rad gefahren bin, wollte ich mir heute nicht mehr antun. Zumal das Wetter recht k\u00fchl und tr\u00fcbe am Anfang daherkam und ich mehr Sachen mitnehmen\u2026","rel":"","context":"\u00c4hnlicher Beitrag","img":{"alt_text":"","src":"https:\/\/i0.wp.com\/blogger.googleusercontent.com\/img\/b\/R29vZ2xl\/AVvXsEhOGkd1aZUIhcdnNPRnvPYW-_2ys7rhuyEjgQgs1fx_y_CAREwJo-pYXXnge8uh4eocD996rNPQO837AwlUIfivKDYcHNYLt7hrr_IoJw3E_BqBR3AK68Uv6E-JydlGZTIje83c60URpakvbJRIi4lPMxOBzamoAPk0Q1iCsqQLWazGIditqg7y0bauQ4IH\/s320\/WhatsApp%20Image%202024-05-18%20at%2017.46.38.jpeg?resize=350%2C200&ssl=1","width":350,"height":200},"classes":[]},{"id":1556,"url":"https:\/\/fliegerblog.rjs.de\/?p=1556","url_meta":{"origin":265,"position":4},"title":"Nochmal schnell nach dem Kugelsto\u00dfen in die Luft gegangen","date":"Februar 23, 2019","format":false,"excerpt":"Heute waren in FFM-Kalbach die Hallenkreismeisterschaften der Leichtathletik von HG + MTK zusammen. Ich war um 12:00 Uhr mit Kugelsto\u00dfen dran und da das fix erledigt war, habe ich die Gelegenheit f\u00fcr einen Abstecher nach Eschbach genutzt. Es stand SO-Wind an und wenn ich sowieso schon in der Ecke war,\u2026","rel":"","context":"\u00c4hnlicher Beitrag","img":{"alt_text":"","src":"https:\/\/i0.wp.com\/2.bp.blogspot.com\/-vPXFoiVDEzo\/XHGWEUTW_NI\/AAAAAAAAEfQ\/mINNVXr63qsA7dWtHaR1u0tpPXk30BMLACLcBGAs\/s320\/GOPR6260.JPG?resize=350%2C200&ssl=1","width":350,"height":200},"classes":[]},{"id":1945,"url":"https:\/\/fliegerblog.rjs.de\/?p=1945","url_meta":{"origin":265,"position":5},"title":"G-Force","date":"September 4, 2022","format":false,"excerpt":"\ufeff Auch wenn es heute kein Fliegen am Schirm war, war das doch ein Fliegen - nur der anderen Art. Was dennoch in die Richtung Gleitschirmfliegen ging. Im wahrsten Sinn des Wortes, denn es ging um das \u00dcben einer Steilspirale bzw. das Erfahren der dort auftretenden Kr\u00e4fte an einem Simulator.\u2026","rel":"","context":"\u00c4hnlicher Beitrag","img":{"alt_text":"","src":"https:\/\/i0.wp.com\/blogger.googleusercontent.com\/img\/b\/R29vZ2xl\/AVvXsEhKm3TW0_UDTfCSM86yPsP-oOtHlg6dUy0EkxelQY_MrNAjlepx460y_D7KExlI_K338Xz8fcPbA2ymkpfuFR0w24YhRpj7EWeXLE-oWYYzyAWeT1NjIJi3KXTZs6bdcEbcd1-mlGbfZ6okpdGnWJ4vTPe1wJPFi9ewTSekBt7KNJn915DODQYeYOAYmg\/w400-h300\/IMG_20220904_084413.jpg?resize=350%2C200&ssl=1","width":350,"height":200},"classes":[]}],"_links":{"self":[{"href":"https:\/\/fliegerblog.rjs.de\/index.php?rest_route=\/wp\/v2\/posts\/265","targetHints":{"allow":["GET"]}}],"collection":[{"href":"https:\/\/fliegerblog.rjs.de\/index.php?rest_route=\/wp\/v2\/posts"}],"about":[{"href":"https:\/\/fliegerblog.rjs.de\/index.php?rest_route=\/wp\/v2\/types\/post"}],"author":[{"embeddable":true,"href":"https:\/\/fliegerblog.rjs.de\/index.php?rest_route=\/wp\/v2\/users\/1"}],"replies":[{"embeddable":true,"href":"https:\/\/fliegerblog.rjs.de\/index.php?rest_route=%2Fwp%2Fv2%2Fcomments&post=265"}],"version-history":[{"count":0,"href":"https:\/\/fliegerblog.rjs.de\/index.php?rest_route=\/wp\/v2\/posts\/265\/revisions"}],"wp:attachment":[{"href":"https:\/\/fliegerblog.rjs.de\/index.php?rest_route=%2Fwp%2Fv2%2Fmedia&parent=265"}],"wp:term":[{"taxonomy":"category","embeddable":true,"href":"https:\/\/fliegerblog.rjs.de\/index.php?rest_route=%2Fwp%2Fv2%2Fcategories&post=265"},{"taxonomy":"post_tag","embeddable":true,"href":"https:\/\/fliegerblog.rjs.de\/index.php?rest_route=%2Fwp%2Fv2%2Ftags&post=265"}],"curies":[{"name":"wp","href":"https:\/\/api.w.org\/{rel}","templated":true}]}}