{"id":264,"date":"2009-11-19T19:48:37","date_gmt":"2009-11-19T18:48:37","guid":{"rendered":"http:\/\/www.rjs.de\/fliegerblog\/?p=264"},"modified":"2009-11-19T19:48:37","modified_gmt":"2009-11-19T18:48:37","slug":"fliegen-statt-arbeiten","status":"publish","type":"post","link":"https:\/\/fliegerblog.rjs.de\/?p=264","title":{"rendered":"Fliegen statt Arbeiten"},"content":{"rendered":"<p>Gestern habe ich mich ein bisschen ge\u00e4rgert, dass aus organisatorischen Gr\u00fcnden meine Schulung unterbrochen und 2 Tage auf die n\u00e4chste Woche verschoben werden mussten. Das hat sich heute relativiert, denn es gab strahlenden Sonnenschein und milde Temperaturen. Und S\u00fcdwind. So war ich um 13:00 Uhr am Hang in Reichenbach. Vor Ort kam der Wind zwar wie die letzten Male fast immer zu sehr aus Ost, aber trotzdem ging es teilweise saum\u00e4\u00dfig gut mit fliegen. Absolut geile Sache (vor allen Dingen bis ca. 14:30 Uhr). Und es waren &#8211; trotz normalem Werktag &#8211; etwa 10 Flieger am Hang.<br \/>\n<object width=\"425\" height=\"344\"><param name=\"movie\" value=\"http:\/\/www.youtube.com\/v\/2sALN-O-tr0&#038;hl=de&#038;fs=1\"><\/param><param name=\"allowFullScreen\" value=\"true\"><\/param><param name=\"allowscriptaccess\" value=\"always\"><\/param><\/object><\/p>\n<p>Ich hoffe mal auf morgen. Da soll es sogar noch besser werden.<\/p>\n","protected":false},"excerpt":{"rendered":"<p>Gestern habe ich mich ein bisschen ge\u00e4rgert, dass aus organisatorischen Gr\u00fcnden meine Schulung unterbrochen und 2 Tage auf die n\u00e4chste Woche verschoben werden mussten. Das hat sich heute relativiert, denn es gab strahlenden Sonnenschein und milde Temperaturen. Und S\u00fcdwind. So war ich um 13:00 Uhr am Hang in Reichenbach. Vor Ort kam der Wind zwar &hellip; <a href=\"https:\/\/fliegerblog.rjs.de\/?p=264\" class=\"more-link\"><span class=\"screen-reader-text\">\u201eFliegen statt Arbeiten\u201c<\/span> weiterlesen<\/a><\/p>\n","protected":false},"author":1,"featured_media":0,"comment_status":"open","ping_status":"open","sticky":false,"template":"","format":"standard","meta":{"jetpack_post_was_ever_published":false,"footnotes":"","jetpack_publicize_message":"","jetpack_is_tweetstorm":false,"jetpack_publicize_feature_enabled":true,"jetpack_social_options":[]},"categories":[2],"tags":[],"class_list":["post-264","post","type-post","status-publish","format-standard","hentry","category-allgemein"],"jetpack_publicize_connections":[],"jetpack_featured_media_url":"","jetpack_shortlink":"https:\/\/wp.me\/p788kK-4g","jetpack-related-posts":[{"id":1244,"url":"https:\/\/fliegerblog.rjs.de\/?p=1244","url_meta":{"origin":264,"position":0},"title":"Zu 80% ein Reinfall&#8230;","date":"April 2, 2017","format":false,"excerpt":"... aber die restlichen 20% haben den Tag sowas von gerettet. Es war heute Nordwind angesagt und wir waren schon ziemlich fr\u00fch am Hang in MF. Manche Flieger schon gegen 11:00 Uhr, aber ich bin erst nach dem Mittagessen hin und so 13:30 Uhr angekommen. Und das war eindeutig zu\u2026","rel":"","context":"\u00c4hnlicher Beitrag","img":{"alt_text":"","src":"https:\/\/i0.wp.com\/3.bp.blogspot.com\/-Ic7V5CDk9T4\/WOFMWS71oWI\/AAAAAAAADYE\/YWlwq-knUfUdxukQGe-HrDZ5KYe4W1jEACLcB\/s400\/IMG_20170402_181112.jpg?resize=350%2C200&ssl=1","width":350,"height":200},"classes":[]},{"id":1840,"url":"https:\/\/fliegerblog.rjs.de\/?p=1840","url_meta":{"origin":264,"position":1},"title":"Neuer (?!?) Hang","date":"August 5, 2021","format":false,"excerpt":"Heute habe ich etwas auf meiner To-Do-Liste, was ich unbedingt mal im Leben machen muss, abgearbeitet und was schon viele Jahre da drauf stand. Vermutlich schon seit meiner Kindheit. Die ganze Woche sieht nicht wirklich gut zum Fliegen aus und obwohl am Wochenende theoretisch sowohl in Singhofen als auch Wallertheim\u2026","rel":"","context":"\u00c4hnlicher Beitrag","img":{"alt_text":"","src":"","width":0,"height":0},"classes":[]},{"id":984,"url":"https:\/\/fliegerblog.rjs.de\/?p=984","url_meta":{"origin":264,"position":2},"title":"Spatz in der Hand &#8230;","date":"September 12, 2015","format":false,"excerpt":"... statt Traube am Weinstock ;-). F\u00fcr mich gab es heute drei Optionen, die alle ihren Reiz, aber auch ihre Unsicherheit und potentiellen Probleme hatten: Eschbach am SO-Hang Wallertheim an der Winde Reichenbach\u00a0 am S\/SW-Hang Der Wind sollte morgens aus Ost kommen und dann \u00fcber den Vormittag nach SO und\u2026","rel":"","context":"In &quot;Allgemein&quot;","img":{"alt_text":"","src":"","width":0,"height":0},"classes":[]},{"id":1510,"url":"https:\/\/fliegerblog.rjs.de\/?p=1510","url_meta":{"origin":264,"position":3},"title":"Seemann gr\u00fc\u00df mir die Flieger","date":"Oktober 13, 2018","format":false,"excerpt":"Das war heute verdammt schwer eine Entscheidung zu treffen, was man denn am besten macht. So richtig, richtig warm, geniale Sonne und Zeit. Dazu war Schleppen in Singhofen angesetzt und um 11 Uhr war da Treffen. Aber der Wind sollte aus SO kommen. Das ist genau quer zur Schleppstrecke. Und\u2026","rel":"","context":"\u00c4hnlicher Beitrag","img":{"alt_text":"","src":"https:\/\/i0.wp.com\/1.bp.blogspot.com\/-npGnvChQsW0\/W8IZiNZgfLI\/AAAAAAAAEK4\/Y1TcP-Vg4rwFl1ukfmTaYdVQ2-XeNqpvQCLcBGAs\/s320\/IMG_20181013_112207.jpg?resize=350%2C200&ssl=1","width":350,"height":200},"classes":[]},{"id":892,"url":"https:\/\/fliegerblog.rjs.de\/?p=892","url_meta":{"origin":264,"position":4},"title":"Eschbach zwischen Nebel und Sonne","date":"Februar 13, 2015","format":false,"excerpt":"Ich nehme im Moment zuhause ein Videotraining \u00fcber Programmierung in C auf, aber das geht nur, wenn es im Haus nicht zu laut wird. Nachdem meine Kidds wegen Fasching richtig fr\u00fch aus der Schule kamen, habe ich nicht mehr die notwendige Stille im Haus gehabt. Dazu war Wind aus S-SO\u2026","rel":"","context":"In &quot;Allgemein&quot;","img":{"alt_text":"","src":"https:\/\/i0.wp.com\/2.bp.blogspot.com\/-BPgrMHZweZA\/VN5XyzlVKlI\/AAAAAAAACU8\/f8L3r14nNqQ\/s1600\/IMG_20150213_131921.jpg?resize=350%2C200","width":350,"height":200},"classes":[]},{"id":1238,"url":"https:\/\/fliegerblog.rjs.de\/?p=1238","url_meta":{"origin":264,"position":5},"title":"Reichenbacher Traumwetter","date":"M\u00e4rz 28, 2017","format":false,"excerpt":"7 Sonnen stehen im Moment am Himmel und wer Zeit hat, geht irgendwie nach drau\u00dfen. Bei mir war die Zeit vorhanden und da S\u00fcdwind angesagt war, bin ich heute gegen 12:00 Uhr in Reichenbach am Hang angekommen. Bis etwa 15:00 Uhr sollte der Wind aus S\u00fcd kommen und erst dann\u2026","rel":"","context":"\u00c4hnlicher Beitrag","img":{"alt_text":"","src":"https:\/\/i0.wp.com\/1.bp.blogspot.com\/-OH7j5M5cYkk\/WNqgXRcBaUI\/AAAAAAAADW0\/3Ngs6li33j0ux4e5M9RlcD3wuOhIImmgwCLcB\/s320\/GOPR1312.JPG?resize=350%2C200&ssl=1","width":350,"height":200},"classes":[]}],"_links":{"self":[{"href":"https:\/\/fliegerblog.rjs.de\/index.php?rest_route=\/wp\/v2\/posts\/264","targetHints":{"allow":["GET"]}}],"collection":[{"href":"https:\/\/fliegerblog.rjs.de\/index.php?rest_route=\/wp\/v2\/posts"}],"about":[{"href":"https:\/\/fliegerblog.rjs.de\/index.php?rest_route=\/wp\/v2\/types\/post"}],"author":[{"embeddable":true,"href":"https:\/\/fliegerblog.rjs.de\/index.php?rest_route=\/wp\/v2\/users\/1"}],"replies":[{"embeddable":true,"href":"https:\/\/fliegerblog.rjs.de\/index.php?rest_route=%2Fwp%2Fv2%2Fcomments&post=264"}],"version-history":[{"count":0,"href":"https:\/\/fliegerblog.rjs.de\/index.php?rest_route=\/wp\/v2\/posts\/264\/revisions"}],"wp:attachment":[{"href":"https:\/\/fliegerblog.rjs.de\/index.php?rest_route=%2Fwp%2Fv2%2Fmedia&parent=264"}],"wp:term":[{"taxonomy":"category","embeddable":true,"href":"https:\/\/fliegerblog.rjs.de\/index.php?rest_route=%2Fwp%2Fv2%2Fcategories&post=264"},{"taxonomy":"post_tag","embeddable":true,"href":"https:\/\/fliegerblog.rjs.de\/index.php?rest_route=%2Fwp%2Fv2%2Ftags&post=264"}],"curies":[{"name":"wp","href":"https:\/\/api.w.org\/{rel}","templated":true}]}}