{"id":261,"date":"2009-11-08T18:10:57","date_gmt":"2009-11-08T17:10:57","guid":{"rendered":"http:\/\/www.rjs.de\/fliegerblog\/?p=261"},"modified":"2009-11-08T18:10:57","modified_gmt":"2009-11-08T17:10:57","slug":"rettung-wieder-neu-gepackt","status":"publish","type":"post","link":"https:\/\/fliegerblog.rjs.de\/?p=261","title":{"rendered":"Rettung wieder neu gepackt"},"content":{"rendered":"<p>Meine Rettung ist mal wieder neu gepackt. Me culpa &#8211; hab die Sache viel zu lange schleifen lassen. Aber jetzt habe ich sie bei www.Paragliding24.de l\u00fcften und packen lassen. War mit 20 EUR + Versand sehr g\u00fcnstig.<\/p>\n","protected":false},"excerpt":{"rendered":"<p>Meine Rettung ist mal wieder neu gepackt. Me culpa &#8211; hab die Sache viel zu lange schleifen lassen. Aber jetzt habe ich sie bei www.Paragliding24.de l\u00fcften und packen lassen. War mit 20 EUR + Versand sehr g\u00fcnstig.<\/p>\n","protected":false},"author":1,"featured_media":0,"comment_status":"open","ping_status":"open","sticky":false,"template":"","format":"standard","meta":{"jetpack_post_was_ever_published":false,"footnotes":"","jetpack_publicize_message":"","jetpack_is_tweetstorm":false,"jetpack_publicize_feature_enabled":true,"jetpack_social_options":[]},"categories":[2],"tags":[],"class_list":["post-261","post","type-post","status-publish","format-standard","hentry","category-allgemein"],"jetpack_publicize_connections":[],"jetpack_featured_media_url":"","jetpack_shortlink":"https:\/\/wp.me\/p788kK-4d","jetpack-related-posts":[{"id":2129,"url":"https:\/\/fliegerblog.rjs.de\/?p=2129","url_meta":{"origin":261,"position":0},"title":"Wurf &#038; Pack","date":"M\u00e4rz 1, 2025","format":false,"excerpt":"Wie seit mittlerweile 13 Jahren um den Feb.\/M\u00e4rz herum fand heute beim DGLC in der Turnhalle in FFM-Sachsenhausen das Werfen und Packen der Rettung statt. Da nehme ich recht regelm\u00e4\u00dfig teil. Ich denke, dass ich das schon gut 10x gemacht habe. Urspr\u00fcnglich war die Veranstaltung f\u00fcr das letzte Wochenende geplant,\u2026","rel":"","context":"\u00c4hnlicher Beitrag","img":{"alt_text":"","src":"https:\/\/i0.wp.com\/blogger.googleusercontent.com\/img\/b\/R29vZ2xl\/AVvXsEhppDgiaDJSlIau8mf1k4nuCBYnMx0WV19tKgvBBndQi6EjaQseXNwvyxbDcekKfh8VPwYwrnFSiar3BZ2G_uepezc_Y8m87KampWDyRLe_zeVGb5pby_y_tv5OIet1ARkaEtlCabG3yZki61ZdJBDQ5zkdk9ccTr7ewSwZ8qgR9-5KoNORdJ7LWRPkM2je\/w400-h300\/WhatsApp%20Image%202025-03-01%20at%2016.38.09.jpeg?resize=350%2C200&ssl=1","width":350,"height":200},"classes":[]},{"id":883,"url":"https:\/\/fliegerblog.rjs.de\/?p=883","url_meta":{"origin":261,"position":1},"title":"Rettungswerfen und -packen beim DGLC","date":"Januar 18, 2015","format":false,"excerpt":"Tja - wer konnte ahnen, dass heute gar nicht so schlechtes Flugwetter wird. In Reichenbach und Staudernheim sind sie gar nicht so schlecht geflogen, aber der DGLC hat f\u00fcr Anfang des Jahres in FFM zwei Termine f\u00fcr das Rettungswerfen und -packen angeboten und ich hatte mich f\u00fcr heute angemeldet. Meine\u2026","rel":"","context":"In &quot;Allgemein&quot;","img":{"alt_text":"","src":"","width":0,"height":0},"classes":[]},{"id":395,"url":"https:\/\/fliegerblog.rjs.de\/?p=395","url_meta":{"origin":261,"position":2},"title":"Packseminar","date":"Januar 29, 2011","format":false,"excerpt":"Mein Schirm ist immer noch nicht vom Check zur\u00fcck :-(. Werd noch ganz kirre, wenn ich nicht bald das Teil wieder habe. Heute hab ich aber meine Rettung neu gepackt. Oder genauer - ich habe an einem Packseminar in Schlossborn teilgenommen. Ist mehr oder weniger \u00fcber meinen Verein (bzw. einem\u2026","rel":"","context":"In &quot;Allgemein&quot;","img":{"alt_text":"","src":"","width":0,"height":0},"classes":[]},{"id":2055,"url":"https:\/\/fliegerblog.rjs.de\/?p=2055","url_meta":{"origin":261,"position":3},"title":"Rettungwerfen DGLC","date":"Februar 25, 2024","format":false,"excerpt":"Es ist z.Z. einfach ein Graus. Ich will keine Ausreden suchen, aber bin nat\u00fcrlich angefressen, dass ich es ewig nicht mehr in die Luft geschafft habe. Das muss sich \u00e4ndern. Aber heute war mal wieder das Werfen der Rettung im Verein angesetzt. Wie \u00fcblich in einer Schulturnhallte in Frankfurt. Da\u2026","rel":"","context":"\u00c4hnlicher Beitrag","img":{"alt_text":"","src":"https:\/\/i0.wp.com\/blogger.googleusercontent.com\/img\/b\/R29vZ2xl\/AVvXsEjpVJhOoU-9yOceZYy2giO9ojG9NBtSbgVyssdshtdKgb8MJwva4GaucqeeI-opYj4JQHLsBQMVBPUtIw65fxJrfNrrgef13GjgcY_3okSWefwigafNAbEkY1XOjWFrpUPWJpAzb6Q3yhZ-zrFS7oqXTtS8fxWPDR0sn3OHINP4RxV6C6H2abqRohWWR94b\/w400-h300\/b1.jpeg?resize=350%2C200&ssl=1","width":350,"height":200},"classes":[]},{"id":1908,"url":"https:\/\/fliegerblog.rjs.de\/?p=1908","url_meta":{"origin":261,"position":4},"title":"Wegwerfen, einsammeln, zusammenpacken","date":"M\u00e4rz 20, 2022","format":false,"excerpt":"Mein Schirm ist immer noch nicht vom Check zur\u00fcck. Ich habe zwischenzeitlich deshalb zwar ein paar Flugtage verpasst, aber im Grunde kaum Zeit gehabt und daher ist das nicht sonderlich \u00e4rgerlich. Ich hoffe nur, dass die lange Zeit Nichts zu bedeuten hat. Auf jeden Fall habe ich eben mal wieder\u2026","rel":"","context":"\u00c4hnlicher Beitrag","img":{"alt_text":"","src":"https:\/\/blogger.googleusercontent.com\/img\/a\/AVvXsEh2LnaC5oOift0R6bQ-KAj5BDsV5OkR1nK1lKsJNn4ikrv82uyluOLpSLOmEOFlervTbCW6dHe8kKLuKPF2VdZd77EwfApu5ThW9V4oKEZbeDG8WZVSf9f15PbXc1b85SZtMVce8LOydsF0aw4KCX6aOaGgQKmu6xsi5wXk7E7X7Ypebe4zejGE0_QOPw=s320","width":350,"height":200},"classes":[]},{"id":1833,"url":"https:\/\/fliegerblog.rjs.de\/?p=1833","url_meta":{"origin":261,"position":5},"title":"Werfen und packen der Rettung au\u00dfer der Reihe","date":"Juli 17, 2021","format":false,"excerpt":"\u00a0 Mein einer Verein veranstaltet seit ein paar Jahren jeden Winter in FFM in einer Schulturnhalle ein gemeinsames Packen der Rettung unter Aufsicht eines Fluglehrers samt vorangehendem Werfen der Rettung. Das nehme ich eigentlich sehr gerne und regelm\u00e4\u00dfig wahr, auch wenn ich zwischendurch meine Rettung immer wieder mal zum Packen\u2026","rel":"","context":"\u00c4hnlicher Beitrag","img":{"alt_text":"","src":"https:\/\/i0.wp.com\/1.bp.blogspot.com\/-di180BjEKhA\/YPMH-Dzz26I\/AAAAAAAAGNw\/OS28-xuQ4ZcB6ZJD-DrXjefow9KUZnS4gCLcBGAsYHQ\/w400-h300\/IMG_20210717_113355.jpg?resize=350%2C200&ssl=1","width":350,"height":200},"classes":[]}],"_links":{"self":[{"href":"https:\/\/fliegerblog.rjs.de\/index.php?rest_route=\/wp\/v2\/posts\/261","targetHints":{"allow":["GET"]}}],"collection":[{"href":"https:\/\/fliegerblog.rjs.de\/index.php?rest_route=\/wp\/v2\/posts"}],"about":[{"href":"https:\/\/fliegerblog.rjs.de\/index.php?rest_route=\/wp\/v2\/types\/post"}],"author":[{"embeddable":true,"href":"https:\/\/fliegerblog.rjs.de\/index.php?rest_route=\/wp\/v2\/users\/1"}],"replies":[{"embeddable":true,"href":"https:\/\/fliegerblog.rjs.de\/index.php?rest_route=%2Fwp%2Fv2%2Fcomments&post=261"}],"version-history":[{"count":0,"href":"https:\/\/fliegerblog.rjs.de\/index.php?rest_route=\/wp\/v2\/posts\/261\/revisions"}],"wp:attachment":[{"href":"https:\/\/fliegerblog.rjs.de\/index.php?rest_route=%2Fwp%2Fv2%2Fmedia&parent=261"}],"wp:term":[{"taxonomy":"category","embeddable":true,"href":"https:\/\/fliegerblog.rjs.de\/index.php?rest_route=%2Fwp%2Fv2%2Fcategories&post=261"},{"taxonomy":"post_tag","embeddable":true,"href":"https:\/\/fliegerblog.rjs.de\/index.php?rest_route=%2Fwp%2Fv2%2Ftags&post=261"}],"curies":[{"name":"wp","href":"https:\/\/api.w.org\/{rel}","templated":true}]}}