{"id":257,"date":"2009-10-31T16:57:32","date_gmt":"2009-10-31T15:57:32","guid":{"rendered":"http:\/\/www.rjs.de\/fliegerblog\/?p=257"},"modified":"2009-10-31T16:57:32","modified_gmt":"2009-10-31T15:57:32","slug":"sud-statt-ost","status":"publish","type":"post","link":"https:\/\/fliegerblog.rjs.de\/?p=257","title":{"rendered":"S\u00fcd statt Ost"},"content":{"rendered":"<p>Da der November mit schlechten Aussichten f\u00fcr das Wetter vor der T\u00fcr steht, wollte ich heute bei recht sonnigen Prognosen nochmal was machen. Wegen dem angek\u00fcndigten Ostwind dachte ich an KH. Wollte aber niemand mit.<br \/>\nClemens brachte dann unseren SW-Hang in Reichenbach ins Spiel. Hatte ich \u00fcberhaupt nicht auf dem Schirm. Aber nachdem er am Hang war und meldete, dass der Wind &#8211; entgegen allen Prognosen und Messwerten &#8211; auf dem Hang stand, bin ich um 12:30 Uhr auch hin. Hatte auch Bedenken, dass der Wind zu stark sein k\u00f6nnte, denn vor meiner Haust\u00fcr haben die B\u00e4ume gewackelt. Und am Hang? Schwachwindig mit Richtung von OSO &#8211; SSW. Es ging tats\u00e4chlich was. Nicht viel, aber so 6- 7 Abgleiter waren es schon. 15:00 Uhr war die Sache vorbei. Nullwind.<br \/>\nUnd wie immer &#8211; sch&#8230; auf die Prognosen und Messwerte. Man muss an den Hang gehen.<\/p>\n","protected":false},"excerpt":{"rendered":"<p>Da der November mit schlechten Aussichten f\u00fcr das Wetter vor der T\u00fcr steht, wollte ich heute bei recht sonnigen Prognosen nochmal was machen. Wegen dem angek\u00fcndigten Ostwind dachte ich an KH. Wollte aber niemand mit. Clemens brachte dann unseren SW-Hang in Reichenbach ins Spiel. Hatte ich \u00fcberhaupt nicht auf dem Schirm. Aber nachdem er am &hellip; <a href=\"https:\/\/fliegerblog.rjs.de\/?p=257\" class=\"more-link\"><span class=\"screen-reader-text\">\u201eS\u00fcd statt Ost\u201c<\/span> weiterlesen<\/a><\/p>\n","protected":false},"author":1,"featured_media":0,"comment_status":"open","ping_status":"open","sticky":false,"template":"","format":"standard","meta":{"jetpack_post_was_ever_published":false,"footnotes":"","jetpack_publicize_message":"","jetpack_is_tweetstorm":false,"jetpack_publicize_feature_enabled":true,"jetpack_social_options":[]},"categories":[2],"tags":[],"class_list":["post-257","post","type-post","status-publish","format-standard","hentry","category-allgemein"],"jetpack_publicize_connections":[],"jetpack_featured_media_url":"","jetpack_shortlink":"https:\/\/wp.me\/p788kK-49","jetpack-related-posts":[{"id":1858,"url":"https:\/\/fliegerblog.rjs.de\/?p=1858","url_meta":{"origin":257,"position":0},"title":"Regenabbruch","date":"September 26, 2021","format":false,"excerpt":"F\u00fcr heute sahen die Prognosen S\u00fcdwind voraus. Mit recht brauchbarer St\u00e4rke. Aber einige Prognosen haben auch f\u00fcr den Nachmittag eine herein ziehende Front vorhergesagt. Die Modelle waren sehr unterschiedlich, aber in der Tendenz sah es nach einem sch\u00f6nen Flugfenster zwischen 11:00 Uhr und 14:00 Uhr aus. Ab 14:00 Uhr waren\u2026","rel":"","context":"\u00c4hnlicher Beitrag","img":{"alt_text":"","src":"https:\/\/i0.wp.com\/1.bp.blogspot.com\/-x8d4bmyWlhQ\/YVB6BIn-R-I\/AAAAAAAAGVs\/x0-dCN3U7Ys90bnqlzmETRW49-KoRfuWACLcBGAsYHQ\/w400-h300\/reichenbach1632648841.240684.png?resize=350%2C200&ssl=1","width":350,"height":200},"classes":[]},{"id":1759,"url":"https:\/\/fliegerblog.rjs.de\/?p=1759","url_meta":{"origin":257,"position":1},"title":"Luftspr\u00fcnge im November","date":"November 18, 2020","format":false,"excerpt":"Endlich war ich mal wieder in Reichenbach. So wenig wie dieses Jahr hat es mich noch in keinem Flugjahr an den Hang gebracht. Ich glaube, das war heute erst das 2. Mal in 2020. Unglaublich. Am letzten Samstag wollte ich schon nach Reichenbach und hatte das bereits am Freitag in\u2026","rel":"","context":"\u00c4hnlicher Beitrag","img":{"alt_text":"","src":"","width":0,"height":0},"classes":[]},{"id":318,"url":"https:\/\/fliegerblog.rjs.de\/?p=318","url_meta":{"origin":257,"position":2},"title":"Am Ende war es doch gut","date":"Mai 15, 2010","format":false,"excerpt":"Die Prognosen f\u00fcr heute waren die letzten Tage ziemlich gut f\u00fcr MF. Zumindest in den Webdiensten, die ich angesehen habe. Nur die Wetterzentrale hatte f\u00fcr heute Nachmittag starken Nordwind mit B\u00f6en angesagt, der bis zum Abend auch noch zunehmen sollte. Heute morgen waren dann alle Prognosen darauf eingeschwenkt. Und so\u2026","rel":"","context":"In &quot;Allgemein&quot;","img":{"alt_text":"","src":"","width":0,"height":0},"classes":[]},{"id":1222,"url":"https:\/\/fliegerblog.rjs.de\/?p=1222","url_meta":{"origin":257,"position":3},"title":"Die T\u00fcte ist ok","date":"Februar 19, 2017","format":false,"excerpt":"Nachdem ich bei meinem letzten Flugtag den Schirm da abgelegt hatte, wo man freiwillig das garantiert nicht macht, konnte ich heute erst nachsehen, ob der Fluglappen bei der bescheidenen Aktion was abbekommen hatte. Aber gl\u00fccklicher (und eigentlich auch unerwarteter) Weise ist die T\u00fcte bei der Aktion vollkommen unbesch\u00e4digt geblieben. Weder\u2026","rel":"","context":"\u00c4hnlicher Beitrag","img":{"alt_text":"","src":"","width":0,"height":0},"classes":[]},{"id":1271,"url":"https:\/\/fliegerblog.rjs.de\/?p=1271","url_meta":{"origin":257,"position":4},"title":"Ereignisreicher Flugtag","date":"Juni 11, 2017","format":false,"excerpt":"Mit \u00fcber 30 Grad und schwachem S\u00fcdost, der \u00fcber den Mittag auf S\u00fcd drehen sollte, waren die Prognosen f\u00fcr Eschbach heute eigentlich nicht so gut. Au\u00dferdem meide ich den Hang an Wochenenden meist, weil sehr oft zu voll. Ich hatte mich deshalb zum Schleppen in Wallertheim angemeldet, aber das ist\u2026","rel":"","context":"\u00c4hnlicher Beitrag","img":{"alt_text":"","src":"https:\/\/i0.wp.com\/4.bp.blogspot.com\/-air7_j1VKjk\/WT194lP_jrI\/AAAAAAAADcc\/6LvySIgsTrw-WDnh2NN6kd0zblZKI0a-QCLcB\/s400\/GOPR3642.JPG?resize=350%2C200&ssl=1","width":350,"height":200},"classes":[]},{"id":847,"url":"https:\/\/fliegerblog.rjs.de\/?p=847","url_meta":{"origin":257,"position":5},"title":"\u00dcberraschend","date":"Oktober 14, 2014","format":false,"excerpt":"Die Bedingungen versprachen heute leichten S\u00fcdwind und deshalb bin ich nach Reichenbach gefahren. Die Prognosen sahen allerdings im Vorfeld nicht so gut aus, als dass ich ohne weiteren Termin im Taunus dahin gefahren w\u00e4re. Aber da ich sowieso meine Eltern besuchen wollte, war das schon 2\/3 vom Weg. Allerdings wurde\u2026","rel":"","context":"In &quot;Allgemein&quot;","img":{"alt_text":"","src":"","width":0,"height":0},"classes":[]}],"_links":{"self":[{"href":"https:\/\/fliegerblog.rjs.de\/index.php?rest_route=\/wp\/v2\/posts\/257","targetHints":{"allow":["GET"]}}],"collection":[{"href":"https:\/\/fliegerblog.rjs.de\/index.php?rest_route=\/wp\/v2\/posts"}],"about":[{"href":"https:\/\/fliegerblog.rjs.de\/index.php?rest_route=\/wp\/v2\/types\/post"}],"author":[{"embeddable":true,"href":"https:\/\/fliegerblog.rjs.de\/index.php?rest_route=\/wp\/v2\/users\/1"}],"replies":[{"embeddable":true,"href":"https:\/\/fliegerblog.rjs.de\/index.php?rest_route=%2Fwp%2Fv2%2Fcomments&post=257"}],"version-history":[{"count":0,"href":"https:\/\/fliegerblog.rjs.de\/index.php?rest_route=\/wp\/v2\/posts\/257\/revisions"}],"wp:attachment":[{"href":"https:\/\/fliegerblog.rjs.de\/index.php?rest_route=%2Fwp%2Fv2%2Fmedia&parent=257"}],"wp:term":[{"taxonomy":"category","embeddable":true,"href":"https:\/\/fliegerblog.rjs.de\/index.php?rest_route=%2Fwp%2Fv2%2Fcategories&post=257"},{"taxonomy":"post_tag","embeddable":true,"href":"https:\/\/fliegerblog.rjs.de\/index.php?rest_route=%2Fwp%2Fv2%2Ftags&post=257"}],"curies":[{"name":"wp","href":"https:\/\/api.w.org\/{rel}","templated":true}]}}