{"id":254,"date":"2009-10-25T18:05:04","date_gmt":"2009-10-25T17:05:04","guid":{"rendered":"http:\/\/www.rjs.de\/fliegerblog\/?p=254"},"modified":"2009-10-25T18:05:04","modified_gmt":"2009-10-25T17:05:04","slug":"schwerer-schaff-bei-westwind","status":"publish","type":"post","link":"https:\/\/fliegerblog.rjs.de\/?p=254","title":{"rendered":"Schwerer Schaff bei Westwind"},"content":{"rendered":"<p>Heute kam mal wieder nach totalem Nebel die Sonne durch. Wurde auch ziemlich warm am Nachmittag. Leider war der Wind \u00fcber den Tag sehr westlich. In Reichenbach gingen deshalb fast nur Abgleiter. Aber so 4 -5 davon waren zumindest teilweise recht hoch. Aber die Sache war recht m\u00fchsam und man musste wegen dem Wind teils ziemlich vorhalten. Auch das Starten hatte so seine T\u00fccken. Die sch\u00f6ne Sonne hat die Sache aber doch zu einem gelungenen Nachmittag gemacht. Und voll was es auch. Mindestens 10 Flieger am Hang.<\/p>\n","protected":false},"excerpt":{"rendered":"<p>Heute kam mal wieder nach totalem Nebel die Sonne durch. Wurde auch ziemlich warm am Nachmittag. Leider war der Wind \u00fcber den Tag sehr westlich. In Reichenbach gingen deshalb fast nur Abgleiter. Aber so 4 -5 davon waren zumindest teilweise recht hoch. Aber die Sache war recht m\u00fchsam und man musste wegen dem Wind teils &hellip; <a href=\"https:\/\/fliegerblog.rjs.de\/?p=254\" class=\"more-link\"><span class=\"screen-reader-text\">\u201eSchwerer Schaff bei Westwind\u201c<\/span> weiterlesen<\/a><\/p>\n","protected":false},"author":1,"featured_media":0,"comment_status":"open","ping_status":"open","sticky":false,"template":"","format":"standard","meta":{"jetpack_post_was_ever_published":false,"footnotes":"","jetpack_publicize_message":"","jetpack_is_tweetstorm":false,"jetpack_publicize_feature_enabled":true,"jetpack_social_options":[]},"categories":[2],"tags":[],"class_list":["post-254","post","type-post","status-publish","format-standard","hentry","category-allgemein"],"jetpack_publicize_connections":[],"jetpack_featured_media_url":"","jetpack_shortlink":"https:\/\/wp.me\/p788kK-46","jetpack-related-posts":[{"id":746,"url":"https:\/\/fliegerblog.rjs.de\/?p=746","url_meta":{"origin":254,"position":0},"title":"Das dritte Mal&#8230;","date":"M\u00e4rz 9, 2014","format":false,"excerpt":"die Woche habe ich es zum Fliegen geschafft. Ich bin im Moment in der gl\u00fccklichen Situation, dass ich meine Arbeit frei einteilen und damit recht gut unter der Woche fliegen gehen kann. Die Wochenenden sind eher das Problem, denn da fordern auch andere Sportarten und vor allen Dingen die Familie\u2026","rel":"","context":"In &quot;Allgemein&quot;","img":{"alt_text":"","src":"","width":0,"height":0},"classes":[]},{"id":832,"url":"https:\/\/fliegerblog.rjs.de\/?p=832","url_meta":{"origin":254,"position":1},"title":"Windige Winde in Laufenselden","date":"September 26, 2014","format":false,"excerpt":"Es sah heute morgen so sch\u00f6n sonnig aus und zudem war der Wind moderat, dass ich richtig gute Flugbedingungen f\u00fcr den Nachmittag in Laufenselden erwartet hatte. Nachdem der Schlepptermin ganz knapp zustande kam (nur 4 Flieger waren letztendlich da), waren die Bedingungen vor Ort aber nicht mehr so berauschend. \u00c4hnlich\u2026","rel":"","context":"In &quot;Allgemein&quot;","img":{"alt_text":"","src":"","width":0,"height":0},"classes":[]},{"id":917,"url":"https:\/\/fliegerblog.rjs.de\/?p=917","url_meta":{"origin":254,"position":2},"title":"Flieger, gr\u00fc\u00df mir die Sonne&#8230;","date":"April 21, 2015","format":false,"excerpt":"Das Lied h\u00e4tte heute gut gepasst. Mitte April und strahlende Sonne. Dazu der bisher w\u00e4rmste Tag des Jahres. Obwohl Nordwind anstand. Gegen 14:00 Uhr war ich als Erster am MFK, aber \u00fcber den Nachmittag kamen gut 10 Flieger an den Hang. Als ich kam war fast Windstille. Trotzdem konnte ich\u2026","rel":"","context":"In &quot;Allgemein&quot;","img":{"alt_text":"","src":"","width":0,"height":0},"classes":[]},{"id":1874,"url":"https:\/\/fliegerblog.rjs.de\/?p=1874","url_meta":{"origin":254,"position":3},"title":"November, S\u00fcdwind, Sonne und ganz viel los am Spielhang","date":"November 6, 2021","format":false,"excerpt":"Heute hat sich der Tag am Hang mal wieder richtig gelohnt. F\u00fcr November relativ warm, Aussichten auf recht guten S\u00fcdwind und vor allen Dingen sehr viel Sonne in den h\u00f6heren Lagen haben \u00fcber den Nachmittag eine ganze Armee an Fliegern an den Hang in Reichenbach gelockt. Sch\u00e4tze, dass wir gut\u2026","rel":"","context":"\u00c4hnlicher Beitrag","img":{"alt_text":"","src":"https:\/\/i0.wp.com\/1.bp.blogspot.com\/-a2xsMY-OEk0\/YYbGKlbpLyI\/AAAAAAAAGas\/pKMiAF9yzyk-APi2yXzNbNFYD_AUEqrtACLcBGAsYHQ\/w400-h300\/20211106_131534.JPG?resize=350%2C200&ssl=1","width":350,"height":200},"classes":[]},{"id":755,"url":"https:\/\/fliegerblog.rjs.de\/?p=755","url_meta":{"origin":254,"position":4},"title":"Stramme Sache","date":"April 7, 2014","format":false,"excerpt":"Nachdem es gestern so nett in Reichenbach war, ich mir seit ein paar Tagen (endlich) meine Arbeitszeiten wieder frei einteilen kann und das Wetter richtig sch\u00f6n aussah, bin ich gegen 13:00 uhr auch heute nochmal in Reichenbach am Hang gewesen. Als ich kam, stand der Wind genau auf den Hang.\u2026","rel":"","context":"In &quot;Allgemein&quot;","img":{"alt_text":"","src":"","width":0,"height":0},"classes":[]},{"id":594,"url":"https:\/\/fliegerblog.rjs.de\/?p=594","url_meta":{"origin":254,"position":5},"title":"Vollkreis in Reichenbach","date":"Oktober 1, 2012","format":false,"excerpt":"Was war das f\u00fcr ein geiler Altweibersommertag. Und es gab teilweise perfekte Bedingungen am Hang. Mein pers\u00f6nliches Highlight war ein Vollkreis \u00fcber der oberen Wiese. Das Ziel hatte ich schon lange, an so einem kleinen Hang mal einen Vollkreis hinzubekommen. Aber bisher habe ich mich nie getraut, wenn \u00fcberhaupt einmal\u2026","rel":"","context":"In &quot;Allgemein&quot;","img":{"alt_text":"","src":"https:\/\/i0.wp.com\/2.bp.blogspot.com\/-qNSAc5fIlNo\/UGnfjGRWwyI\/AAAAAAAABLQ\/DCOwg2apbos\/s320\/20121001_170526.jpg?resize=350%2C200","width":350,"height":200},"classes":[]}],"_links":{"self":[{"href":"https:\/\/fliegerblog.rjs.de\/index.php?rest_route=\/wp\/v2\/posts\/254","targetHints":{"allow":["GET"]}}],"collection":[{"href":"https:\/\/fliegerblog.rjs.de\/index.php?rest_route=\/wp\/v2\/posts"}],"about":[{"href":"https:\/\/fliegerblog.rjs.de\/index.php?rest_route=\/wp\/v2\/types\/post"}],"author":[{"embeddable":true,"href":"https:\/\/fliegerblog.rjs.de\/index.php?rest_route=\/wp\/v2\/users\/1"}],"replies":[{"embeddable":true,"href":"https:\/\/fliegerblog.rjs.de\/index.php?rest_route=%2Fwp%2Fv2%2Fcomments&post=254"}],"version-history":[{"count":0,"href":"https:\/\/fliegerblog.rjs.de\/index.php?rest_route=\/wp\/v2\/posts\/254\/revisions"}],"wp:attachment":[{"href":"https:\/\/fliegerblog.rjs.de\/index.php?rest_route=%2Fwp%2Fv2%2Fmedia&parent=254"}],"wp:term":[{"taxonomy":"category","embeddable":true,"href":"https:\/\/fliegerblog.rjs.de\/index.php?rest_route=%2Fwp%2Fv2%2Fcategories&post=254"},{"taxonomy":"post_tag","embeddable":true,"href":"https:\/\/fliegerblog.rjs.de\/index.php?rest_route=%2Fwp%2Fv2%2Ftags&post=254"}],"curies":[{"name":"wp","href":"https:\/\/api.w.org\/{rel}","templated":true}]}}