{"id":247,"date":"2009-10-18T16:47:20","date_gmt":"2009-10-18T15:47:20","guid":{"rendered":"http:\/\/www.rjs.de\/fliegerblog\/?p=247"},"modified":"2009-10-18T16:47:20","modified_gmt":"2009-10-18T15:47:20","slug":"sonnig-und-moderat","status":"publish","type":"post","link":"https:\/\/fliegerblog.rjs.de\/?p=247","title":{"rendered":"Sonnig und moderat"},"content":{"rendered":"<p>Heute ging die Nordwindphase zu Ende. Die Prognosen f\u00fcr heute haben zwischen schwachem und recht guten Nordwind geschwankt. Aber allgemein sollte es eher fr\u00fch denn sp\u00e4t passen. Und so waren wir schon ab etwa 10:30 Uhr am Hang in MF. \u00dcber den Tag waren etwa 12 Flieger da. <\/p>\n<p>Und die erste Zeit hat es auch ganz gut getragen. Gegen 12:30 Uhr ist der Wind eingeschlafen und immer nur mal kurz wieder aufgelebt. <\/p>\n<p>Insbesondere ab 12:30 Uhr gab es insgesamt sehr moderaten Wind. Aber sch\u00f6n sonnig war es. So bin ich bis ca. 16:00 Uhr ziemlich viele Abgleiter geflogen, die teilweise auch gar nicht so schlecht waren. <\/p>\n<p><object width=\"425\" height=\"344\"><param name=\"movie\" value=\"http:\/\/www.youtube.com\/v\/UmNQsYsrc0s&#038;hl=de&#038;fs=1&#038;\"><\/param><param name=\"allowFullScreen\" value=\"true\"><\/param><param name=\"allowscriptaccess\" value=\"always\"><\/param><\/object><\/p>\n<p>H\u00e4tte also heute vom Wind etwas st\u00e4rker sein k\u00f6nnen, war aber dennoch insgesamt ein sch\u00f6ner Tag am Hang.<\/p>\n","protected":false},"excerpt":{"rendered":"<p>Heute ging die Nordwindphase zu Ende. Die Prognosen f\u00fcr heute haben zwischen schwachem und recht guten Nordwind geschwankt. Aber allgemein sollte es eher fr\u00fch denn sp\u00e4t passen. Und so waren wir schon ab etwa 10:30 Uhr am Hang in MF. \u00dcber den Tag waren etwa 12 Flieger da. Und die erste Zeit hat es auch &hellip; <a href=\"https:\/\/fliegerblog.rjs.de\/?p=247\" class=\"more-link\"><span class=\"screen-reader-text\">\u201eSonnig und moderat\u201c<\/span> weiterlesen<\/a><\/p>\n","protected":false},"author":1,"featured_media":0,"comment_status":"open","ping_status":"open","sticky":false,"template":"","format":"standard","meta":{"jetpack_post_was_ever_published":false,"footnotes":"","jetpack_publicize_message":"","jetpack_is_tweetstorm":false,"jetpack_publicize_feature_enabled":true,"jetpack_social_options":[]},"categories":[2],"tags":[],"class_list":["post-247","post","type-post","status-publish","format-standard","hentry","category-allgemein"],"jetpack_publicize_connections":[],"jetpack_featured_media_url":"","jetpack_shortlink":"https:\/\/wp.me\/p788kK-3Z","jetpack-related-posts":[{"id":1010,"url":"https:\/\/fliegerblog.rjs.de\/?p=1010","url_meta":{"origin":247,"position":0},"title":"Zwischen November-Blues und Altweibersommer","date":"November 5, 2015","format":false,"excerpt":"Die letzten Tage hatten wir eine Inversionswetterlage. Im November heisst das meist, dass sich unten in den T\u00e4lern dichter Nebel bildet, w\u00e4hrend auf den Bergen es warm und sonnig ist. Die ganzen letzten Tage sind wir hier unten am Rhein in der Nebelsuppe fast abgesoffen und erfroren, w\u00e4hrend es im\u2026","rel":"","context":"In &quot;Allgemein&quot;","img":{"alt_text":"","src":"https:\/\/i0.wp.com\/2.bp.blogspot.com\/-OeStWG-iyN8\/Vjt95xE6luI\/AAAAAAAACuc\/JX4hh9al4XM\/s400\/IMG_20151105_114754.jpg?resize=350%2C200","width":350,"height":200},"classes":[]},{"id":477,"url":"https:\/\/fliegerblog.rjs.de\/?p=477","url_meta":{"origin":247,"position":1},"title":"Superbedingugen und Rekordfl\u00fcge ;-)","date":"September 21, 2011","format":false,"excerpt":"Heute bin ich um 14:00 Uhr am Hang in Reichenbach aufgelaufen. Wind war zwar schwach vorhergesagt (5 - 7 Knoten), aber aus der richtigen Richtung. Und da es sonnig war, konnte man Thermik erwarten. Und in der Tat stand der Wind perfekt als ich kam. Ich war die ersten 20\u2026","rel":"","context":"In &quot;Allgemein&quot;","img":{"alt_text":"","src":"","width":0,"height":0},"classes":[]},{"id":95,"url":"https:\/\/fliegerblog.rjs.de\/?p=95","url_meta":{"origin":247,"position":2},"title":"Versprochen und gehalten","date":"Juli 31, 2007","format":false,"excerpt":"Endlich mal ein Tag, der das gehalten hat, was er im Vorfeld versprach. Gute NW und Thermik waren angek\u00fcndigt (immer ein Fall f\u00fcr MF) und genau das haben wir bekommen. Obwohl - mit der Thermik war es zeitweise sogar zuviel des Guten. Hauke war zur Mittagsessenszeit alleine am Hang und\u2026","rel":"","context":"In &quot;Allgemein&quot;","img":{"alt_text":"","src":"","width":0,"height":0},"classes":[]},{"id":229,"url":"https:\/\/fliegerblog.rjs.de\/?p=229","url_meta":{"origin":247,"position":3},"title":"Rot-Blau","date":"September 7, 2009","format":false,"excerpt":"War heute ab 16:00 Uhr in Reichenbach. Nett war es. Der Wind war zwar schwach, hat aber von der Richtung gut gepasst und getragen hat es auch einigerma\u00dfen. Gingen ein paar nette Abgleiter und einige Male konnte man auch oben hin- und herkurven. Und es war sch\u00f6n warm und sonnig.\u2026","rel":"","context":"In &quot;Allgemein&quot;","img":{"alt_text":"","src":"","width":0,"height":0},"classes":[]},{"id":1257,"url":"https:\/\/fliegerblog.rjs.de\/?p=1257","url_meta":{"origin":247,"position":4},"title":"Sportlich und kurz","date":"Mai 17, 2017","format":false,"excerpt":"Der Wind kam heute aus SO und es war angek\u00fcndigt, dass er \u00fcber den Tag zunehmen sollte. Auch waren die angek\u00fcndigten B\u00f6en nicht ohne und \u00a0die sollten im Laufe des Tages nicht nachlassen, sondern eher sogar zunehmen. Ich war deshalb schon 11:30 Uhr in Eschbach am Hang. Der Wind stand\u2026","rel":"","context":"\u00c4hnlicher Beitrag","img":{"alt_text":"","src":"https:\/\/i0.wp.com\/1.bp.blogspot.com\/-n1p3mMWmRkI\/WRxqZbqIBFI\/AAAAAAAADaQ\/iR-IlpGE9UA2cuykm7RKxTYWC8HVChJCgCLcB\/s400\/GOPR2727.JPG?resize=350%2C200&ssl=1","width":350,"height":200},"classes":[]},{"id":194,"url":"https:\/\/fliegerblog.rjs.de\/?p=194","url_meta":{"origin":247,"position":5},"title":"Warm, sonnig, thermisch","date":"Juni 25, 2009","format":false,"excerpt":"Endlich hat mal wieder ein Schlepptermin geklappt. Ich war heute ab 16:00 Uhr in Neu Anspach auf dem Flughafen. Waren fast ideale Bedingungen. Warm, sonnig, thermisch. Leider konnten wir die guten Gegebenheiten aber nur bedingt ausnutzen. Die Fliegertruppe war zwar recht klein, aber dennoch kam es durch insgesamt 5 Seilrisse\u2026","rel":"","context":"In &quot;Allgemein&quot;","img":{"alt_text":"","src":"","width":0,"height":0},"classes":[]}],"_links":{"self":[{"href":"https:\/\/fliegerblog.rjs.de\/index.php?rest_route=\/wp\/v2\/posts\/247","targetHints":{"allow":["GET"]}}],"collection":[{"href":"https:\/\/fliegerblog.rjs.de\/index.php?rest_route=\/wp\/v2\/posts"}],"about":[{"href":"https:\/\/fliegerblog.rjs.de\/index.php?rest_route=\/wp\/v2\/types\/post"}],"author":[{"embeddable":true,"href":"https:\/\/fliegerblog.rjs.de\/index.php?rest_route=\/wp\/v2\/users\/1"}],"replies":[{"embeddable":true,"href":"https:\/\/fliegerblog.rjs.de\/index.php?rest_route=%2Fwp%2Fv2%2Fcomments&post=247"}],"version-history":[{"count":0,"href":"https:\/\/fliegerblog.rjs.de\/index.php?rest_route=\/wp\/v2\/posts\/247\/revisions"}],"wp:attachment":[{"href":"https:\/\/fliegerblog.rjs.de\/index.php?rest_route=%2Fwp%2Fv2%2Fmedia&parent=247"}],"wp:term":[{"taxonomy":"category","embeddable":true,"href":"https:\/\/fliegerblog.rjs.de\/index.php?rest_route=%2Fwp%2Fv2%2Fcategories&post=247"},{"taxonomy":"post_tag","embeddable":true,"href":"https:\/\/fliegerblog.rjs.de\/index.php?rest_route=%2Fwp%2Fv2%2Ftags&post=247"}],"curies":[{"name":"wp","href":"https:\/\/api.w.org\/{rel}","templated":true}]}}