{"id":246,"date":"2009-10-15T21:16:36","date_gmt":"2009-10-15T20:16:36","guid":{"rendered":"http:\/\/www.rjs.de\/fliegerblog\/?p=246"},"modified":"2009-10-15T21:16:36","modified_gmt":"2009-10-15T20:16:36","slug":"nordwindtag-am-hang","status":"publish","type":"post","link":"https:\/\/fliegerblog.rjs.de\/?p=246","title":{"rendered":"Nordwindtag am Hang"},"content":{"rendered":"<p>Die letzten Tage stand schon Nordwind an. Und gestern sind sie hervorragend geflogen, wie ich geh\u00f6rt habe. Musste allerdings arbeiten. Heute hatte ich aber den ganzen Tag freigehalten und war schon um 11:00 Uhr am Hang. Ging auch ne gute Stunde richtig gut zu fliegen. Dann ist der Wind zu sehr auf West gegangen und eingeschlafen. Aber etwa eine Stunde sp\u00e4ter drehte er zur\u00fcck und nahm auch zu. Pl\u00f6tzlich ging sogar starten auf der Landewiese und steigen \u00fcber Startplatzh\u00f6he. Nach einer Weile jedoch wurde es thermisch und der Wind nahm zu. Dummer Weise war ich zu dem Zeitpunkt gerade an der unteren Kante gestartet. Zuerst habe ich mich gefreut, dass es gut aufi ging. Aber dann kamen mir ob des immer schneller werdenden Windrads Bedenken und ich wollte eigentlich runter. Nur hat mich mein Speedsystem im Stich gelassen &#8211; hatte das Seil verk\u00fcrzt und so einen Druck auf dem System, dass die Verk\u00fcrzung aufgegangen ist und ich kaum beschleunigen konnte \ud83d\ude41 &#8211; und die Ohren habe ich auch nicht richtig reinbekommen (war einfach zu bl\u00f6d in dem Moment). Nachdem es gro\u00dffl\u00e4chig nur hoch ging, bin ich dann Richtung NO-Hang abged\u00fcst und dort gelandet. Hab aber mal wieder einiges bei der Sache gelernt.<\/p>\n<p>Nach meinem Flug wollte dann auch kein anderer Flieger mehr raus. Der Wind hat auch immer mehr zugenommen und selbst mit meinem 1,8-qm-Kite hatte ich \u00fcber die n\u00e4chsten Stunden tierisch Druck. Wir haben bis kurz vor 18:00 Uhr gewartet und uns gegenseitig Muffe gemacht, bis der Wind wieder moderat wurde. Dann ging es nochmal ganz nett, um leider schnell total nachzulassen. Aber ne gute Stunde konnten wir noch spielen. <\/p>\n","protected":false},"excerpt":{"rendered":"<p>Die letzten Tage stand schon Nordwind an. Und gestern sind sie hervorragend geflogen, wie ich geh\u00f6rt habe. Musste allerdings arbeiten. Heute hatte ich aber den ganzen Tag freigehalten und war schon um 11:00 Uhr am Hang. Ging auch ne gute Stunde richtig gut zu fliegen. Dann ist der Wind zu sehr auf West gegangen und &hellip; <a href=\"https:\/\/fliegerblog.rjs.de\/?p=246\" class=\"more-link\"><span class=\"screen-reader-text\">\u201eNordwindtag am Hang\u201c<\/span> weiterlesen<\/a><\/p>\n","protected":false},"author":1,"featured_media":0,"comment_status":"open","ping_status":"open","sticky":false,"template":"","format":"standard","meta":{"jetpack_post_was_ever_published":false,"footnotes":"","jetpack_publicize_message":"","jetpack_is_tweetstorm":false,"jetpack_publicize_feature_enabled":true,"jetpack_social_options":[]},"categories":[2],"tags":[],"class_list":["post-246","post","type-post","status-publish","format-standard","hentry","category-allgemein"],"jetpack_publicize_connections":[],"jetpack_featured_media_url":"","jetpack_shortlink":"https:\/\/wp.me\/p788kK-3Y","jetpack-related-posts":[{"id":1628,"url":"https:\/\/fliegerblog.rjs.de\/?p=1628","url_meta":{"origin":246,"position":0},"title":"Winde oder Hang? Beides!","date":"Juli 14, 2019","format":false,"excerpt":"Aber beides irgendwie suboptimal heute. Es war Schleppen in Singhofen angesetzt und ich hatte mich sehr fr\u00fchzeitig daf\u00fcr gemeldet. Denn die Prognosen sahen stabil und gar nicht schlecht aus. Aber da der Wind gar nicht so schwach werden und aus Nord kommen sollte, bin ich schon mit einem Plan B\u2026","rel":"","context":"\u00c4hnlicher Beitrag","img":{"alt_text":"","src":"https:\/\/i0.wp.com\/1.bp.blogspot.com\/-qbgD-Zk7bZE\/XStaqVfbrmI\/AAAAAAAAE5U\/2LwmNVX2O20Vashbr1LGMoS26YF9NbeYQCLcBGAs\/s320\/GOPR9985.JPG?resize=350%2C200&ssl=1","width":350,"height":200},"classes":[]},{"id":1571,"url":"https:\/\/fliegerblog.rjs.de\/?p=1571","url_meta":{"origin":246,"position":1},"title":"Der bessere Tag","date":"M\u00e4rz 24, 2019","format":false,"excerpt":"Das war auch heute kein Highlight, aber geben\u00fcber gestern definitiv der bessere Tag des Wochenendes. Ich war gegen 12:00 Uhr wieder am Hang in MF. Als zweiter Pilot, wobei es sich dann den Tag \u00fcber auf vielleicht fast 20 Piloten aufgestockt hat. Ich habe direkt ausgepackt und obwohl nur ganz\u2026","rel":"","context":"\u00c4hnlicher Beitrag","img":{"alt_text":"","src":"https:\/\/i0.wp.com\/4.bp.blogspot.com\/-dfeG-fQQDC0\/XJfC9Wx1oVI\/AAAAAAAAEkE\/RlEYU6X-SS0IEE31gf_w49EX8mKG8RHBACLcBGAs\/s320\/GOPR6601.JPG?resize=350%2C200&ssl=1","width":350,"height":200},"classes":[]},{"id":1105,"url":"https:\/\/fliegerblog.rjs.de\/?p=1105","url_meta":{"origin":246,"position":2},"title":"Schneefliegen","date":"Januar 17, 2016","format":false,"excerpt":"Ich hatte Anfang der Woche zwar gesehen, dass f\u00fcr dieses Wochenende Nordwind angek\u00fcndigt war. Aber es sah f\u00fcr mich aus als w\u00fcrde es viel zu stark und b\u00f6ig. Gestern Abend ging aber ein Post auf WhatsApp raus, ob heute MFK ging? Also doch nochmal geschaut und es sah mir immer\u2026","rel":"","context":"\u00c4hnlicher Beitrag","img":{"alt_text":"","src":"","width":0,"height":0},"classes":[]},{"id":609,"url":"https:\/\/fliegerblog.rjs.de\/?p=609","url_meta":{"origin":246,"position":3},"title":"Das m\u00fcsste der Jahresabschluss gewesen sein &#8211; und der war gar nicht so schlecht","date":"Dezember 29, 2012","format":false,"excerpt":"Oh man, ich war ja ewig nicht mehr richtig mit dem Schirm in der Luft. Am 1. Dezember habe ich kurz am Hang gespielt und Mitte Oktober gab es einen mittelschwachen Flugtag in Reichenbach. Anfang Oktober war somit der letzte richtige Flugtag f\u00fcr mich gewesen. Klar - die Sp\u00e4therbst- und\u2026","rel":"","context":"In &quot;Allgemein&quot;","img":{"alt_text":"","src":"https:\/\/i0.wp.com\/3.bp.blogspot.com\/-S4EYK47t1Ak\/UN8gmXksVCI\/AAAAAAAABPY\/WTG5msR9GaY\/s320\/20121229_121349.jpg?resize=350%2C200","width":350,"height":200},"classes":[]},{"id":310,"url":"https:\/\/fliegerblog.rjs.de\/?p=310","url_meta":{"origin":246,"position":4},"title":"Gut war es","date":"April 9, 2010","format":false,"excerpt":"Seit gestern ist Nordwind angesagt. Und wie ich mitbekommen habe, ging es auch gestern schon nett zu fliegen. War da aber anderweitig unterwegs. Aber heute waren wir gegen 13:15 Uhr am Hang in MF. Im Vorfeld wurde in der Diskussion zu heute vermutet, dass der Wind recht schwach w\u00fcrde. In\u2026","rel":"","context":"In &quot;Allgemein&quot;","img":{"alt_text":"","src":"","width":0,"height":0},"classes":[]},{"id":1963,"url":"https:\/\/fliegerblog.rjs.de\/?p=1963","url_meta":{"origin":246,"position":5},"title":"Naja","date":"Oktober 7, 2022","format":false,"excerpt":"Das h\u00e4tte heute besser, aber auch schlechter sein k\u00f6nnen. Ich habe mich f\u00fcr morgen zum Schleppen in Singhofen angemeldet, aber wegen der wirklich nicht optimalen Prognosen wurde die Sache vorhin abgesagt. Eventuell kommt am Sonntag das Schleppen in Wallertheim zustande, aber da habe ich mich schon f\u00fcr ein Sportfest im\u2026","rel":"","context":"\u00c4hnlicher Beitrag","img":{"alt_text":"","src":"https:\/\/i0.wp.com\/blogger.googleusercontent.com\/img\/b\/R29vZ2xl\/AVvXsEi_bpxGd35e4HS7kSENnsCv7oltC6VoyPuUPbEO6-DFKWWXv1MQQpufKjTYD73TII009evsKVwAneK0fePGzBLfrjxqGrtumwZHcs-M-jZRwfNG2MjkBZ2-zuZ8-pqacEcSdHd0ouPhqnr3_t5ZvsQA1ogiaI7a3ROUvO1Tb0ttwYLoroQ2-JGm23oAXA\/s320\/reichenbach1665147361.980348.jpg?resize=350%2C200&ssl=1","width":350,"height":200},"classes":[]}],"_links":{"self":[{"href":"https:\/\/fliegerblog.rjs.de\/index.php?rest_route=\/wp\/v2\/posts\/246","targetHints":{"allow":["GET"]}}],"collection":[{"href":"https:\/\/fliegerblog.rjs.de\/index.php?rest_route=\/wp\/v2\/posts"}],"about":[{"href":"https:\/\/fliegerblog.rjs.de\/index.php?rest_route=\/wp\/v2\/types\/post"}],"author":[{"embeddable":true,"href":"https:\/\/fliegerblog.rjs.de\/index.php?rest_route=\/wp\/v2\/users\/1"}],"replies":[{"embeddable":true,"href":"https:\/\/fliegerblog.rjs.de\/index.php?rest_route=%2Fwp%2Fv2%2Fcomments&post=246"}],"version-history":[{"count":0,"href":"https:\/\/fliegerblog.rjs.de\/index.php?rest_route=\/wp\/v2\/posts\/246\/revisions"}],"wp:attachment":[{"href":"https:\/\/fliegerblog.rjs.de\/index.php?rest_route=%2Fwp%2Fv2%2Fmedia&parent=246"}],"wp:term":[{"taxonomy":"category","embeddable":true,"href":"https:\/\/fliegerblog.rjs.de\/index.php?rest_route=%2Fwp%2Fv2%2Fcategories&post=246"},{"taxonomy":"post_tag","embeddable":true,"href":"https:\/\/fliegerblog.rjs.de\/index.php?rest_route=%2Fwp%2Fv2%2Ftags&post=246"}],"curies":[{"name":"wp","href":"https:\/\/api.w.org\/{rel}","templated":true}]}}