{"id":235,"date":"2009-10-01T20:18:26","date_gmt":"2009-10-01T19:18:26","guid":{"rendered":"http:\/\/www.rjs.de\/fliegerblog\/?p=235"},"modified":"2009-10-01T20:18:26","modified_gmt":"2009-10-01T19:18:26","slug":"gar-nicht-schlecht","status":"publish","type":"post","link":"https:\/\/fliegerblog.rjs.de\/?p=235","title":{"rendered":"Gar nicht schlecht"},"content":{"rendered":"<p>Waren heute so gegen 16:00 Uhr in MF am Hang. Hatte gerade aufgeh\u00f6rt zu regnen und der Wind direkt optimal gepasst. So eine gute Stunde waren die Bedingungen richtig gut. Keine perfekten Flugbedingungen, aber es ging gar nicht schlecht. Dann hatte es etwas geregnet und danach gingen nur noch ein paar Abgleiter. Als es dunkel wurde, haben wir eingepackt. <\/p>\n","protected":false},"excerpt":{"rendered":"<p>Waren heute so gegen 16:00 Uhr in MF am Hang. Hatte gerade aufgeh\u00f6rt zu regnen und der Wind direkt optimal gepasst. So eine gute Stunde waren die Bedingungen richtig gut. Keine perfekten Flugbedingungen, aber es ging gar nicht schlecht. Dann hatte es etwas geregnet und danach gingen nur noch ein paar Abgleiter. Als es dunkel &hellip; <a href=\"https:\/\/fliegerblog.rjs.de\/?p=235\" class=\"more-link\"><span class=\"screen-reader-text\">\u201eGar nicht schlecht\u201c<\/span> weiterlesen<\/a><\/p>\n","protected":false},"author":1,"featured_media":0,"comment_status":"open","ping_status":"open","sticky":false,"template":"","format":"standard","meta":{"jetpack_post_was_ever_published":false,"footnotes":"","jetpack_publicize_message":"","jetpack_is_tweetstorm":false,"jetpack_publicize_feature_enabled":true,"jetpack_social_options":[]},"categories":[2],"tags":[],"class_list":["post-235","post","type-post","status-publish","format-standard","hentry","category-allgemein"],"jetpack_publicize_connections":[],"jetpack_featured_media_url":"","jetpack_shortlink":"https:\/\/wp.me\/p788kK-3N","jetpack-related-posts":[{"id":173,"url":"https:\/\/fliegerblog.rjs.de\/?p=173","url_meta":{"origin":235,"position":0},"title":"Sp\u00e4t kam es, aber es kam","date":"April 13, 2009","format":false,"excerpt":"Waren gegen 11:45 Uhr am Hang in MF. War schwacher NW angek\u00fcndigt, der gegen 14:30 immer mehr auf Ost gehen sollte. Und der Wind war auch schwach. Ich hatte auf die Sonne gehofft, aber der Dunst ist einfach nicht weggegangen. Schwache Abgleiter und gelegentlich mal etwas Gl\u00fcck mit einer Miniabl\u00f6sung.\u2026","rel":"","context":"In &quot;Allgemein&quot;","img":{"alt_text":"","src":"","width":0,"height":0},"classes":[]},{"id":1577,"url":"https:\/\/fliegerblog.rjs.de\/?p=1577","url_meta":{"origin":235,"position":1},"title":"Hang statt Winde","date":"April 6, 2019","format":false,"excerpt":"F\u00fcr das Wochenende waren sowohl f\u00fcr Samstag als auch Sonntag Schlepptermine in Singhofen und Wallertheim angesetzt. Aber f\u00fcr den heutigen Samstag sind beide ausgefallen. Ich hatte aber sowieso in Eppstein einen Zahnarzttermin am Vormittag und w\u00e4re damit ohnehin sp\u00e4ter erst da gewesen. Und zudem w\u00e4re in Singhofen der Wind voll\u2026","rel":"","context":"\u00c4hnlicher Beitrag","img":{"alt_text":"","src":"https:\/\/i0.wp.com\/4.bp.blogspot.com\/-QTySTWzjcNY\/XKi-Lu1gISI\/AAAAAAAAEl8\/y9TFVkGpqFE7-d_9stkVc9UDbMuuWO5ywCLcBGAs\/s320\/GOPR6959.JPG?resize=350%2C200&ssl=1","width":350,"height":200},"classes":[]},{"id":1505,"url":"https:\/\/fliegerblog.rjs.de\/?p=1505","url_meta":{"origin":235,"position":2},"title":"Goldiger Oktober","date":"Oktober 5, 2018","format":false,"excerpt":"Der Oktober gibt nochmal alles. Leider war es gestern definitiv zu schwachwindig, aber f\u00fcr heute waren die Prognosen nicht schlecht. Eigentlich wollte ich unbedingt mal wieder auf die Wasserkuppe, denn obwohl ich da meine Ausbildung gemacht hatte, bin ich als Freiflieger kaum noch auf der Waku gewesen. Und die Aussichten\u2026","rel":"","context":"\u00c4hnlicher Beitrag","img":{"alt_text":"","src":"https:\/\/i0.wp.com\/1.bp.blogspot.com\/-VZfha2s8Gag\/W7egVtuJh6I\/AAAAAAAAEJY\/OqW7OgY-d0sYbBVrzHvQj-w7MCDXR1qDgCLcBGAs\/s400\/IMG_20181005_122130.jpg?resize=350%2C200&ssl=1","width":350,"height":200},"classes":[]},{"id":579,"url":"https:\/\/fliegerblog.rjs.de\/?p=579","url_meta":{"origin":235,"position":3},"title":"Bisschen m\u00fcder Schleppnachmittag","date":"September 6, 2012","format":false,"excerpt":"Irgendwie war ich heute noch zu satt von dem genialen Tag am Hang gestern in MF. Dazu hatte ich mich da b\u00f6s erkl\u00e4ltet und von daher war ich nicht richtig hungrig auf die Fl\u00fcge an der Winde in Neu-Anspach. Es schien mir, als waren aber auch die anderen Flieger heute\u2026","rel":"","context":"In &quot;Allgemein&quot;","img":{"alt_text":"","src":"","width":0,"height":0},"classes":[]},{"id":1672,"url":"https:\/\/fliegerblog.rjs.de\/?p=1672","url_meta":{"origin":235,"position":4},"title":"Das Ende der Schleppsaison ist wieder nahe &#8230;","date":"Oktober 24, 2019","format":false,"excerpt":"... aber heute konnte ich nochmal das sch\u00f6ne Wetter ausnutzen und zu dem kurzfristig angesetzten Schleppen nach Neu-Anspach fahren.\u00a0 Da hatte ich dieses Jahr die Schleppsaison begonnen und - wenn es nicht noch ein paar Termine in Singhofen, Wallertheim oder sonst gibt - da habe damit heute also das Ende\u2026","rel":"","context":"\u00c4hnlicher Beitrag","img":{"alt_text":"","src":"https:\/\/i0.wp.com\/1.bp.blogspot.com\/-sOVeFfKq0rI\/XbHfRLJy4qI\/AAAAAAAAFGg\/MwIv9yihO7MuOBfMwe6kk-UmCxUj9likQCLcBGAsYHQ\/s320\/GOPR2392.JPG?resize=350%2C200&ssl=1","width":350,"height":200},"classes":[]},{"id":1346,"url":"https:\/\/fliegerblog.rjs.de\/?p=1346","url_meta":{"origin":235,"position":5},"title":"Nochmal Schleppen in Singhofen","date":"Oktober 31, 2017","format":false,"excerpt":"Wegen des Feiertags konnten wir heute noch einmal Schleppen in Singhofen. Wir waren seit der Freigabe des Platzes f\u00fcr uns vor einige Wochen jetzt schon 3x da, aber heute sollte es das meines Erachtens f\u00fcr die Schleppsaison da gewesen sein. Auch die anderen Schlepplocations d\u00fcrften so langsam die Winterpause einl\u00e4uten\u2026","rel":"","context":"\u00c4hnlicher Beitrag","img":{"alt_text":"","src":"https:\/\/i0.wp.com\/2.bp.blogspot.com\/-N9TR-rtmOYA\/Wfia7jDmOPI\/AAAAAAAADp0\/iDigFGKYqqkuqxwTBXEJa6XPmIHRnCPogCLcBGAs\/s320\/GOPR7766.JPG?resize=350%2C200&ssl=1","width":350,"height":200},"classes":[]}],"_links":{"self":[{"href":"https:\/\/fliegerblog.rjs.de\/index.php?rest_route=\/wp\/v2\/posts\/235","targetHints":{"allow":["GET"]}}],"collection":[{"href":"https:\/\/fliegerblog.rjs.de\/index.php?rest_route=\/wp\/v2\/posts"}],"about":[{"href":"https:\/\/fliegerblog.rjs.de\/index.php?rest_route=\/wp\/v2\/types\/post"}],"author":[{"embeddable":true,"href":"https:\/\/fliegerblog.rjs.de\/index.php?rest_route=\/wp\/v2\/users\/1"}],"replies":[{"embeddable":true,"href":"https:\/\/fliegerblog.rjs.de\/index.php?rest_route=%2Fwp%2Fv2%2Fcomments&post=235"}],"version-history":[{"count":0,"href":"https:\/\/fliegerblog.rjs.de\/index.php?rest_route=\/wp\/v2\/posts\/235\/revisions"}],"wp:attachment":[{"href":"https:\/\/fliegerblog.rjs.de\/index.php?rest_route=%2Fwp%2Fv2%2Fmedia&parent=235"}],"wp:term":[{"taxonomy":"category","embeddable":true,"href":"https:\/\/fliegerblog.rjs.de\/index.php?rest_route=%2Fwp%2Fv2%2Fcategories&post=235"},{"taxonomy":"post_tag","embeddable":true,"href":"https:\/\/fliegerblog.rjs.de\/index.php?rest_route=%2Fwp%2Fv2%2Ftags&post=235"}],"curies":[{"name":"wp","href":"https:\/\/api.w.org\/{rel}","templated":true}]}}