{"id":2139,"date":"2025-03-21T07:00:07","date_gmt":"2025-03-21T07:00:07","guid":{"rendered":"https:\/\/fliegerblog.rjs.de\/?p=2139"},"modified":"2025-03-21T07:00:07","modified_gmt":"2025-03-21T07:00:07","slug":"schirm-back","status":"publish","type":"post","link":"https:\/\/fliegerblog.rjs.de\/?p=2139","title":{"rendered":"Schirm back"},"content":{"rendered":"<p><strong>Mein Gleitschirm ist wieder da. Die Tuchwerte sind grenzwertig, aber er ist noch fliegbar. Aber in einem Jahr muss ich mir Gedanken machen.<\/strong><\/p>\n","protected":false},"excerpt":{"rendered":"<p>Mein Gleitschirm ist wieder da. Die Tuchwerte sind grenzwertig, aber er ist noch fliegbar. Aber in einem Jahr muss ich mir Gedanken machen.<\/p>\n","protected":false},"author":1,"featured_media":0,"comment_status":"closed","ping_status":"open","sticky":false,"template":"","format":"standard","meta":{"jetpack_post_was_ever_published":false,"footnotes":"","jetpack_publicize_message":"","jetpack_is_tweetstorm":false,"jetpack_publicize_feature_enabled":true,"jetpack_social_options":[]},"categories":[1],"tags":[],"class_list":["post-2139","post","type-post","status-publish","format-standard","hentry","category-uncategorized"],"jetpack_publicize_connections":[],"jetpack_featured_media_url":"","jetpack_shortlink":"https:\/\/wp.me\/p788kK-yv","jetpack-related-posts":[{"id":146,"url":"https:\/\/fliegerblog.rjs.de\/?p=146","url_meta":{"origin":2139,"position":0},"title":"Mal wieder Niederlibbach &#8211; grenzwertig","date":"M\u00e4rz 19, 2009","format":false,"excerpt":"Der Wind hat heute doch mehr auf NO gedreht als gehofft. Und zugenommen. Nachdem kurzfristig ein Anruf von 2 Fliegern kam, bin ich mit Ihnen seit langem mal wieder an unseren Vereinshang in Niederlibbach. Der ist NO ausgerichtet, aber eigentlich darf der Wind maximal aus NNO kommen. Und nicht zu\u2026","rel":"","context":"In &quot;Allgemein&quot;","img":{"alt_text":"","src":"","width":0,"height":0},"classes":[]},{"id":1853,"url":"https:\/\/fliegerblog.rjs.de\/?p=1853","url_meta":{"origin":2139,"position":1},"title":"Seit langer Zeit mal wieder ein Vierer","date":"September 18, 2021","format":false,"excerpt":"Das war heute ein wirklich feiner Flugtag an der Winde in Singhofen. Super Sp\u00e4tsommerwetter, aber seltsamer Weise nur ziemlich wenige Flieger. Wir waren gerade mal zu 6. Um 11 Uhr haben wir uns getroffen und ich hab gleich den Er\u00f6ffungsflug gemacht - wie so oft. Zu der Zeit waren die\u2026","rel":"","context":"\u00c4hnlicher Beitrag","img":{"alt_text":"","src":"https:\/\/i0.wp.com\/1.bp.blogspot.com\/-RJY-PjV7xkg\/YUYaEE6bxgI\/AAAAAAAAGUY\/HwqXQhBLhp83QvWgwjdhPXkDQt0lZNl1gCLcBGAsYHQ\/s320\/GOPR9906.JPG?resize=350%2C200&ssl=1","width":350,"height":200},"classes":[]},{"id":1840,"url":"https:\/\/fliegerblog.rjs.de\/?p=1840","url_meta":{"origin":2139,"position":2},"title":"Neuer (?!?) Hang","date":"August 5, 2021","format":false,"excerpt":"Heute habe ich etwas auf meiner To-Do-Liste, was ich unbedingt mal im Leben machen muss, abgearbeitet und was schon viele Jahre da drauf stand. Vermutlich schon seit meiner Kindheit. Die ganze Woche sieht nicht wirklich gut zum Fliegen aus und obwohl am Wochenende theoretisch sowohl in Singhofen als auch Wallertheim\u2026","rel":"","context":"\u00c4hnlicher Beitrag","img":{"alt_text":"","src":"","width":0,"height":0},"classes":[]},{"id":335,"url":"https:\/\/fliegerblog.rjs.de\/?p=335","url_meta":{"origin":2139,"position":3},"title":"Neues Gurtzeug ist da","date":"Juni 11, 2010","format":false,"excerpt":"Die Woche kam mein neues Gurtzeug an. Mein bisheriges (ein Clever) hatte ich gebraucht bei der Flugschule direkt noch in der Ausbildung gekauft. Mittlerweile ist das in einem erb\u00e4rmlichen Zustand. Die Seitenverkleidungen sind zerfetzt und l\u00f6sen sich f\u00f6rmlich auf. Zwar sind die tragenden Gurte und das Sitzbrett noch ok, aber\u2026","rel":"","context":"In &quot;Allgemein&quot;","img":{"alt_text":"","src":"","width":0,"height":0},"classes":[]},{"id":1252,"url":"https:\/\/fliegerblog.rjs.de\/?p=1252","url_meta":{"origin":2139,"position":4},"title":"Neues Vario","date":"April 21, 2017","format":false,"excerpt":"Es gibt hin und wieder \u00dcberschneidungen zwischen meinem Job und meinen Gleitschirm-Hobby. Gerade ist mal wieder so ein Tag. Dabei ist der Zusammenhang erstmal nicht offensichtlich, denn heute ist nur einfach mein neues Vario angekommen. Dazu habe ich mir gleich noch ein UP-Cockpit besorgt, um das Vario \u00fcberhaupt irgendwo befestigen\u2026","rel":"","context":"In \"Android\"","img":{"alt_text":"","src":"https:\/\/i0.wp.com\/3.bp.blogspot.com\/-w_WPfQooZ3s\/WPoP0vfMTnI\/AAAAAAAADYU\/ArxOjwlmbso0e5-6uYLz9C_PlPZTPpMnwCLcB\/s400\/IMG_20170421_143626.jpg?resize=350%2C200&ssl=1","width":350,"height":200},"classes":[]},{"id":1280,"url":"https:\/\/fliegerblog.rjs.de\/?p=1280","url_meta":{"origin":2139,"position":5},"title":"Der Hang in Eschbach ist geflogen und kaum jemand war da","date":"Juni 19, 2017","format":false,"excerpt":"Von 12:00 Uhr bis ca 16:00 Uhr war ich heute in Eschbach am Hang. Nachdem das Wochenende der Familie geschuldet ohne Airtime geblieben ist, wollte ich heute bei den super Prognosen nicht beiseite stehen. Aber seltsamer Weise waren wir \u00fcber den Nachmittag nur 6 Flieger. Schon klar, dass es ein\u2026","rel":"","context":"\u00c4hnlicher Beitrag","img":{"alt_text":"","src":"https:\/\/i0.wp.com\/4.bp.blogspot.com\/-XosXzqHKhAM\/WUgWjVrb_dI\/AAAAAAAADeM\/0IeCeYWFw-YloqVMJJTa2m63darDYEgbQCLcBGAs\/s400\/GOPR4165.JPG?resize=350%2C200&ssl=1","width":350,"height":200},"classes":[]}],"_links":{"self":[{"href":"https:\/\/fliegerblog.rjs.de\/index.php?rest_route=\/wp\/v2\/posts\/2139","targetHints":{"allow":["GET"]}}],"collection":[{"href":"https:\/\/fliegerblog.rjs.de\/index.php?rest_route=\/wp\/v2\/posts"}],"about":[{"href":"https:\/\/fliegerblog.rjs.de\/index.php?rest_route=\/wp\/v2\/types\/post"}],"author":[{"embeddable":true,"href":"https:\/\/fliegerblog.rjs.de\/index.php?rest_route=\/wp\/v2\/users\/1"}],"replies":[{"embeddable":true,"href":"https:\/\/fliegerblog.rjs.de\/index.php?rest_route=%2Fwp%2Fv2%2Fcomments&post=2139"}],"version-history":[{"count":1,"href":"https:\/\/fliegerblog.rjs.de\/index.php?rest_route=\/wp\/v2\/posts\/2139\/revisions"}],"predecessor-version":[{"id":2140,"href":"https:\/\/fliegerblog.rjs.de\/index.php?rest_route=\/wp\/v2\/posts\/2139\/revisions\/2140"}],"wp:attachment":[{"href":"https:\/\/fliegerblog.rjs.de\/index.php?rest_route=%2Fwp%2Fv2%2Fmedia&parent=2139"}],"wp:term":[{"taxonomy":"category","embeddable":true,"href":"https:\/\/fliegerblog.rjs.de\/index.php?rest_route=%2Fwp%2Fv2%2Fcategories&post=2139"},{"taxonomy":"post_tag","embeddable":true,"href":"https:\/\/fliegerblog.rjs.de\/index.php?rest_route=%2Fwp%2Fv2%2Ftags&post=2139"}],"curies":[{"name":"wp","href":"https:\/\/api.w.org\/{rel}","templated":true}]}}