{"id":2133,"date":"2025-03-06T18:28:13","date_gmt":"2025-03-06T18:28:13","guid":{"rendered":"https:\/\/fliegerblog.rjs.de\/?p=2133"},"modified":"2025-03-06T18:29:58","modified_gmt":"2025-03-06T18:29:58","slug":"anhuepfen-teil-2","status":"publish","type":"post","link":"https:\/\/fliegerblog.rjs.de\/?p=2133","title":{"rendered":"Anh\u00fcpfen Teil 2"},"content":{"rendered":"<div class=\"separator\" style=\"clear: both; text-align: center;\"><a style=\"clear: left; float: left; margin-bottom: 1em; margin-right: 1em;\" href=\"https:\/\/i0.wp.com\/blogger.googleusercontent.com\/img\/b\/R29vZ2xl\/AVvXsEiqoSCLqR2SQuUqSJDSg7ct-gRm27ob3orZM0e8yPR1BTJJpzxpMqNoJAlXxpts0F3aLNpAv_UPIr1Eo_qKfSLkltGYdiPpPTOn-9TM1Ae0CeAkWwSHXOKQjo2I64PJ4ei2HnrSii_T_ERPGGxJFRQquOW3uOvzGq_Rw_wG9xpE42oytQeZTTplKp141rzN\/s640\/reichenbach1741266721.921895.jpg?ssl=1\"><img loading=\"lazy\" decoding=\"async\" src=\"https:\/\/i0.wp.com\/blogger.googleusercontent.com\/img\/b\/R29vZ2xl\/AVvXsEiqoSCLqR2SQuUqSJDSg7ct-gRm27ob3orZM0e8yPR1BTJJpzxpMqNoJAlXxpts0F3aLNpAv_UPIr1Eo_qKfSLkltGYdiPpPTOn-9TM1Ae0CeAkWwSHXOKQjo2I64PJ4ei2HnrSii_T_ERPGGxJFRQquOW3uOvzGq_Rw_wG9xpE42oytQeZTTplKp141rzN\/w400-h300\/reichenbach1741266721.921895.jpg?resize=400%2C300&#038;ssl=1\" width=\"400\" height=\"300\" border=\"0\" data-original-height=\"480\" data-original-width=\"640\" data-recalc-dims=\"1\" \/><\/a><\/div>\n<p>Im Moment gibt es neben S\u00fcdwind tags\u00fcber warme Temperaturen und strahlenden Sonnenschein.<\/p>\n<p>Deshalb waren wir heute am Hand in Reichenbach. Allerdings waren die Bedinungen ungew\u00f6hnlich bockig f\u00fcr die Jahreszeit. Trotzdem konnten wir gut 2 Stunden handlen und h\u00fcpfen. Damit war das der zweite Tag f\u00fcr das Jahr, wieder mehr Praxis aufzubauen.<\/p>\n<p>Gegen 14:30 Uhr ist dabei ein Kampf-Jet im Tiefflug \u00fcber den Hang gedonnert. Sowas habe ich da noch nie gesehen. W\u00e4re es am Hang mal au\u00dfergew\u00f6hnlich hoch gegangen, h\u00e4tten die Verwirbelungen den Schirm zerlegt.<\/p>\n","protected":false},"excerpt":{"rendered":"<p>Im Moment gibt es neben S\u00fcdwind tags\u00fcber warme Temperaturen und strahlenden Sonnenschein. Deshalb waren wir heute am Hand in Reichenbach. Allerdings waren die Bedinungen ungew\u00f6hnlich bockig f\u00fcr die Jahreszeit. Trotzdem konnten wir gut 2 Stunden handlen und h\u00fcpfen. Damit war das der zweite Tag f\u00fcr das Jahr, wieder mehr Praxis aufzubauen. Gegen 14:30 Uhr ist &hellip; <a href=\"https:\/\/fliegerblog.rjs.de\/?p=2133\" class=\"more-link\"><span class=\"screen-reader-text\">\u201eAnh\u00fcpfen Teil 2\u201c<\/span> weiterlesen<\/a><\/p>\n","protected":false},"author":1,"featured_media":0,"comment_status":"closed","ping_status":"open","sticky":false,"template":"","format":"standard","meta":{"jetpack_post_was_ever_published":false,"footnotes":"","jetpack_publicize_message":"","jetpack_is_tweetstorm":false,"jetpack_publicize_feature_enabled":true,"jetpack_social_options":[]},"categories":[1],"tags":[],"class_list":["post-2133","post","type-post","status-publish","format-standard","hentry","category-uncategorized"],"jetpack_publicize_connections":[],"jetpack_featured_media_url":"","jetpack_shortlink":"https:\/\/wp.me\/p788kK-yp","jetpack-related-posts":[{"id":269,"url":"https:\/\/fliegerblog.rjs.de\/?p=269","url_meta":{"origin":2133,"position":0},"title":"Weihnachtsnachlese","date":"Dezember 27, 2009","format":false,"excerpt":"Gestern ging es wohl ziemlich gut mit Fliegen in Reichenbach. Nur haben mich die \u00fcblichen Weihnachtsverpflichtungen gehindert. Da die Prognosen aber f\u00fcr heute sogar fast noch besser waren, habe ich auf den heutigen Tag Hoffnung gesetzt. Und fr\u00fch am Morgen war in der Webcam auf dem Feldberg auch schon strahlender\u2026","rel":"","context":"In &quot;Allgemein&quot;","img":{"alt_text":"","src":"","width":0,"height":0},"classes":[]},{"id":95,"url":"https:\/\/fliegerblog.rjs.de\/?p=95","url_meta":{"origin":2133,"position":1},"title":"Versprochen und gehalten","date":"Juli 31, 2007","format":false,"excerpt":"Endlich mal ein Tag, der das gehalten hat, was er im Vorfeld versprach. Gute NW und Thermik waren angek\u00fcndigt (immer ein Fall f\u00fcr MF) und genau das haben wir bekommen. Obwohl - mit der Thermik war es zeitweise sogar zuviel des Guten. Hauke war zur Mittagsessenszeit alleine am Hang und\u2026","rel":"","context":"In &quot;Allgemein&quot;","img":{"alt_text":"","src":"","width":0,"height":0},"classes":[]},{"id":256,"url":"https:\/\/fliegerblog.rjs.de\/?p=256","url_meta":{"origin":2133,"position":2},"title":"Nochmal Schleppen","date":"Oktober 29, 2009","format":false,"excerpt":"Offiziell sind zwar letzte Woche die regelm\u00e4\u00dfigen Donnerstag-Schlepps in Neu-Anspach f\u00fcr das Jahr beendet worden. Aber es wurde die Option offen gehalten, bei guten Bedingungen doch nochmal die Winde rauszuholen. Naja - und f\u00fcr heute waren die Prognosen recht gut und deshalb haben wir doch die Sache angeleiert. Zumal heute\u2026","rel":"","context":"In &quot;Allgemein&quot;","img":{"alt_text":"","src":"","width":0,"height":0},"classes":[]},{"id":425,"url":"https:\/\/fliegerblog.rjs.de\/?p=425","url_meta":{"origin":2133,"position":3},"title":"Gar nicht \u00fcbel","date":"Mai 4, 2011","format":false,"excerpt":"F\u00fcr Mittwoch waren Nordwind und Sonne vorgesehen. Trotz des starken Windes mit \u00fcblen B\u00f6en an den Vortagen war ich recht optimistisch, dass das am MFK passen k\u00f6nnte. Die Prognosen haben die vorhergesagte Windst\u00e4rke immer weiter reduziert, je n\u00e4her der Mi kam. Also sind wir so gegen 13:30 Uhr am Hang\u2026","rel":"","context":"In &quot;Allgemein&quot;","img":{"alt_text":"","src":"","width":0,"height":0},"classes":[]},{"id":117,"url":"https:\/\/fliegerblog.rjs.de\/?p=117","url_meta":{"origin":2133,"position":4},"title":"SW\/SO-Wind und viel Sonne","date":"M\u00e4rz 4, 2007","format":false,"excerpt":"Heute war tolles Wetter. Viel Sonne, warm und moderater Wind. Ein paar waren auf Safari, um einige neue Fluggebiete zu erkunden bzw. Abenteuer mit abgefahrenen Startm\u00f6glichkeiten zu suchen. F\u00fcr mich waren NE\/RB heute die bessere Wahl. Wir waren zuerst in NE - ein kleiner SO-Hang. Aber da kam der Wind\u2026","rel":"","context":"In &quot;Allgemein&quot;","img":{"alt_text":"","src":"","width":0,"height":0},"classes":[]},{"id":716,"url":"https:\/\/fliegerblog.rjs.de\/?p=716","url_meta":{"origin":2133,"position":5},"title":"Vor-Silverster-Fliegen","date":"Dezember 30, 2013","format":false,"excerpt":"Wir waren heute um 14:00 Uhr in Reichenbach, denn es gab S\u00fcdwind und Sonne. Vor Ort haben wir uns aber spontan f\u00fcr Eschbach umentschieden, denn es schien von unten etwas Osttendenz da zu sein und in Eschbach geht es einfach um Welten besser, wenn der Wind da richtig auf dem\u2026","rel":"","context":"In &quot;Allgemein&quot;","img":{"alt_text":"","src":"","width":0,"height":0},"classes":[]}],"_links":{"self":[{"href":"https:\/\/fliegerblog.rjs.de\/index.php?rest_route=\/wp\/v2\/posts\/2133","targetHints":{"allow":["GET"]}}],"collection":[{"href":"https:\/\/fliegerblog.rjs.de\/index.php?rest_route=\/wp\/v2\/posts"}],"about":[{"href":"https:\/\/fliegerblog.rjs.de\/index.php?rest_route=\/wp\/v2\/types\/post"}],"author":[{"embeddable":true,"href":"https:\/\/fliegerblog.rjs.de\/index.php?rest_route=\/wp\/v2\/users\/1"}],"replies":[{"embeddable":true,"href":"https:\/\/fliegerblog.rjs.de\/index.php?rest_route=%2Fwp%2Fv2%2Fcomments&post=2133"}],"version-history":[{"count":2,"href":"https:\/\/fliegerblog.rjs.de\/index.php?rest_route=\/wp\/v2\/posts\/2133\/revisions"}],"predecessor-version":[{"id":2135,"href":"https:\/\/fliegerblog.rjs.de\/index.php?rest_route=\/wp\/v2\/posts\/2133\/revisions\/2135"}],"wp:attachment":[{"href":"https:\/\/fliegerblog.rjs.de\/index.php?rest_route=%2Fwp%2Fv2%2Fmedia&parent=2133"}],"wp:term":[{"taxonomy":"category","embeddable":true,"href":"https:\/\/fliegerblog.rjs.de\/index.php?rest_route=%2Fwp%2Fv2%2Fcategories&post=2133"},{"taxonomy":"post_tag","embeddable":true,"href":"https:\/\/fliegerblog.rjs.de\/index.php?rest_route=%2Fwp%2Fv2%2Ftags&post=2133"}],"curies":[{"name":"wp","href":"https:\/\/api.w.org\/{rel}","templated":true}]}}