{"id":2116,"date":"2024-10-03T16:13:57","date_gmt":"2024-10-03T16:13:57","guid":{"rendered":"https:\/\/fliegerblog.rjs.de\/?p=2116"},"modified":"2024-10-03T16:21:25","modified_gmt":"2024-10-03T16:21:25","slug":"familientag-gft","status":"publish","type":"post","link":"https:\/\/fliegerblog.rjs.de\/?p=2116","title":{"rendered":"Familientag GFT"},"content":{"rendered":"<div class=\"separator\" style=\"clear: both; text-align: center;\"><a style=\"clear: left; float: left; margin-bottom: 1em; margin-right: 1em;\" href=\"https:\/\/i0.wp.com\/blogger.googleusercontent.com\/img\/b\/R29vZ2xl\/AVvXsEjxxLhVvPzxKFLfMfRhIRoBZGhijb_zwAqTu7QMVWrAUBPjDRGou0eNWlsgH3WoI1NiiJnUCXg_nba1rzvA5nn6zbYP4oSUB25va6ICY-FpeKJAn63LzbZMhH4Kg0dVHvioz8SpyvH9Kx3C8iXtoDyULvbL1jfqn-zGXWeMFyyzsIppsZcl16BpnSAmfeWj\/s2000\/WhatsApp%20Image%202024-10-03%20at%2016.41.02.jpeg?ssl=1\"><img loading=\"lazy\" decoding=\"async\" src=\"https:\/\/i0.wp.com\/blogger.googleusercontent.com\/img\/b\/R29vZ2xl\/AVvXsEjxxLhVvPzxKFLfMfRhIRoBZGhijb_zwAqTu7QMVWrAUBPjDRGou0eNWlsgH3WoI1NiiJnUCXg_nba1rzvA5nn6zbYP4oSUB25va6ICY-FpeKJAn63LzbZMhH4Kg0dVHvioz8SpyvH9Kx3C8iXtoDyULvbL1jfqn-zGXWeMFyyzsIppsZcl16BpnSAmfeWj\/s320\/WhatsApp%20Image%202024-10-03%20at%2016.41.02.jpeg?resize=320%2C240&#038;ssl=1\" width=\"320\" height=\"240\" border=\"0\" data-original-height=\"1500\" data-original-width=\"2000\" data-recalc-dims=\"1\" \/><\/a><\/div>\n<p>Vom heutigen Feiertag bis Sonntag sind in Sinhofen Schlepptermine angesetzt. Am Wochenende Windenschulungen, wobei erst ab 14:30 Freiflieger dazukommen d\u00fcrfen. Aber am heutigen Tag der Deutschen Einheit und morgen ist &#8222;normales&#8220; Schleppen angesetzt. Wobei der Feiertag sogar als Familientag ausgeschrieben war. Grillen, Schleppen und Familienangeh\u00f6rige sollten kostenlos am Tandem mitfliegen d\u00fcrfen. Alles in Allem eine sehr gute Idee, die aber heute leider nicht so ganz funktioniert hat.<\/p>\n<div class=\"separator\" style=\"clear: both; text-align: center;\"><a style=\"clear: left; float: left; margin-bottom: 1em; margin-right: 1em;\" href=\"https:\/\/i0.wp.com\/blogger.googleusercontent.com\/img\/b\/R29vZ2xl\/AVvXsEhX3lzzcEiM5_ps967egscU4FHty67CFuhv5tUBSRmAH_RGgIV6uB78PmhpEwrsbKI6eHuU93rJiYSeIAU2hXopPNeOTGsRUWEHdMIqnFuR9IojvEt9aNaGnBib5CAkcvnxDEQenMUkHdiCl0shTx4Sk68y_-VyZ3T_p0iQ10JxprjYCkwQnTA6hyphenhyphenXffUUx\/s2000\/WhatsApp%20Image%202024-10-03%20at%2016.41.01.jpeg?ssl=1\"><img loading=\"lazy\" decoding=\"async\" src=\"https:\/\/i0.wp.com\/blogger.googleusercontent.com\/img\/b\/R29vZ2xl\/AVvXsEhX3lzzcEiM5_ps967egscU4FHty67CFuhv5tUBSRmAH_RGgIV6uB78PmhpEwrsbKI6eHuU93rJiYSeIAU2hXopPNeOTGsRUWEHdMIqnFuR9IojvEt9aNaGnBib5CAkcvnxDEQenMUkHdiCl0shTx4Sk68y_-VyZ3T_p0iQ10JxprjYCkwQnTA6hyphenhyphenXffUUx\/s320\/WhatsApp%20Image%202024-10-03%20at%2016.41.01.jpeg?resize=320%2C240&#038;ssl=1\" width=\"320\" height=\"240\" border=\"0\" data-original-height=\"1500\" data-original-width=\"2000\" data-recalc-dims=\"1\" \/><\/a><\/div>\n<p>Es waren leider wenige Leute aus dem Verein da, was schade ist. Auf der einen Seite waren die Wetteraussichten nicht berauschend, aber wenn im Verein schon mal was angeboten wird, dann sollte man das auch honorieren und kommen. Aber auch sonst ging der Tag nicht ganz wie geplant ins Land. Einmal war wegen einem Ausfall nur ein Windenfahrer da, der in Personalunion der einzige Tandempilot war. Das hat Tandem-Schlepps schon mal ausgeschlossen. Dazu waren die Windverh\u00e4ltnisse grenzwertig gemeldet. Vor Ort war es am Boden ok, aber in der H\u00f6he sollte es knackig sein. Wir waren mit 5 &#8211; 6 Piloten da und konnten uns nicht wirklich entscheiden, ob das heute am Seil fliegbar war oder nicht. Daraus entwickelte sich wie fast immer eine Eigendynamik, dass wir dann nicht geflogen sind, sondern nur gegroundhandelt haben. Daf\u00fcr war das Grillen nett und man konnte sich mal wieder mit Leuten treffen und austauschen, die man lange nicht gesehen hat. So gesehen war der Tag kein Reinfall.<\/p>\n<div class=\"separator\" style=\"clear: both; text-align: right;\"><\/div>\n<div style=\"width: 840px;\" class=\"wp-video\"><!--[if lt IE 9]><script>document.createElement('video');<\/script><![endif]-->\n<video class=\"wp-video-shortcode\" id=\"video-2116-1\" width=\"840\" height=\"473\" preload=\"metadata\" controls=\"controls\"><source type=\"video\/mp4\" src=\"https:\/\/fliegerblog.rjs.de\/wp-content\/uploads\/2024\/10\/WhatsApp-Video-2024-10-03-at-16.41.00.mp4?_=1\" \/><a href=\"https:\/\/fliegerblog.rjs.de\/wp-content\/uploads\/2024\/10\/WhatsApp-Video-2024-10-03-at-16.41.00.mp4\">https:\/\/fliegerblog.rjs.de\/wp-content\/uploads\/2024\/10\/WhatsApp-Video-2024-10-03-at-16.41.00.mp4<\/a><\/video><\/div>\n<div class=\"separator\" style=\"clear: both; text-align: left;\"><\/div>\n<p><iframe loading=\"lazy\" style=\"background-image: url('https:\/\/i.ytimg.com\/vi\/55YPaxIlwEE\/hqdefault.jpg');\" src=\"https:\/\/youtube.com\/embed\/55YPaxIlwEE?si=OpEHmjtO1MtymiZc\" width=\"480\" height=\"270\" frameborder=\"0\"><\/iframe><\/p>\n","protected":false},"excerpt":{"rendered":"<p>Vom heutigen Feiertag bis Sonntag sind in Sinhofen Schlepptermine angesetzt. Am Wochenende Windenschulungen, wobei erst ab 14:30 Freiflieger dazukommen d\u00fcrfen. Aber am heutigen Tag der Deutschen Einheit und morgen ist &#8222;normales&#8220; Schleppen angesetzt. Wobei der Feiertag sogar als Familientag ausgeschrieben war. Grillen, Schleppen und Familienangeh\u00f6rige sollten kostenlos am Tandem mitfliegen d\u00fcrfen. Alles in Allem eine &hellip; <a href=\"https:\/\/fliegerblog.rjs.de\/?p=2116\" class=\"more-link\"><span class=\"screen-reader-text\">\u201eFamilientag GFT\u201c<\/span> weiterlesen<\/a><\/p>\n","protected":false},"author":1,"featured_media":0,"comment_status":"closed","ping_status":"open","sticky":false,"template":"","format":"standard","meta":{"jetpack_post_was_ever_published":false,"footnotes":"","jetpack_publicize_message":"","jetpack_is_tweetstorm":false,"jetpack_publicize_feature_enabled":true,"jetpack_social_options":[]},"categories":[1],"tags":[],"class_list":["post-2116","post","type-post","status-publish","format-standard","hentry","category-uncategorized"],"jetpack_publicize_connections":[],"jetpack_featured_media_url":"","jetpack_shortlink":"https:\/\/wp.me\/p788kK-y8","jetpack-related-posts":[{"id":1986,"url":"https:\/\/fliegerblog.rjs.de\/?p=1986","url_meta":{"origin":2116,"position":0},"title":"Anspringen 2023","date":"Januar 3, 2023","format":false,"excerpt":"Nachdem ich erst n\u00e4chste Woche mit meinen Schulungen im neuen Jahr anfange, habe ich die Woche noch Zeit und den heutigen Tag zum Anspringen des Jahres genutzt. Ich sage bewusst nicht \"Anfliegen\", denn es waren heute nur kleinere H\u00fcpfer und etwas Groundhandling in Reichenbach. Aber immerhin kam etwas Luft in\u2026","rel":"","context":"\u00c4hnlicher Beitrag","img":{"alt_text":"","src":"https:\/\/i0.wp.com\/blogger.googleusercontent.com\/img\/b\/R29vZ2xl\/AVvXsEh4ic8d3hvDCuRPkqsLiQCuIMnkvnrlQZJB_4Es8cYRTcUupJ2o7tLJpGOH2VIyC2Qa-etYAodAfGgpS4nejrGBZRqhFZ-Qn9QMB3voZ6v9nPanWNjvIRjYkJyk2pTGw7fCSIFiJ4dw9_WseB4x3UlmGMvnzngtUzYIR9BV3wC4vN4bMrSUC6KfLU33aA\/s320\/reichenbach1672754161.077439.jpg?resize=350%2C200&ssl=1","width":350,"height":200},"classes":[]},{"id":1833,"url":"https:\/\/fliegerblog.rjs.de\/?p=1833","url_meta":{"origin":2116,"position":1},"title":"Werfen und packen der Rettung au\u00dfer der Reihe","date":"Juli 17, 2021","format":false,"excerpt":"\u00a0 Mein einer Verein veranstaltet seit ein paar Jahren jeden Winter in FFM in einer Schulturnhalle ein gemeinsames Packen der Rettung unter Aufsicht eines Fluglehrers samt vorangehendem Werfen der Rettung. Das nehme ich eigentlich sehr gerne und regelm\u00e4\u00dfig wahr, auch wenn ich zwischendurch meine Rettung immer wieder mal zum Packen\u2026","rel":"","context":"\u00c4hnlicher Beitrag","img":{"alt_text":"","src":"https:\/\/i0.wp.com\/1.bp.blogspot.com\/-di180BjEKhA\/YPMH-Dzz26I\/AAAAAAAAGNw\/OS28-xuQ4ZcB6ZJD-DrXjefow9KUZnS4gCLcBGAsYHQ\/w400-h300\/IMG_20210717_113355.jpg?resize=350%2C200&ssl=1","width":350,"height":200},"classes":[]},{"id":635,"url":"https:\/\/fliegerblog.rjs.de\/?p=635","url_meta":{"origin":2116,"position":2},"title":"Turnstunde","date":"April 14, 2013","format":false,"excerpt":"Endlich, endlich ist der Fr\u00fchling da. Zwar haben sich die guten Prognosen f\u00fcr den heutigen Sonntag immer mehr abgeschw\u00e4cht, je n\u00e4her der Tag kam. Aber S\u00fcdwind hat mich gegen 13:00 Uhr nach Reichenbach getrieben. Vorher hatte ich noch einen Kampfrichterlehrgang und da wollte ich sowieso nicht noch weiter fahren. Die\u2026","rel":"","context":"In &quot;Allgemein&quot;","img":{"alt_text":"","src":"","width":0,"height":0},"classes":[]},{"id":701,"url":"https:\/\/fliegerblog.rjs.de\/?p=701","url_meta":{"origin":2116,"position":3},"title":"Neues Schleppgel\u00e4nde und erstmals an der Abrollwinde","date":"September 22, 2013","format":false,"excerpt":"Ich wollte schon seit Ende letzten Jahres bei 1. Windenschleppgemeinschaft Rheinhessen vorbeischauen, denn deren Gel\u00e4nde sind von mir aus relativ nahe. N\u00e4her als meine anderen Locations zumindest, wenn ich nicht sowieso im Taunus was zu tun habe. Nur bisher hat es nie geklappt. Heute aber war ich das erste Mal\u2026","rel":"","context":"In &quot;Allgemein&quot;","img":{"alt_text":"","src":"","width":0,"height":0},"classes":[]},{"id":765,"url":"https:\/\/fliegerblog.rjs.de\/?p=765","url_meta":{"origin":2116,"position":4},"title":"Mal wieder MFK","date":"Mai 14, 2014","format":false,"excerpt":"Seit heute steht f\u00fcr einige Tage Nordwind an. Wir hatten uns von dem heutigen Tag eine Menge versprochen, aber schon am Morgen war der Wind ziemlich kr\u00e4ftig. Daher haben wir ewig diskutiert, ob wir zum MFK gehen. Die Sache schiem mir schon erledigt als wir uns um 14:45 Uhr doch\u2026","rel":"","context":"In &quot;Allgemein&quot;","img":{"alt_text":"","src":"","width":0,"height":0},"classes":[]},{"id":316,"url":"https:\/\/fliegerblog.rjs.de\/?p=316","url_meta":{"origin":2116,"position":5},"title":"Vaterflugtag","date":"Mai 13, 2010","format":false,"excerpt":"Ich hatte mir f\u00fcr den heutigen Vatertag ganz gute Bedingungen f\u00fcr MF versprochen und deshalb auch im Forum die Werbetrommel ger\u00fchrt. Offensichtlich mit Erfolg, denn es waren im Laufe des Nachmittags fast ein Dutzend Flieger am Hang. Als ich aber gegen 14:00 Uhr kam ist der Wind total eingeschlafen. Alle\u2026","rel":"","context":"In &quot;Allgemein&quot;","img":{"alt_text":"","src":"","width":0,"height":0},"classes":[]}],"_links":{"self":[{"href":"https:\/\/fliegerblog.rjs.de\/index.php?rest_route=\/wp\/v2\/posts\/2116","targetHints":{"allow":["GET"]}}],"collection":[{"href":"https:\/\/fliegerblog.rjs.de\/index.php?rest_route=\/wp\/v2\/posts"}],"about":[{"href":"https:\/\/fliegerblog.rjs.de\/index.php?rest_route=\/wp\/v2\/types\/post"}],"author":[{"embeddable":true,"href":"https:\/\/fliegerblog.rjs.de\/index.php?rest_route=\/wp\/v2\/users\/1"}],"replies":[{"embeddable":true,"href":"https:\/\/fliegerblog.rjs.de\/index.php?rest_route=%2Fwp%2Fv2%2Fcomments&post=2116"}],"version-history":[{"count":3,"href":"https:\/\/fliegerblog.rjs.de\/index.php?rest_route=\/wp\/v2\/posts\/2116\/revisions"}],"predecessor-version":[{"id":2120,"href":"https:\/\/fliegerblog.rjs.de\/index.php?rest_route=\/wp\/v2\/posts\/2116\/revisions\/2120"}],"wp:attachment":[{"href":"https:\/\/fliegerblog.rjs.de\/index.php?rest_route=%2Fwp%2Fv2%2Fmedia&parent=2116"}],"wp:term":[{"taxonomy":"category","embeddable":true,"href":"https:\/\/fliegerblog.rjs.de\/index.php?rest_route=%2Fwp%2Fv2%2Fcategories&post=2116"},{"taxonomy":"post_tag","embeddable":true,"href":"https:\/\/fliegerblog.rjs.de\/index.php?rest_route=%2Fwp%2Fv2%2Ftags&post=2116"}],"curies":[{"name":"wp","href":"https:\/\/api.w.org\/{rel}","templated":true}]}}