{"id":2114,"date":"2024-09-29T15:18:56","date_gmt":"2024-09-29T15:18:56","guid":{"rendered":"https:\/\/fliegerblog.rjs.de\/?p=2114"},"modified":"2024-09-29T15:18:56","modified_gmt":"2024-09-29T15:18:56","slug":"naja-5","status":"publish","type":"post","link":"https:\/\/fliegerblog.rjs.de\/?p=2114","title":{"rendered":"Naja"},"content":{"rendered":"<div class=\"separator\" style=\"clear: both; text-align: center;\"><a style=\"clear: left; float: left; margin-bottom: 1em; margin-right: 1em;\" href=\"https:\/\/i0.wp.com\/blogger.googleusercontent.com\/img\/b\/R29vZ2xl\/AVvXsEgLO_gAZea8EQmJAZjvBUyHJfMAgnHswtbX7NbMGDWOSGyQke576f8N8kw4eML3-v0EDXqeFoIuJ8vezDwlM9zUPeJWFlOmqOMQVUrq5la7MuH46rQlDY5GiIXwzriseFSB3jv9hiacR5r7E2UDtHZz4dJ3IqCnJG8Gd0uHggv42CHOk3V4T82toLqeSWF2\/s2000\/WhatsApp%20Image%202024-09-29%20at%2017.01.10.jpeg?ssl=1\"><img loading=\"lazy\" decoding=\"async\" src=\"https:\/\/i0.wp.com\/blogger.googleusercontent.com\/img\/b\/R29vZ2xl\/AVvXsEgLO_gAZea8EQmJAZjvBUyHJfMAgnHswtbX7NbMGDWOSGyQke576f8N8kw4eML3-v0EDXqeFoIuJ8vezDwlM9zUPeJWFlOmqOMQVUrq5la7MuH46rQlDY5GiIXwzriseFSB3jv9hiacR5r7E2UDtHZz4dJ3IqCnJG8Gd0uHggv42CHOk3V4T82toLqeSWF2\/s320\/WhatsApp%20Image%202024-09-29%20at%2017.01.10.jpeg?resize=320%2C240&#038;ssl=1\" width=\"320\" height=\"240\" border=\"0\" data-original-height=\"1500\" data-original-width=\"2000\" data-recalc-dims=\"1\" \/><\/a><\/div>\n<p>So richtig weis ich nicht, was ich von dem Flugtag halten soll. Einerseits habe ich endlich mal wieder den Boden verlassen, andererseits elend viele falsche Entscheidungen getroffen.<\/p>\n<p>Ich war heute in Eschbach am Hang und zu fr\u00fch da. Au\u00dfer mir war noch niemand da und der Wind auch zu schwach. Nach etwa einer halben Stunde habe mal ausgepackt und bin zum Landeplatz runtergeflogen. Unten war ich sogar gar nicht sicher, ob ich \u00fcberhaupt nochmal hochlaufen sollte.<\/p>\n<div class=\"separator\" style=\"clear: both; text-align: center;\"><a style=\"clear: right; float: right; margin-bottom: 1em; margin-left: 1em;\" href=\"https:\/\/i0.wp.com\/blogger.googleusercontent.com\/img\/b\/R29vZ2xl\/AVvXsEg90TEluxcigsuePabkWP92qplDD_ojU1zPuKdu6zeYtwyW-VB6_7VuwgQilxewsIN_AduPrQJduYVn1j4bcbv1chzVw1N4ZxibFIy9SKIWEFUwPYNdBZezWZa38U0IUHdrhEnTAgPdgS1g2-vtcRyonFxqGAwz20gel6NbZivN8uZupcXC7YVi-N72jL-W\/s2000\/WhatsApp%20Image%202024-09-29%20at%2017.01.10%20(1).jpeg?ssl=1\"><img loading=\"lazy\" decoding=\"async\" src=\"https:\/\/i0.wp.com\/blogger.googleusercontent.com\/img\/b\/R29vZ2xl\/AVvXsEg90TEluxcigsuePabkWP92qplDD_ojU1zPuKdu6zeYtwyW-VB6_7VuwgQilxewsIN_AduPrQJduYVn1j4bcbv1chzVw1N4ZxibFIy9SKIWEFUwPYNdBZezWZa38U0IUHdrhEnTAgPdgS1g2-vtcRyonFxqGAwz20gel6NbZivN8uZupcXC7YVi-N72jL-W\/s320\/WhatsApp%20Image%202024-09-29%20at%2017.01.10%20(1).jpeg?resize=320%2C240&#038;ssl=1\" width=\"320\" height=\"240\" border=\"0\" data-original-height=\"1500\" data-original-width=\"2000\" data-recalc-dims=\"1\" \/><\/a><\/div>\n<p>Aber die recht weite Strecke wollte ich nicht nur wegen einem Abgleiter gefahren haben und zudem kamen am Starthang mittlerweile ein paar andere Flieger an. Also bin ich nochmal hoch und tats\u00e4chlich wurden die Bedingungen besser. Ich konnte einige Zeit was machen, aber dann kam aus dem Nichts eine heftige B\u00f6e rein. Sowas kann ich \u00fcberhaupt nicht leiden. Vermutlich hat eine rabenschwarze Wolke \u00fcber uns massiv gezogen. Nachdem die Wolke weggezogen war, wurden die Bedingungen wieder angenehmer und ich bin gestartet, aber wieder runter zum Landeplatz geflogen. Unten habe ich dann lange \u00fcberlegt, ob ich erneut hoch gehe. In der Zeit sind die anderen geflogen und bis ich mich entscheiden konnte, ist der Wind eingeschlafen und sie sind alle eingelandet. Also bin ich weg, um im Nachhinein zu merken, dass die Bedingungen danach wieder richtig gut wurden. Wie gesagt &#8211; eine Reihe von Fehlentscheidungen heute (wieder mal), aber auch ein klein bisschen Airtime zumindest gehabt.<\/p>\n<p><iframe loading=\"lazy\" title=\"YouTube video player\" src=\"https:\/\/www.youtube.com\/embed\/-ktm-dbyi7Y?si=FcEGeekBYHqgyCEL\" width=\"560\" height=\"315\" frameborder=\"0\" allowfullscreen=\"allowfullscreen\"><\/iframe><\/p>\n","protected":false},"excerpt":{"rendered":"<p>So richtig weis ich nicht, was ich von dem Flugtag halten soll. Einerseits habe ich endlich mal wieder den Boden verlassen, andererseits elend viele falsche Entscheidungen getroffen. Ich war heute in Eschbach am Hang und zu fr\u00fch da. Au\u00dfer mir war noch niemand da und der Wind auch zu schwach. Nach etwa einer halben Stunde &hellip; <a href=\"https:\/\/fliegerblog.rjs.de\/?p=2114\" class=\"more-link\"><span class=\"screen-reader-text\">\u201eNaja\u201c<\/span> weiterlesen<\/a><\/p>\n","protected":false},"author":1,"featured_media":0,"comment_status":"closed","ping_status":"open","sticky":false,"template":"","format":"standard","meta":{"jetpack_post_was_ever_published":false,"footnotes":"","jetpack_publicize_message":"","jetpack_is_tweetstorm":false,"jetpack_publicize_feature_enabled":true,"jetpack_social_options":[]},"categories":[1],"tags":[],"class_list":["post-2114","post","type-post","status-publish","format-standard","hentry","category-uncategorized"],"jetpack_publicize_connections":[],"jetpack_featured_media_url":"","jetpack_shortlink":"https:\/\/wp.me\/p788kK-y6","jetpack-related-posts":[{"id":1822,"url":"https:\/\/fliegerblog.rjs.de\/?p=1822","url_meta":{"origin":2114,"position":0},"title":"Kurzschlepp zum Einstellen des Gurtzeugs","date":"Juli 3, 2021","format":false,"excerpt":"Irgendwie habe ich ziemlich mit den Nachwirkungen der Corona-Impfung zu k\u00e4mpfen, wie mir scheint. An manchen Tagen h\u00e4nge ich extrem in den Seilen. Gestern war ich so matt, dass ich beim Waldlauf fast r\u00fcckw\u00e4rts gekrochen und kaum aus dem Wald wieder rausgekommen bin. Deshalb hatte ich mich f\u00fcr heute schon\u2026","rel":"","context":"\u00c4hnlicher Beitrag","img":{"alt_text":"","src":"https:\/\/i0.wp.com\/1.bp.blogspot.com\/-Mzeoq-53-DI\/YOB9AHDDCVI\/AAAAAAAAGJc\/2w8cJohuXpo0MOKfH0TxF-MFTjM_YBnHQCLcBGAsYHQ\/w400-h300\/GOPR8095.JPG?resize=350%2C200&ssl=1","width":350,"height":200},"classes":[]},{"id":1952,"url":"https:\/\/fliegerblog.rjs.de\/?p=1952","url_meta":{"origin":2114,"position":1},"title":"Gurtzeugtest","date":"September 12, 2022","format":false,"excerpt":"Ich hatte heute Zeit, das Wetter war super, ich musste sowieso beruflich in den Taunus und der Wind sollte moderat aus SW-SO kommen. Also perfekte Voraussetzungen, um mein neues Gurtzeug in Reichenbach zu testen. Aber Theorie in Praxis stimmen nicht immer \u00fcberein. Als ich am Hang ankam, standen 7 Sonnen\u2026","rel":"","context":"\u00c4hnlicher Beitrag","img":{"alt_text":"","src":"","width":0,"height":0},"classes":[]},{"id":1500,"url":"https:\/\/fliegerblog.rjs.de\/?p=1500","url_meta":{"origin":2114,"position":2},"title":"Wildcat reloaded","date":"September 27, 2018","format":false,"excerpt":"Dieses Jahr wollte ich mit der Arbeit etwas k\u00fcrzer treten und vor allen Dingen Schulungen einschr\u00e4nken - vor allen Dingen solche, wo ich weiter anreisen muss. Resultat der Bem\u00fchungen - ich arbeite mir dieses Jahr den Wolf und die Anzahl der Schulungen scheint zu explodieren. Folge - ich kam dieses\u2026","rel":"","context":"\u00c4hnlicher Beitrag","img":{"alt_text":"","src":"https:\/\/i0.wp.com\/3.bp.blogspot.com\/-zfvuMaWMFaQ\/W60htTtCZkI\/AAAAAAAAEG8\/Sos6Rry8ligbIUCW76bBflDsNSXoTMSSQCLcBGAs\/s320\/GOPR3713.JPG?resize=350%2C200&ssl=1","width":350,"height":200},"classes":[]},{"id":56,"url":"https:\/\/fliegerblog.rjs.de\/?p=56","url_meta":{"origin":2114,"position":3},"title":"Mir fehlen die Worte","date":"Februar 28, 2008","format":false,"excerpt":"Nach dem Motto \"Man muss die Feste fallen, wie sie feiern\" oder so \u00e4hnlich ;-) sind Richard (samt Sohn) und ich heute um 13:00 Uhr nochmal nach Reichenbach. Sah nach Sonne und moderatem Wind aus SW aus. Und da f\u00fcr die n\u00e4chsten Tage nur Regen und Sturm prognostiziert sind, habe\u2026","rel":"","context":"In &quot;Allgemein&quot;","img":{"alt_text":"","src":"","width":0,"height":0},"classes":[]},{"id":1911,"url":"https:\/\/fliegerblog.rjs.de\/?p=1911","url_meta":{"origin":2114,"position":4},"title":"Alles neu, macht der &#8230; M\u00e4rz. Er\u00f6ffnung Windensaison 2022","date":"M\u00e4rz 27, 2022","format":false,"excerpt":"Heute habe ich f\u00fcr mich die Windensaision 2022 in Singhofen er\u00f6ffnet. Allerdings unter etwas ungew\u00f6hnlichen Umst\u00e4nden. Denn ich hatte sowohl einen neuen Schirm, aber auch eine neue Kamera und auch ein neues Auto dabei. Sogar eine neue \"Action\"-Hose, die ich mir auf Wunsch meiner Kidds (da 3 St\u00fcck Rabatt bedeutet\u2026","rel":"","context":"\u00c4hnlicher Beitrag","img":{"alt_text":"","src":"https:\/\/i0.wp.com\/blogger.googleusercontent.com\/img\/b\/R29vZ2xl\/AVvXsEi864OWRj-ZZ5yDK107RTv7R-X7EvhttzNKdecKQghEYUnf3hGOSBVFBEfzvYW8-AMQz88I5doVnDx1EsrakiPCOovnf2ibtjB7QOpCZBMiwzShdSfmzk1GDkA8JuFoBZW85_9g8CaNnG-A-8slcRT4wcIdWkDCGgC1YvyDXUuQYZ9IpKSJh4vF5O_Fmg\/s320\/SING0002.JPG?resize=350%2C200&ssl=1","width":350,"height":200},"classes":[]},{"id":744,"url":"https:\/\/fliegerblog.rjs.de\/?p=744","url_meta":{"origin":2114,"position":5},"title":"Er\u00f6ffnung der Windensaison","date":"M\u00e4rz 6, 2014","format":false,"excerpt":"Eigentlich war ich heute noch richtig platt von dem guten Flugtag gestern am Hang in MF. So oft, wie ich bei guten Bedingungen da immer den Hang hochhetze, bezahle ich das am n\u00e4chsten Tag immer mit Muskelkater und eben einer gewissen Schlappheit. Ebenso habe ich nicht im Geringsten damit gerechnet,\u2026","rel":"","context":"In &quot;Allgemein&quot;","img":{"alt_text":"","src":"","width":0,"height":0},"classes":[]}],"_links":{"self":[{"href":"https:\/\/fliegerblog.rjs.de\/index.php?rest_route=\/wp\/v2\/posts\/2114","targetHints":{"allow":["GET"]}}],"collection":[{"href":"https:\/\/fliegerblog.rjs.de\/index.php?rest_route=\/wp\/v2\/posts"}],"about":[{"href":"https:\/\/fliegerblog.rjs.de\/index.php?rest_route=\/wp\/v2\/types\/post"}],"author":[{"embeddable":true,"href":"https:\/\/fliegerblog.rjs.de\/index.php?rest_route=\/wp\/v2\/users\/1"}],"replies":[{"embeddable":true,"href":"https:\/\/fliegerblog.rjs.de\/index.php?rest_route=%2Fwp%2Fv2%2Fcomments&post=2114"}],"version-history":[{"count":1,"href":"https:\/\/fliegerblog.rjs.de\/index.php?rest_route=\/wp\/v2\/posts\/2114\/revisions"}],"predecessor-version":[{"id":2115,"href":"https:\/\/fliegerblog.rjs.de\/index.php?rest_route=\/wp\/v2\/posts\/2114\/revisions\/2115"}],"wp:attachment":[{"href":"https:\/\/fliegerblog.rjs.de\/index.php?rest_route=%2Fwp%2Fv2%2Fmedia&parent=2114"}],"wp:term":[{"taxonomy":"category","embeddable":true,"href":"https:\/\/fliegerblog.rjs.de\/index.php?rest_route=%2Fwp%2Fv2%2Fcategories&post=2114"},{"taxonomy":"post_tag","embeddable":true,"href":"https:\/\/fliegerblog.rjs.de\/index.php?rest_route=%2Fwp%2Fv2%2Ftags&post=2114"}],"curies":[{"name":"wp","href":"https:\/\/api.w.org\/{rel}","templated":true}]}}